{"id":16606,"date":"2012-11-27T22:36:11","date_gmt":"2012-11-27T21:36:11","guid":{"rendered":"http:\/\/www.andreas-edler.de\/blog\/?p=16606"},"modified":"2012-11-27T22:36:11","modified_gmt":"2012-11-27T21:36:11","slug":"fahrradstrasse-ist-eingerichtet","status":"publish","type":"post","link":"https:\/\/www.andreas-edler.de\/blog\/2012\/11\/fahrradstrasse-ist-eingerichtet\/","title":{"rendered":"Fahrradstra\u00dfe ist eingerichtet!"},"content":{"rendered":"<p>Habe ich neulich schon mal gesehen, hatte aber keine Kamera dabei. Und inzwischen ist es so, dass ich bei Dunkelheit ins B\u00fcro radel und es zum Feierabend auch schon mehr oder weniger dunkel ist. Darum habe ich hier auch nur ein Mondlichtfoto: <\/p>\n<p style=\"text-align:center;font-size: smaller;\"><img decoding=\"async\" src=\"http:\/\/www.andreas-edler.de\/grafik\/blog_2012\/20121127_fahrradstrasse.jpg\" width=\"470\" border=\"0\" alt=\"\" title=\"\"><\/p>\n<p> <!--more--> Die Bachstra\u00dfe von der Einm\u00fcndung Westerfeld- bis zur Weserstra\u00dfe, die H\u00fcffer Stra\u00dfe und die Bl\u00fccherstra\u00dfe bilden nun fast vom Ortskern Oberbecksen bis zum Schulzentrum S\u00fcd eine durchg\u00e4ngige Stra\u00dfe f\u00fcr Fahrr\u00e4der. Hat lange genug gedauert, aber nun isse da! Der Zeitpunkt ist nicht ganz optimal, weil ja gerade nicht unbedingt die Hauptfahrradzeit ist, vielleicht gew\u00f6hnen sich die Verkehrsteilnehmer dann aber bis zum n\u00e4chsten Fr\u00fchling daran. Einziger Kritikpunkt sind die viel zu kleinen Schilder, die zudem auch noch auf den Gehwegen stehen und so von den Autofahreren garantiert nicht als f\u00fcr sie geltend erkannt werden. Wir werden sehen &#8230; Ich hatte eben jedenfalls im Familienkreis eine Diskussion, die mich wieder sehr desillusioniert hat, was die Kenntnise von Joe Sixpack bez\u00fcglich der Stra\u00dfenverkehrsordnung angeht.<\/p>\n<p>Ich reiche Ende der Woche noch ein paar &#8222;hellere&#8220; Bilder nach. <\/p>\n","protected":false},"excerpt":{"rendered":"<p>Habe ich neulich schon mal gesehen, hatte aber keine Kamera dabei. Und inzwischen ist es so, dass ich bei Dunkelheit ins B\u00fcro radel und es zum Feierabend auch schon mehr oder weniger dunkel ist. Darum habe ich hier auch nur &hellip;<\/p>\n<p class=\"read-more\"> <a class=\"more-link\" href=\"https:\/\/www.andreas-edler.de\/blog\/2012\/11\/fahrradstrasse-ist-eingerichtet\/\"> <span class=\"screen-reader-text\">Fahrradstra\u00dfe ist eingerichtet!<\/span> Weiterlesen &raquo;<\/a><\/p>\n","protected":false},"author":1,"featured_media":0,"comment_status":"open","ping_status":"open","sticky":false,"template":"","format":"standard","meta":{"ngg_post_thumbnail":0,"activitypub_content_warning":"","activitypub_content_visibility":"","activitypub_max_image_attachments":2,"activitypub_interaction_policy_quote":"anyone","activitypub_status":"","footnotes":""},"categories":[14,15,13],"tags":[71],"class_list":["post-16606","post","type-post","status-publish","format-standard","hentry","category-bad-oeynhausen","category-fahrrad","category-verkehr","tag-regeln"],"share_on_mastodon":{"url":"","error":""},"_links":{"self":[{"href":"https:\/\/www.andreas-edler.de\/blog\/wp-json\/wp\/v2\/posts\/16606","targetHints":{"allow":["GET"]}}],"collection":[{"href":"https:\/\/www.andreas-edler.de\/blog\/wp-json\/wp\/v2\/posts"}],"about":[{"href":"https:\/\/www.andreas-edler.de\/blog\/wp-json\/wp\/v2\/types\/post"}],"author":[{"embeddable":true,"href":"https:\/\/www.andreas-edler.de\/blog\/wp-json\/wp\/v2\/users\/1"}],"replies":[{"embeddable":true,"href":"https:\/\/www.andreas-edler.de\/blog\/wp-json\/wp\/v2\/comments?post=16606"}],"version-history":[{"count":0,"href":"https:\/\/www.andreas-edler.de\/blog\/wp-json\/wp\/v2\/posts\/16606\/revisions"}],"wp:attachment":[{"href":"https:\/\/www.andreas-edler.de\/blog\/wp-json\/wp\/v2\/media?parent=16606"}],"wp:term":[{"taxonomy":"category","embeddable":true,"href":"https:\/\/www.andreas-edler.de\/blog\/wp-json\/wp\/v2\/categories?post=16606"},{"taxonomy":"post_tag","embeddable":true,"href":"https:\/\/www.andreas-edler.de\/blog\/wp-json\/wp\/v2\/tags?post=16606"}],"curies":[{"name":"wp","href":"https:\/\/api.w.org\/{rel}","templated":true}]}}