{"id":166040,"date":"2019-12-08T11:59:52","date_gmt":"2019-12-08T10:59:52","guid":{"rendered":"https:\/\/www.andreas-edler.de\/blog\/?p=166040"},"modified":"2019-12-08T11:59:52","modified_gmt":"2019-12-08T10:59:52","slug":"parkhaus-fuer-den-koenigshof-am-kurpark","status":"publish","type":"post","link":"https:\/\/www.andreas-edler.de\/blog\/2019\/12\/parkhaus-fuer-den-koenigshof-am-kurpark\/","title":{"rendered":"Parkhaus f\u00fcr den K\u00f6nigshof am Kurpark"},"content":{"rendered":"<p><figure id=\"attachment_166042\" aria-describedby=\"caption-attachment-166042\" style=\"width: 250px\" class=\"wp-caption alignright\"><a href=\"https:\/\/www.andreas-edler.de\/blog\/wp-content\/uploads\/2019\/12\/2019-11-05-13.21.00-1.jpg\"><img loading=\"lazy\" decoding=\"async\" src=\"https:\/\/www.andreas-edler.de\/blog\/wp-content\/uploads\/2019\/12\/2019-11-05-13.21.00-1-250x187.jpg\" alt=\"\" width=\"250\" height=\"187\" class=\"size-medium wp-image-166042\" srcset=\"https:\/\/www.andreas-edler.de\/blog\/wp-content\/uploads\/2019\/12\/2019-11-05-13.21.00-1-250x187.jpg 250w, https:\/\/www.andreas-edler.de\/blog\/wp-content\/uploads\/2019\/12\/2019-11-05-13.21.00-1-470x351.jpg 470w, https:\/\/www.andreas-edler.de\/blog\/wp-content\/uploads\/2019\/12\/2019-11-05-13.21.00-1-768x574.jpg 768w, https:\/\/www.andreas-edler.de\/blog\/wp-content\/uploads\/2019\/12\/2019-11-05-13.21.00-1-100x75.jpg 100w, https:\/\/www.andreas-edler.de\/blog\/wp-content\/uploads\/2019\/12\/2019-11-05-13.21.00-1-150x112.jpg 150w, https:\/\/www.andreas-edler.de\/blog\/wp-content\/uploads\/2019\/12\/2019-11-05-13.21.00-1-200x150.jpg 200w, https:\/\/www.andreas-edler.de\/blog\/wp-content\/uploads\/2019\/12\/2019-11-05-13.21.00-1-300x224.jpg 300w, https:\/\/www.andreas-edler.de\/blog\/wp-content\/uploads\/2019\/12\/2019-11-05-13.21.00-1-450x336.jpg 450w, https:\/\/www.andreas-edler.de\/blog\/wp-content\/uploads\/2019\/12\/2019-11-05-13.21.00-1-600x449.jpg 600w, https:\/\/www.andreas-edler.de\/blog\/wp-content\/uploads\/2019\/12\/2019-11-05-13.21.00-1-900x673.jpg 900w, https:\/\/www.andreas-edler.de\/blog\/wp-content\/uploads\/2019\/12\/2019-11-05-13.21.00-1.jpg 1280w\" sizes=\"auto, (max-width: 250px) 100vw, 250px\" \/><\/a><figcaption id=\"caption-attachment-166042\" class=\"wp-caption-text\">Das Hotel K\u00f6nigshof am Kurpark<\/figcaption><\/figure> Ich erinnere an meinen Beitrag von vor ein paar Monaten: <a href=\"https:\/\/www.andreas-edler.de\/blog\/2019\/01\/mehrgeschossiges-parkhaus-im-kurpark\/\">Mehrgeschossiges Parkhaus im Kurpark<\/a><br \/>\n<cite><b><a href=\"https:\/\/www.nw.de\/lokal\/kreis_minden_luebbecke\/bad_oeynhausen\/22633092_Pizzeria-im-Koenigshof-endgueltig-geschlossen.html\">Pizzeria im K\u00f6nigshof schlie\u00dft endg\u00fcltig<\/a><\/b><br \/>\n&#8230; Hotel-Eigent\u00fcmer &#8230; hofft, dass er im Fr\u00fchjahr ein neues gastronomisches Angebot machen kann. F\u00fcr das Parkdeck gibt es weiter kein fertiges Konzept.<\/cite> <!--more--><\/p>\n<p>Der in meinem Beitrag im Januar erw\u00e4hnte Spielplatz ist gut angekommen bei der Zielgruppe. Selbst Anfang November war dort noch Betrieb. Und als ich in den Beratungen gesagt habe, dass dann doch Eltern in den anliegenden Caf\u00e9s sitzen, w\u00e4hrend die Kinder dort spielen, wurde ich noch ganz verst\u00e4ndnislos angeschaut. Im November sah ich sogar Eltern, die sich ihren Kaffee aus dem Verkehrshaus auf einem Tablett mit zum Spielplatz nahmen. Eigentlich ist das genau die Nutzung, die ich mir f\u00fcr so eine Ecke vorstelle.<br \/>\n<figure id=\"attachment_166044\" aria-describedby=\"caption-attachment-166044\" style=\"width: 470px\" class=\"wp-caption aligncenter\"><a href=\"https:\/\/www.andreas-edler.de\/blog\/wp-content\/uploads\/2019\/12\/2019-06-10-15.50.47.jpg\"><img loading=\"lazy\" decoding=\"async\" src=\"https:\/\/www.andreas-edler.de\/blog\/wp-content\/uploads\/2019\/12\/2019-06-10-15.50.47-470x228.jpg\" alt=\"\" width=\"470\" height=\"228\" class=\"size-large wp-image-166044\" srcset=\"https:\/\/www.andreas-edler.de\/blog\/wp-content\/uploads\/2019\/12\/2019-06-10-15.50.47-470x228.jpg 470w, https:\/\/www.andreas-edler.de\/blog\/wp-content\/uploads\/2019\/12\/2019-06-10-15.50.47-250x122.jpg 250w, https:\/\/www.andreas-edler.de\/blog\/wp-content\/uploads\/2019\/12\/2019-06-10-15.50.47-768x373.jpg 768w, https:\/\/www.andreas-edler.de\/blog\/wp-content\/uploads\/2019\/12\/2019-06-10-15.50.47-100x49.jpg 100w, https:\/\/www.andreas-edler.de\/blog\/wp-content\/uploads\/2019\/12\/2019-06-10-15.50.47-150x73.jpg 150w, https:\/\/www.andreas-edler.de\/blog\/wp-content\/uploads\/2019\/12\/2019-06-10-15.50.47-200x97.jpg 200w, https:\/\/www.andreas-edler.de\/blog\/wp-content\/uploads\/2019\/12\/2019-06-10-15.50.47-300x146.jpg 300w, https:\/\/www.andreas-edler.de\/blog\/wp-content\/uploads\/2019\/12\/2019-06-10-15.50.47-450x219.jpg 450w, https:\/\/www.andreas-edler.de\/blog\/wp-content\/uploads\/2019\/12\/2019-06-10-15.50.47-600x292.jpg 600w, https:\/\/www.andreas-edler.de\/blog\/wp-content\/uploads\/2019\/12\/2019-06-10-15.50.47-900x438.jpg 900w, https:\/\/www.andreas-edler.de\/blog\/wp-content\/uploads\/2019\/12\/2019-06-10-15.50.47.jpg 1193w\" sizes=\"auto, (max-width: 470px) 100vw, 470px\" \/><\/a><figcaption id=\"caption-attachment-166044\" class=\"wp-caption-text\">Stra\u00dfe &#8222;Am Kurpark&#8220; ist zugeparkt, sobald sch\u00f6nes Wetter oder eine Veranstaltung ist.<\/figcaption><\/figure> Ich bef\u00fcrchte, dass ein riesiges Parkhaus an der Stelle bei der Zielgruppe auch gut ankommen w\u00fcrde. Es ist ja jetzt schon viel zu viel Parksuchverkehr auf der Stra\u00dfe Am Kurpark. Die Verwaltung sanktioniert die im absoluten Halteverbot abgestellten KFZ nicht. Kein Interesse &#8211; weil Sicherheit und Ordnung geht vor. Daher fahren dort gef\u00fchlt immer mehr Autos rein. Was w\u00e4re auf der Stra\u00dfe wohl los, wenn ein gro\u00dfes, f\u00fcr den allgemeinen Verkehr freigegebenes, Parkhaus auf Nutzer warten w\u00fcrde? Ich gehe davon aus, dass dem Eiegent\u00fcmer des K\u00f6nishof genau diese Tatsache bewusst ist und er dort ein Parkhaus betreiben m\u00f6chte &#8211; weniger ein so gro\u00dfes Hotel. Dazu passt das, was bisher verlautbart wurde in Verbindung mit dem, was bisher passiert ist.<\/p>\n<p>An eine Kontaktaufnahme mit der Politik, um andere Pl\u00e4ne vorzustellen, kann ich mich jedenfalls nicht erinnern. Und es wird in der Politik regelm\u00e4\u00dfig nach dem aktuellen Stand gefragt. Leider ohne dass etwas substanzielles geantwortet werden k\u00f6nnte. So wirkt es auf mich einfach nur wie &#8222;Wenn ihr mir kein Parkhaus erlaubt, lasse ich den Bau vergammeln.&#8220;. So ein Verhalten mag jeder nennen wie er mag. Ich werde jedenfalls immer noch nicht f\u00fcr ein so gro\u00dfes Parkhaus votieren. Wir haben genug Parkpl\u00e4tze &#8211; auch f\u00fcr die widerrechtlich abgestellten KFZ am Kurpark. Den Parksuchverkehr w\u00fcrde ich lieber noch weiter eind\u00e4mmen, statt ihn zu forcieren!<\/p>\n","protected":false},"excerpt":{"rendered":"<p>Ich erinnere an meinen Beitrag von vor ein paar Monaten: Mehrgeschossiges Parkhaus im Kurpark Pizzeria im K\u00f6nigshof schlie\u00dft endg\u00fcltig &#8230; Hotel-Eigent\u00fcmer &#8230; hofft, dass er im Fr\u00fchjahr ein neues gastronomisches Angebot machen kann. F\u00fcr das Parkdeck gibt es weiter kein &hellip;<\/p>\n<p class=\"read-more\"> <a class=\"more-link\" href=\"https:\/\/www.andreas-edler.de\/blog\/2019\/12\/parkhaus-fuer-den-koenigshof-am-kurpark\/\"> <span class=\"screen-reader-text\">Parkhaus f\u00fcr den K\u00f6nigshof am Kurpark<\/span> Weiterlesen &raquo;<\/a><\/p>\n","protected":false},"author":1,"featured_media":0,"comment_status":"open","ping_status":"open","sticky":false,"template":"","format":"standard","meta":{"ngg_post_thumbnail":0,"activitypub_content_warning":"","activitypub_content_visibility":"","activitypub_max_image_attachments":2,"activitypub_interaction_policy_quote":"anyone","activitypub_status":"","footnotes":""},"categories":[14,18,45],"tags":[392,237,37,459,121,66,436,214,71,77,19,72],"class_list":["post-166040","post","type-post","status-publish","format-standard","hentry","category-bad-oeynhausen","category-fraglich","category-politik","tag-am-kurpark","tag-ausschuss-fuer-stadtentwicklung","tag-auto","tag-hotel-koenigshof","tag-kurpark","tag-mecker","tag-parkdruck","tag-parken","tag-regeln","tag-stadtrat","tag-tagesgeschehen","tag-verwaltung"],"share_on_mastodon":{"url":"","error":""},"_links":{"self":[{"href":"https:\/\/www.andreas-edler.de\/blog\/wp-json\/wp\/v2\/posts\/166040","targetHints":{"allow":["GET"]}}],"collection":[{"href":"https:\/\/www.andreas-edler.de\/blog\/wp-json\/wp\/v2\/posts"}],"about":[{"href":"https:\/\/www.andreas-edler.de\/blog\/wp-json\/wp\/v2\/types\/post"}],"author":[{"embeddable":true,"href":"https:\/\/www.andreas-edler.de\/blog\/wp-json\/wp\/v2\/users\/1"}],"replies":[{"embeddable":true,"href":"https:\/\/www.andreas-edler.de\/blog\/wp-json\/wp\/v2\/comments?post=166040"}],"version-history":[{"count":0,"href":"https:\/\/www.andreas-edler.de\/blog\/wp-json\/wp\/v2\/posts\/166040\/revisions"}],"wp:attachment":[{"href":"https:\/\/www.andreas-edler.de\/blog\/wp-json\/wp\/v2\/media?parent=166040"}],"wp:term":[{"taxonomy":"category","embeddable":true,"href":"https:\/\/www.andreas-edler.de\/blog\/wp-json\/wp\/v2\/categories?post=166040"},{"taxonomy":"post_tag","embeddable":true,"href":"https:\/\/www.andreas-edler.de\/blog\/wp-json\/wp\/v2\/tags?post=166040"}],"curies":[{"name":"wp","href":"https:\/\/api.w.org\/{rel}","templated":true}]}}