{"id":165994,"date":"2019-11-24T13:10:57","date_gmt":"2019-11-24T12:10:57","guid":{"rendered":"https:\/\/www.andreas-edler.de\/blog\/?p=165994"},"modified":"2019-11-24T13:10:57","modified_gmt":"2019-11-24T12:10:57","slug":"radschnellweg-owl-rs3-aktueller-planungsstand","status":"publish","type":"post","link":"https:\/\/www.andreas-edler.de\/blog\/2019\/11\/radschnellweg-owl-rs3-aktueller-planungsstand\/","title":{"rendered":"Radschnellweg OWL #RS3 &#8211; aktueller Planungsstand"},"content":{"rendered":"<p><figure id=\"attachment_165995\" aria-describedby=\"caption-attachment-165995\" style=\"width: 250px\" class=\"wp-caption alignright\"><a href=\"https:\/\/www.andreas-edler.de\/blog\/wp-content\/uploads\/2019\/11\/20191031-RS3-Kanalstrasse-Mindener-Strasse.png\"><img loading=\"lazy\" decoding=\"async\" src=\"https:\/\/www.andreas-edler.de\/blog\/wp-content\/uploads\/2019\/11\/20191031-RS3-Kanalstrasse-Mindener-Strasse-250x165.png\" alt=\"\" width=\"250\" height=\"165\" class=\"size-medium wp-image-165995\" srcset=\"https:\/\/www.andreas-edler.de\/blog\/wp-content\/uploads\/2019\/11\/20191031-RS3-Kanalstrasse-Mindener-Strasse-250x165.png 250w, https:\/\/www.andreas-edler.de\/blog\/wp-content\/uploads\/2019\/11\/20191031-RS3-Kanalstrasse-Mindener-Strasse-470x311.png 470w, https:\/\/www.andreas-edler.de\/blog\/wp-content\/uploads\/2019\/11\/20191031-RS3-Kanalstrasse-Mindener-Strasse-768x508.png 768w, https:\/\/www.andreas-edler.de\/blog\/wp-content\/uploads\/2019\/11\/20191031-RS3-Kanalstrasse-Mindener-Strasse-100x66.png 100w, https:\/\/www.andreas-edler.de\/blog\/wp-content\/uploads\/2019\/11\/20191031-RS3-Kanalstrasse-Mindener-Strasse-150x99.png 150w, https:\/\/www.andreas-edler.de\/blog\/wp-content\/uploads\/2019\/11\/20191031-RS3-Kanalstrasse-Mindener-Strasse-200x132.png 200w, https:\/\/www.andreas-edler.de\/blog\/wp-content\/uploads\/2019\/11\/20191031-RS3-Kanalstrasse-Mindener-Strasse-300x198.png 300w, https:\/\/www.andreas-edler.de\/blog\/wp-content\/uploads\/2019\/11\/20191031-RS3-Kanalstrasse-Mindener-Strasse-450x297.png 450w, https:\/\/www.andreas-edler.de\/blog\/wp-content\/uploads\/2019\/11\/20191031-RS3-Kanalstrasse-Mindener-Strasse-600x397.png 600w, https:\/\/www.andreas-edler.de\/blog\/wp-content\/uploads\/2019\/11\/20191031-RS3-Kanalstrasse-Mindener-Strasse.png 882w\" sizes=\"auto, (max-width: 250px) 100vw, 250px\" \/><\/a><figcaption id=\"caption-attachment-165995\" class=\"wp-caption-text\">Der \u00dcbergang der Kanalstra\u00dfe in die Mindener Stra\u00dfe<\/figcaption><\/figure> Im <a href=\"http:\/\/www.sitzungsdienst-bad-oeynhausen.de\/bi\/vo020.asp?VOLFDNR=10057\" rel=\"noopener noreferrer\" target=\"_blank\">Ausschuss f\u00fcr Stadtentwicklung am 31.10.2019<\/a> wurden die <a href=\"https:\/\/www.andreas-edler.de\/blog\/2019\/11\/rueckbau-der-mindener-strasse-dringend-notwendig\/\">Zahlen der Verkehrsz\u00e4hlung auf der Mindener- und Kanalstra\u00dfe<\/a> vorgestellt. In der Pr\u00e4sentation (die leider immer noch nicht im \u00f6ffentlichen Teil des Ratsinfosystems zu finden ist) war auch ein kleiner Teil f\u00fcr den aktuellen Planungsstand des Radschnellweg OWL <a rel=\"tag\" class=\"hashtag u-tag u-category\" href=\"https:\/\/www.andreas-edler.de\/blog\/tag\/rs3\/\">#RS3<\/a> reserviert. <!--more--><\/p>\n<p>Nachdem Stra\u00dfen.NRW vor Monaten festgestellt hat, dass wenn der Verkehr auf der Mindener Stra\u00dfe abnimmt, wohl auch eine Abnahme auf der Kanalstra\u00dfe zu erwarten ist, wird die Planung f\u00fcr die RS3-Trasse auch auf die Kanalstra\u00dfe ausgeweitet. Dazu gab es ein paar kleine Schaubilder. In den ersten \u00dcberlegungen, war f\u00fcr die gesamte Trasse auf Bad Oeynhausener Gebiet eine einseitige F\u00fchrung des Radschnellweg geplant. Davon ist man aber recht schnell abgekommen und nun soll auf beiden Seiten der Mindener Stra\u00dfe eine Radspur entstehen. Das ist auch sehr sinnvoll und  gut so. Leider sieht es Stra\u00dfen.NRW f\u00fcr den Teil der Kanalstra\u00dfe anders und m\u00f6chte den Radschnellweg nur auf der n\u00f6rdlichen Seite anlegen. Dies sei den vielen Einfahrten von Autoh\u00e4usern, Tankstellen und Wohngeb\u00e4uden in diesem Bereich geschuldet. Nun, die Mindener Stra\u00dfe ist sicher noch dichter bebaut und dort ist es offensichtlich m\u00f6glich, eine F\u00fchrung auf beiden Seiten zu erreichen.<\/p>\n<p>Am \u00dcbergang von Kanal- in Mindener Stra\u00dfe muss man also nun die Seiten wechseln. Das ist &#8211; mit Verlaub &#8211; Mist! Hier wird der Radverkehr auf einem <b>Schnellweg<\/b> ausgebremst, da eine Ampelphase abgewartet werden muss, die zudem noch v\u00f6llig unabh\u00e4ngig vom KFZ-Verkehr geschaltet sein muss, weil es sonst zu Konflikten mit dem kreuzenden PKW- und LKW-Verkehr kommt. Wieviele der Radfahrenden in \u00f6stlicher Richtung sich dann die M\u00fche der Querung machen oder auf dem breiten Radschnellweg einfach als Geisterfahrer weiter geradeaus fahren, kann ich noch nicht absehen. Aber die Politik und Verwaltungen haben die Radfahrenden in den vergangenen Jahrzehnten durch benutzungspflichtige Zweirichtungsradwege zu so einem Verhalten erzogen. Wird schwierig werden, das wieder raus zu bekommen. Ich war wirklich schwer entt\u00e4uscht, als uns SHP-Ingenieure das vorstellte. Zudem ist abbiegen vom Radschnellweg augenscheinlich \u00fcberall nur indirekt angedacht.<br \/>\n<figure id=\"attachment_165997\" aria-describedby=\"caption-attachment-165997\" style=\"width: 470px\" class=\"wp-caption aligncenter\"><a href=\"https:\/\/www.andreas-edler.de\/blog\/wp-content\/uploads\/2019\/11\/20191031-RS3-Mindenerstrasse-Steinstrasse-Eidinghausener-Strasse.png\"><img loading=\"lazy\" decoding=\"async\" src=\"https:\/\/www.andreas-edler.de\/blog\/wp-content\/uploads\/2019\/11\/20191031-RS3-Mindenerstrasse-Steinstrasse-Eidinghausener-Strasse-470x332.png\" alt=\"\" width=\"470\" height=\"332\" class=\"size-large wp-image-165997\" srcset=\"https:\/\/www.andreas-edler.de\/blog\/wp-content\/uploads\/2019\/11\/20191031-RS3-Mindenerstrasse-Steinstrasse-Eidinghausener-Strasse-470x332.png 470w, https:\/\/www.andreas-edler.de\/blog\/wp-content\/uploads\/2019\/11\/20191031-RS3-Mindenerstrasse-Steinstrasse-Eidinghausener-Strasse-250x176.png 250w, https:\/\/www.andreas-edler.de\/blog\/wp-content\/uploads\/2019\/11\/20191031-RS3-Mindenerstrasse-Steinstrasse-Eidinghausener-Strasse-100x71.png 100w, https:\/\/www.andreas-edler.de\/blog\/wp-content\/uploads\/2019\/11\/20191031-RS3-Mindenerstrasse-Steinstrasse-Eidinghausener-Strasse-150x106.png 150w, https:\/\/www.andreas-edler.de\/blog\/wp-content\/uploads\/2019\/11\/20191031-RS3-Mindenerstrasse-Steinstrasse-Eidinghausener-Strasse-200x141.png 200w, https:\/\/www.andreas-edler.de\/blog\/wp-content\/uploads\/2019\/11\/20191031-RS3-Mindenerstrasse-Steinstrasse-Eidinghausener-Strasse-300x212.png 300w, https:\/\/www.andreas-edler.de\/blog\/wp-content\/uploads\/2019\/11\/20191031-RS3-Mindenerstrasse-Steinstrasse-Eidinghausener-Strasse-450x317.png 450w, https:\/\/www.andreas-edler.de\/blog\/wp-content\/uploads\/2019\/11\/20191031-RS3-Mindenerstrasse-Steinstrasse-Eidinghausener-Strasse-600x423.png 600w, https:\/\/www.andreas-edler.de\/blog\/wp-content\/uploads\/2019\/11\/20191031-RS3-Mindenerstrasse-Steinstrasse-Eidinghausener-Strasse.png 740w\" sizes=\"auto, (max-width: 470px) 100vw, 470px\" \/><\/a><figcaption id=\"caption-attachment-165997\" class=\"wp-caption-text\">nur indirektes Linksabbiegen &#8211; Kreuzung Mindener- Eidinghausener- und Steinstra\u00dfe<\/figcaption><\/figure> Eine Einf\u00e4delung auf die vorhandenen Linksabbiegespuren f\u00fcr den motorisierten Verkehr inkl. erweiterter Aufstellfl\u00e4chen vor den Motorfahrzeugen ist nicht vorgesehen. An der gro\u00dfen &#8222;Stahls-Kreuzung&#8220; ben\u00f6tigt man also zwei Ampelphasen, um links abzubiegen. Ja, das ist im Moment auch so. Auch <b>ja<\/b>, wir planen einen Radschnellweg, der eigentlich den Verkehr f\u00fcr Radfahrende beschleunigen soll. Meinen diesbez\u00fcglichen Hinweis im Ausschuss beantwortete der Vortragenden tats\u00e4chlich mit &#8222;Alles andere w\u00fcrde aber den motorisierten Verkehr ausbremsen!&#8220;. Ach? Wirklich? Na und? Leider hatte ich den Eindruck, dass nicht alle Anwesenden wussten, was ich mit &#8222;indirektem Abbiegen&#8220; meinte. So finden sich meine Hinweise zur einseitigen F\u00fchrung und zum Abbiegen denn auch nicht in der Lokalpresse.<br \/>\n<figure id=\"attachment_166001\" aria-describedby=\"caption-attachment-166001\" style=\"width: 470px\" class=\"wp-caption aligncenter\"><a href=\"https:\/\/www.andreas-edler.de\/blog\/wp-content\/uploads\/2019\/11\/20191031-RS3-Mindenerstrasse-Alter-Rehmer-Weg.png\"><img loading=\"lazy\" decoding=\"async\" src=\"https:\/\/www.andreas-edler.de\/blog\/wp-content\/uploads\/2019\/11\/20191031-RS3-Mindenerstrasse-Alter-Rehmer-Weg-470x268.png\" alt=\"\" width=\"470\" height=\"268\" class=\"size-large wp-image-166001\" srcset=\"https:\/\/www.andreas-edler.de\/blog\/wp-content\/uploads\/2019\/11\/20191031-RS3-Mindenerstrasse-Alter-Rehmer-Weg-470x268.png 470w, https:\/\/www.andreas-edler.de\/blog\/wp-content\/uploads\/2019\/11\/20191031-RS3-Mindenerstrasse-Alter-Rehmer-Weg-250x143.png 250w, https:\/\/www.andreas-edler.de\/blog\/wp-content\/uploads\/2019\/11\/20191031-RS3-Mindenerstrasse-Alter-Rehmer-Weg-768x439.png 768w, https:\/\/www.andreas-edler.de\/blog\/wp-content\/uploads\/2019\/11\/20191031-RS3-Mindenerstrasse-Alter-Rehmer-Weg-100x57.png 100w, https:\/\/www.andreas-edler.de\/blog\/wp-content\/uploads\/2019\/11\/20191031-RS3-Mindenerstrasse-Alter-Rehmer-Weg-150x86.png 150w, https:\/\/www.andreas-edler.de\/blog\/wp-content\/uploads\/2019\/11\/20191031-RS3-Mindenerstrasse-Alter-Rehmer-Weg-200x114.png 200w, https:\/\/www.andreas-edler.de\/blog\/wp-content\/uploads\/2019\/11\/20191031-RS3-Mindenerstrasse-Alter-Rehmer-Weg-300x171.png 300w, https:\/\/www.andreas-edler.de\/blog\/wp-content\/uploads\/2019\/11\/20191031-RS3-Mindenerstrasse-Alter-Rehmer-Weg-450x257.png 450w, https:\/\/www.andreas-edler.de\/blog\/wp-content\/uploads\/2019\/11\/20191031-RS3-Mindenerstrasse-Alter-Rehmer-Weg-600x343.png 600w, https:\/\/www.andreas-edler.de\/blog\/wp-content\/uploads\/2019\/11\/20191031-RS3-Mindenerstrasse-Alter-Rehmer-Weg.png 877w\" sizes=\"auto, (max-width: 470px) 100vw, 470px\" \/><\/a><figcaption id=\"caption-attachment-166001\" class=\"wp-caption-text\">Stra\u00dfenquerung am Alten Rehmer Weg<\/figcaption><\/figure> Auch am \u00f6stlichen Ende der Mindener Stra\u00dfe muss man als Fahrrad Fahrender wieder die Stra\u00dfe queren, da ab hier die beiden Schnellwegfahrstreifen wieder zusammen gef\u00fchrt und Richtung Werre geleitet werden. Auch diese Querung erfolgt indirekt und damit in zwei Z\u00fcgen. Von <b>Schnellweg<\/b> sp\u00fcre ich hier ganz, ganz wenig. Und das alles mit der \u00f6ffentlichen Begr\u00fcndung, man w\u00fcrde sonst den motorisierten Verkehr ausbremsen.<\/p>\n<p>Ich bin entt\u00e4uscht, Stra\u00dfen.NRW und SHP-Ingenieure &#8230; das ist billige Autofahrer-Planung.<\/p>\n","protected":false},"excerpt":{"rendered":"<p>Im Ausschuss f\u00fcr Stadtentwicklung am 31.10.2019 wurden die Zahlen der Verkehrsz\u00e4hlung auf der Mindener- und Kanalstra\u00dfe vorgestellt. In der Pr\u00e4sentation (die leider immer noch nicht im \u00f6ffentlichen Teil des Ratsinfosystems zu finden ist) war auch ein kleiner Teil f\u00fcr den &hellip;<\/p>\n<p class=\"read-more\"> <a class=\"more-link\" href=\"https:\/\/www.andreas-edler.de\/blog\/2019\/11\/radschnellweg-owl-rs3-aktueller-planungsstand\/\"> <span class=\"screen-reader-text\">Radschnellweg OWL #RS3 &#8211; aktueller Planungsstand<\/span> Weiterlesen &raquo;<\/a><\/p>\n","protected":false},"author":1,"featured_media":0,"comment_status":"open","ping_status":"open","sticky":false,"template":"","format":"standard","meta":{"ngg_post_thumbnail":0,"activitypub_content_warning":"","activitypub_content_visibility":"","activitypub_max_image_attachments":2,"activitypub_interaction_policy_quote":"anyone","activitypub_status":"","footnotes":""},"categories":[14,15,13],"tags":[109,237,262,110,352,456,168,270,206,304,341,72],"class_list":["post-165994","post","type-post","status-publish","format-standard","hentry","category-bad-oeynhausen","category-fahrrad","category-verkehr","tag-adfc","tag-ausschuss-fuer-stadtentwicklung","tag-eidinghausener-strasse","tag-fahrradfreundliche-stadt","tag-gruene","tag-kanalstrasse","tag-klimafreundliche-mobilitaet","tag-mindener-strasse","tag-radschnellweg","tag-rs3","tag-steinstrasse","tag-verwaltung"],"share_on_mastodon":{"url":"","error":""},"_links":{"self":[{"href":"https:\/\/www.andreas-edler.de\/blog\/wp-json\/wp\/v2\/posts\/165994","targetHints":{"allow":["GET"]}}],"collection":[{"href":"https:\/\/www.andreas-edler.de\/blog\/wp-json\/wp\/v2\/posts"}],"about":[{"href":"https:\/\/www.andreas-edler.de\/blog\/wp-json\/wp\/v2\/types\/post"}],"author":[{"embeddable":true,"href":"https:\/\/www.andreas-edler.de\/blog\/wp-json\/wp\/v2\/users\/1"}],"replies":[{"embeddable":true,"href":"https:\/\/www.andreas-edler.de\/blog\/wp-json\/wp\/v2\/comments?post=165994"}],"version-history":[{"count":0,"href":"https:\/\/www.andreas-edler.de\/blog\/wp-json\/wp\/v2\/posts\/165994\/revisions"}],"wp:attachment":[{"href":"https:\/\/www.andreas-edler.de\/blog\/wp-json\/wp\/v2\/media?parent=165994"}],"wp:term":[{"taxonomy":"category","embeddable":true,"href":"https:\/\/www.andreas-edler.de\/blog\/wp-json\/wp\/v2\/categories?post=165994"},{"taxonomy":"post_tag","embeddable":true,"href":"https:\/\/www.andreas-edler.de\/blog\/wp-json\/wp\/v2\/tags?post=165994"}],"curies":[{"name":"wp","href":"https:\/\/api.w.org\/{rel}","templated":true}]}}