{"id":165986,"date":"2019-11-16T20:49:10","date_gmt":"2019-11-16T19:49:10","guid":{"rendered":"https:\/\/www.andreas-edler.de\/blog\/?p=165986"},"modified":"2019-11-16T20:49:10","modified_gmt":"2019-11-16T19:49:10","slug":"tagewerk-4","status":"publish","type":"post","link":"https:\/\/www.andreas-edler.de\/blog\/2019\/11\/tagewerk-4\/","title":{"rendered":"Tagewerk"},"content":{"rendered":"<p><figure id=\"attachment_165987\" aria-describedby=\"caption-attachment-165987\" style=\"width: 250px\" class=\"wp-caption alignright\"><a href=\"https:\/\/www.andreas-edler.de\/blog\/wp-content\/uploads\/2019\/11\/2019-11-16-14.30.53.jpg\"><img loading=\"lazy\" decoding=\"async\" src=\"https:\/\/www.andreas-edler.de\/blog\/wp-content\/uploads\/2019\/11\/2019-11-16-14.30.53-250x137.jpg\" alt=\"\" width=\"250\" height=\"137\" class=\"size-medium wp-image-165987\" srcset=\"https:\/\/www.andreas-edler.de\/blog\/wp-content\/uploads\/2019\/11\/2019-11-16-14.30.53-250x137.jpg 250w, https:\/\/www.andreas-edler.de\/blog\/wp-content\/uploads\/2019\/11\/2019-11-16-14.30.53-470x258.jpg 470w, https:\/\/www.andreas-edler.de\/blog\/wp-content\/uploads\/2019\/11\/2019-11-16-14.30.53-768x422.jpg 768w, https:\/\/www.andreas-edler.de\/blog\/wp-content\/uploads\/2019\/11\/2019-11-16-14.30.53-100x55.jpg 100w, https:\/\/www.andreas-edler.de\/blog\/wp-content\/uploads\/2019\/11\/2019-11-16-14.30.53-150x82.jpg 150w, https:\/\/www.andreas-edler.de\/blog\/wp-content\/uploads\/2019\/11\/2019-11-16-14.30.53-200x110.jpg 200w, https:\/\/www.andreas-edler.de\/blog\/wp-content\/uploads\/2019\/11\/2019-11-16-14.30.53-300x165.jpg 300w, https:\/\/www.andreas-edler.de\/blog\/wp-content\/uploads\/2019\/11\/2019-11-16-14.30.53-450x247.jpg 450w, https:\/\/www.andreas-edler.de\/blog\/wp-content\/uploads\/2019\/11\/2019-11-16-14.30.53-600x330.jpg 600w, https:\/\/www.andreas-edler.de\/blog\/wp-content\/uploads\/2019\/11\/2019-11-16-14.30.53-900x494.jpg 900w, https:\/\/www.andreas-edler.de\/blog\/wp-content\/uploads\/2019\/11\/2019-11-16-14.30.53.jpg 1280w\" sizes=\"auto, (max-width: 250px) 100vw, 250px\" \/><\/a><figcaption id=\"caption-attachment-165987\" class=\"wp-caption-text\">Yeti mit den schmalen Teerschlitzern.<\/figcaption><\/figure> Heute morgen musste ich kurz f\u00fcr die Arbeit im Nachbarort was erledigen. War aber in einer halben Stunde durch. Auf dem R\u00fcckweg ein paar Br\u00f6tchen gekauft und dann lecker gegessen. Danach wartete die Nachbarin, schon seit Tagen. Ich sollte ihr bei ein paar eletronischen Handgriffen helfen. Klar, gerne :-) Und danach waren dann endlich die Autos an der Reihe. Winterreifen im Oktober montieren halte ich in unserer Gegend eher f\u00fcr Bl\u00f6dsinn, aber das Wetter war heute ja gar angenehm. <!--more--> <figure id=\"attachment_165988\" aria-describedby=\"caption-attachment-165988\" style=\"width: 470px\" class=\"wp-caption aligncenter\"><a href=\"https:\/\/www.andreas-edler.de\/blog\/wp-content\/uploads\/2019\/11\/2019-11-16-14.31.10.jpg\"><img loading=\"lazy\" decoding=\"async\" src=\"https:\/\/www.andreas-edler.de\/blog\/wp-content\/uploads\/2019\/11\/2019-11-16-14.31.10-470x220.jpg\" alt=\"\" width=\"470\" height=\"220\" class=\"size-large wp-image-165988\" srcset=\"https:\/\/www.andreas-edler.de\/blog\/wp-content\/uploads\/2019\/11\/2019-11-16-14.31.10-470x220.jpg 470w, https:\/\/www.andreas-edler.de\/blog\/wp-content\/uploads\/2019\/11\/2019-11-16-14.31.10-250x117.jpg 250w, https:\/\/www.andreas-edler.de\/blog\/wp-content\/uploads\/2019\/11\/2019-11-16-14.31.10-768x359.jpg 768w, https:\/\/www.andreas-edler.de\/blog\/wp-content\/uploads\/2019\/11\/2019-11-16-14.31.10-100x47.jpg 100w, https:\/\/www.andreas-edler.de\/blog\/wp-content\/uploads\/2019\/11\/2019-11-16-14.31.10-150x70.jpg 150w, https:\/\/www.andreas-edler.de\/blog\/wp-content\/uploads\/2019\/11\/2019-11-16-14.31.10-200x93.jpg 200w, https:\/\/www.andreas-edler.de\/blog\/wp-content\/uploads\/2019\/11\/2019-11-16-14.31.10-300x140.jpg 300w, https:\/\/www.andreas-edler.de\/blog\/wp-content\/uploads\/2019\/11\/2019-11-16-14.31.10-450x210.jpg 450w, https:\/\/www.andreas-edler.de\/blog\/wp-content\/uploads\/2019\/11\/2019-11-16-14.31.10-600x280.jpg 600w, https:\/\/www.andreas-edler.de\/blog\/wp-content\/uploads\/2019\/11\/2019-11-16-14.31.10-900x420.jpg 900w, https:\/\/www.andreas-edler.de\/blog\/wp-content\/uploads\/2019\/11\/2019-11-16-14.31.10.jpg 1280w\" sizes=\"auto, (max-width: 470px) 100vw, 470px\" \/><\/a><figcaption id=\"caption-attachment-165988\" class=\"wp-caption-text\">Auch der Fiat hat die Winterreifen drauf.<\/figcaption><\/figure> Hat insgesamt keine ganze Stunde gedauert. De Gro\u00dfe hat allerdings geholfen und den Satz Yeti-Reifen aus dem Keller hoch geholt und alle Sommerreifen wieder runter getragen. So schnell klappt das nicht, wenn man zum Reifenh\u00e4ndler f\u00e4hrt. <figure id=\"attachment_165990\" aria-describedby=\"caption-attachment-165990\" style=\"width: 470px\" class=\"wp-caption aligncenter\"><a href=\"https:\/\/www.andreas-edler.de\/blog\/wp-content\/uploads\/2019\/11\/2019-11-16-15.13.48.jpg\"><img loading=\"lazy\" decoding=\"async\" src=\"https:\/\/www.andreas-edler.de\/blog\/wp-content\/uploads\/2019\/11\/2019-11-16-15.13.48-470x236.jpg\" alt=\"\" width=\"470\" height=\"236\" class=\"size-large wp-image-165990\" srcset=\"https:\/\/www.andreas-edler.de\/blog\/wp-content\/uploads\/2019\/11\/2019-11-16-15.13.48-470x236.jpg 470w, https:\/\/www.andreas-edler.de\/blog\/wp-content\/uploads\/2019\/11\/2019-11-16-15.13.48-250x126.jpg 250w, https:\/\/www.andreas-edler.de\/blog\/wp-content\/uploads\/2019\/11\/2019-11-16-15.13.48-768x386.jpg 768w, https:\/\/www.andreas-edler.de\/blog\/wp-content\/uploads\/2019\/11\/2019-11-16-15.13.48-100x50.jpg 100w, https:\/\/www.andreas-edler.de\/blog\/wp-content\/uploads\/2019\/11\/2019-11-16-15.13.48-150x75.jpg 150w, https:\/\/www.andreas-edler.de\/blog\/wp-content\/uploads\/2019\/11\/2019-11-16-15.13.48-200x100.jpg 200w, https:\/\/www.andreas-edler.de\/blog\/wp-content\/uploads\/2019\/11\/2019-11-16-15.13.48-300x151.jpg 300w, https:\/\/www.andreas-edler.de\/blog\/wp-content\/uploads\/2019\/11\/2019-11-16-15.13.48-450x226.jpg 450w, https:\/\/www.andreas-edler.de\/blog\/wp-content\/uploads\/2019\/11\/2019-11-16-15.13.48-600x301.jpg 600w, https:\/\/www.andreas-edler.de\/blog\/wp-content\/uploads\/2019\/11\/2019-11-16-15.13.48-900x452.jpg 900w, https:\/\/www.andreas-edler.de\/blog\/wp-content\/uploads\/2019\/11\/2019-11-16-15.13.48.jpg 1280w\" sizes=\"auto, (max-width: 470px) 100vw, 470px\" \/><\/a><figcaption id=\"caption-attachment-165990\" class=\"wp-caption-text\">Nicht meine Lieblingsarbeit.<\/figcaption><\/figure> Und dann wurde endlich mal der alte Laserdrucker auf den Tisch gestellt, der schon seit Jahren in einer Ecke verstaubt. Lies sich nicht mehr einschalten bzw. bootete in Endlosschleife. Ebenfalls vor Jahren schon habe ich in einem <a href=\"https:\/\/forum.chip.de\/discussion\/1526564\/samsung-scx-4521f-evtl-netzteil-defekt\" rel=\"noopener noreferrer\" target=\"_blank\">Forenthread<\/a> eine m\u00f6gliche L\u00f6sung gefunden und als Bookmark gespeichert. Die notwendigen Kondensatoren hatte ich irgendwann mal bei Amazon mit geordert und heute habe ich dann endlich das Netzteil ausgebaut und ein Bauteil aus- und ein neues wieder eingel\u00f6tet. <figure id=\"attachment_165991\" aria-describedby=\"caption-attachment-165991\" style=\"width: 470px\" class=\"wp-caption aligncenter\"><a href=\"https:\/\/www.andreas-edler.de\/blog\/wp-content\/uploads\/2019\/11\/2019-11-16-15.28.50.jpg\"><img loading=\"lazy\" decoding=\"async\" src=\"https:\/\/www.andreas-edler.de\/blog\/wp-content\/uploads\/2019\/11\/2019-11-16-15.28.50-470x135.jpg\" alt=\"\" width=\"470\" height=\"135\" class=\"size-large wp-image-165991\" srcset=\"https:\/\/www.andreas-edler.de\/blog\/wp-content\/uploads\/2019\/11\/2019-11-16-15.28.50-470x135.jpg 470w, https:\/\/www.andreas-edler.de\/blog\/wp-content\/uploads\/2019\/11\/2019-11-16-15.28.50-250x72.jpg 250w, https:\/\/www.andreas-edler.de\/blog\/wp-content\/uploads\/2019\/11\/2019-11-16-15.28.50-768x220.jpg 768w, https:\/\/www.andreas-edler.de\/blog\/wp-content\/uploads\/2019\/11\/2019-11-16-15.28.50-100x29.jpg 100w, https:\/\/www.andreas-edler.de\/blog\/wp-content\/uploads\/2019\/11\/2019-11-16-15.28.50-150x43.jpg 150w, https:\/\/www.andreas-edler.de\/blog\/wp-content\/uploads\/2019\/11\/2019-11-16-15.28.50-200x57.jpg 200w, https:\/\/www.andreas-edler.de\/blog\/wp-content\/uploads\/2019\/11\/2019-11-16-15.28.50-300x86.jpg 300w, https:\/\/www.andreas-edler.de\/blog\/wp-content\/uploads\/2019\/11\/2019-11-16-15.28.50-450x129.jpg 450w, https:\/\/www.andreas-edler.de\/blog\/wp-content\/uploads\/2019\/11\/2019-11-16-15.28.50-600x172.jpg 600w, https:\/\/www.andreas-edler.de\/blog\/wp-content\/uploads\/2019\/11\/2019-11-16-15.28.50-900x258.jpg 900w, https:\/\/www.andreas-edler.de\/blog\/wp-content\/uploads\/2019\/11\/2019-11-16-15.28.50.jpg 1280w\" sizes=\"auto, (max-width: 470px) 100vw, 470px\" \/><\/a><figcaption id=\"caption-attachment-165991\" class=\"wp-caption-text\">Patient lebt!<\/figcaption><\/figure> \u00dcberraschenderweise hat das auf Anhieb funktioniert. Jedoch ist der Toner arg mitgenommen oder aber auf der Entwicklereinheit festgepappt. Das Druckbild ist jedenfalls erb\u00e4rmlich. Egal ob gedruckt oder kopiert wird. Ein neuer Toner w\u00e4re aber wirtschaftlicher Bl\u00f6dsinn &#8211; zumindest wenn das Ger\u00e4t dann immer noch so mies druckt. Mal sehen was ich damit mache. <\/p>\n<p>Dann wollte ich das alles verbloggen und stellte entsetzt fest, dass alle meine Domains nur noch Fehler 403 anzeigten. Sofort Ticket geschrieben &#8211; war vor ziemlich genau einem Jahr schon mal so. Auch damals habe ich in den Logfiles nichts gefunden und auch sonst keine Auff\u00e4lligkeiten entdecken k\u00f6nnen. Der Provider war auch ratlos. Nun, dann eben die Rechte wieder richtig setzen und alles l\u00e4uft wieder. So einen Schreck brauche ich nicht regelm\u00e4\u00dfig.<\/p>\n<p>Anschlie\u00dfend habe ich noch den <a href=\"https:\/\/Luftdaten.Info\" rel=\"noopener noreferrer\" target=\"_blank\">Luftdaten.Info<\/a>&#8211;<a href=\"https:\/\/www.andreas-edler.de\/blog\/2019\/01\/luftdatensensor-selbst-gebaut\/\" rel=\"noopener noreferrer\" target=\"_blank\">Sensor<\/a> auseinander genommen, weil der Feinstaubsensor nichts mehr mitteilt. Da scheint irgendwo ein Wackelkontakt zu sein. Mit Hei\u00dfkleber war dem Problem nicht beizukommen und ich hatte keine Lust mehr, weil es auch schon dunkel wurde. Entweder neuer SDS011 oder ich lasse es so laufen. <figure id=\"attachment_165992\" aria-describedby=\"caption-attachment-165992\" style=\"width: 470px\" class=\"wp-caption aligncenter\"><a href=\"https:\/\/www.andreas-edler.de\/blog\/wp-content\/uploads\/2019\/11\/2019-11-16-19.16.47.jpg\"><img loading=\"lazy\" decoding=\"async\" src=\"https:\/\/www.andreas-edler.de\/blog\/wp-content\/uploads\/2019\/11\/2019-11-16-19.16.47-470x221.jpg\" alt=\"\" width=\"470\" height=\"221\" class=\"size-large wp-image-165992\" srcset=\"https:\/\/www.andreas-edler.de\/blog\/wp-content\/uploads\/2019\/11\/2019-11-16-19.16.47-470x221.jpg 470w, https:\/\/www.andreas-edler.de\/blog\/wp-content\/uploads\/2019\/11\/2019-11-16-19.16.47-250x118.jpg 250w, https:\/\/www.andreas-edler.de\/blog\/wp-content\/uploads\/2019\/11\/2019-11-16-19.16.47-768x362.jpg 768w, https:\/\/www.andreas-edler.de\/blog\/wp-content\/uploads\/2019\/11\/2019-11-16-19.16.47-100x47.jpg 100w, https:\/\/www.andreas-edler.de\/blog\/wp-content\/uploads\/2019\/11\/2019-11-16-19.16.47-150x71.jpg 150w, https:\/\/www.andreas-edler.de\/blog\/wp-content\/uploads\/2019\/11\/2019-11-16-19.16.47-200x94.jpg 200w, https:\/\/www.andreas-edler.de\/blog\/wp-content\/uploads\/2019\/11\/2019-11-16-19.16.47-300x141.jpg 300w, https:\/\/www.andreas-edler.de\/blog\/wp-content\/uploads\/2019\/11\/2019-11-16-19.16.47-450x212.jpg 450w, https:\/\/www.andreas-edler.de\/blog\/wp-content\/uploads\/2019\/11\/2019-11-16-19.16.47-600x283.jpg 600w, https:\/\/www.andreas-edler.de\/blog\/wp-content\/uploads\/2019\/11\/2019-11-16-19.16.47-900x424.jpg 900w, https:\/\/www.andreas-edler.de\/blog\/wp-content\/uploads\/2019\/11\/2019-11-16-19.16.47.jpg 1280w\" sizes=\"auto, (max-width: 470px) 100vw, 470px\" \/><\/a><figcaption id=\"caption-attachment-165992\" class=\"wp-caption-text\">Bisschen ausruhen &#8230;<\/figcaption><\/figure> Der Rest der Familie rief dann auch schon zum Abendessen. Und danach habe ich mich ein bisschen zum Lesen nach drau\u00dfen ins Zelt gelegt. Mit dem Heizl\u00fcfter kann man es dort super aushalten und es ist richtig gem\u00fctlich. Bl\u00f6d, dass ich so Kopfschmerzen habe. Irgendwas ist ja immer.<\/p>\n","protected":false},"excerpt":{"rendered":"<p>Heute morgen musste ich kurz f\u00fcr die Arbeit im Nachbarort was erledigen. War aber in einer halben Stunde durch. Auf dem R\u00fcckweg ein paar Br\u00f6tchen gekauft und dann lecker gegessen. Danach wartete die Nachbarin, schon seit Tagen. Ich sollte ihr &hellip;<\/p>\n<p class=\"read-more\"> <a class=\"more-link\" href=\"https:\/\/www.andreas-edler.de\/blog\/2019\/11\/tagewerk-4\/\"> <span class=\"screen-reader-text\">Tagewerk<\/span> Weiterlesen &raquo;<\/a><\/p>\n","protected":false},"author":1,"featured_media":0,"comment_status":"open","ping_status":"open","sticky":false,"template":"","format":"standard","meta":{"ngg_post_thumbnail":0,"activitypub_content_warning":"","activitypub_content_visibility":"","activitypub_max_image_attachments":2,"activitypub_interaction_policy_quote":"anyone","activitypub_status":"","footnotes":""},"categories":[22,1],"tags":[48,325,40,385,433,49,388,209,46],"class_list":["post-165986","post","type-post","status-publish","format-standard","hentry","category-basteln","category-allgemein","tag-arbeit","tag-blog","tag-blogger","tag-dachzelt","tag-fiat","tag-hardware","tag-luftdaten","tag-skoda-yeti","tag-technik"],"share_on_mastodon":{"url":"","error":""},"_links":{"self":[{"href":"https:\/\/www.andreas-edler.de\/blog\/wp-json\/wp\/v2\/posts\/165986","targetHints":{"allow":["GET"]}}],"collection":[{"href":"https:\/\/www.andreas-edler.de\/blog\/wp-json\/wp\/v2\/posts"}],"about":[{"href":"https:\/\/www.andreas-edler.de\/blog\/wp-json\/wp\/v2\/types\/post"}],"author":[{"embeddable":true,"href":"https:\/\/www.andreas-edler.de\/blog\/wp-json\/wp\/v2\/users\/1"}],"replies":[{"embeddable":true,"href":"https:\/\/www.andreas-edler.de\/blog\/wp-json\/wp\/v2\/comments?post=165986"}],"version-history":[{"count":0,"href":"https:\/\/www.andreas-edler.de\/blog\/wp-json\/wp\/v2\/posts\/165986\/revisions"}],"wp:attachment":[{"href":"https:\/\/www.andreas-edler.de\/blog\/wp-json\/wp\/v2\/media?parent=165986"}],"wp:term":[{"taxonomy":"category","embeddable":true,"href":"https:\/\/www.andreas-edler.de\/blog\/wp-json\/wp\/v2\/categories?post=165986"},{"taxonomy":"post_tag","embeddable":true,"href":"https:\/\/www.andreas-edler.de\/blog\/wp-json\/wp\/v2\/tags?post=165986"}],"curies":[{"name":"wp","href":"https:\/\/api.w.org\/{rel}","templated":true}]}}