{"id":165911,"date":"2019-11-02T18:49:03","date_gmt":"2019-11-02T17:49:03","guid":{"rendered":"https:\/\/www.andreas-edler.de\/blog\/?p=165911"},"modified":"2019-11-02T18:49:03","modified_gmt":"2019-11-02T17:49:03","slug":"100-teur-wegen-wildem-autofahren","status":"publish","type":"post","link":"https:\/\/www.andreas-edler.de\/blog\/2019\/11\/100-teur-wegen-wildem-autofahren\/","title":{"rendered":"100 TEUR wegen wildem Autofahren"},"content":{"rendered":"<p>Im <a href=\"http:\/\/www.sitzungsdienst-bad-oeynhausen.de\/bi\/to010.asp?SILFDNR=3644\" rel=\"noopener noreferrer\" target=\"_blank\">Ausschuss f\u00fcr Stadtentwicklung am 31.10.2019<\/a> wurde unter TOP 12 &#8222;\u00f6ffentliche Bekanntgaben und Anfragen&#8220; ein bisschen was zum Parkplatz am Schloss Ovelg\u00f6nne erz\u00e4hlt. Der Platz wurde im letzten Herbst saniert und mit einer neuen wassergebundenen Decke versehen. Gleichzeitig wurden die Altglascontainer auf dem Parkplatz entfernt, weil die Br\u00fccke von der Eidinghausener Stra\u00dfe zur Parkfl\u00e4che nicht f\u00fcr die schweren Transportfahrzeuge geeignet ist. Im April <a href=\"http:\/\/www.sitzungsdienst-bad-oeynhausen.de\/bi\/to020.asp?TOLFDNR=19538\" rel=\"noopener noreferrer\" target=\"_blank\">fragte ein Ratsherr<\/a> bereits nach der erneut schadhaften Oberfl\u00e4che des Parkplatz.<br \/>\n<figure id=\"attachment_165912\" aria-describedby=\"caption-attachment-165912\" style=\"width: 470px\" class=\"wp-caption aligncenter\"><a href=\"https:\/\/www.andreas-edler.de\/blog\/wp-content\/uploads\/2019\/11\/2019-11-02-10.26.36.jpg\"><img loading=\"lazy\" decoding=\"async\" src=\"https:\/\/www.andreas-edler.de\/blog\/wp-content\/uploads\/2019\/11\/2019-11-02-10.26.36-470x283.jpg\" alt=\"\" width=\"470\" height=\"283\" class=\"size-large wp-image-165912\" srcset=\"https:\/\/www.andreas-edler.de\/blog\/wp-content\/uploads\/2019\/11\/2019-11-02-10.26.36-470x283.jpg 470w, https:\/\/www.andreas-edler.de\/blog\/wp-content\/uploads\/2019\/11\/2019-11-02-10.26.36-250x151.jpg 250w, https:\/\/www.andreas-edler.de\/blog\/wp-content\/uploads\/2019\/11\/2019-11-02-10.26.36-768x463.jpg 768w, https:\/\/www.andreas-edler.de\/blog\/wp-content\/uploads\/2019\/11\/2019-11-02-10.26.36-100x60.jpg 100w, https:\/\/www.andreas-edler.de\/blog\/wp-content\/uploads\/2019\/11\/2019-11-02-10.26.36-150x90.jpg 150w, https:\/\/www.andreas-edler.de\/blog\/wp-content\/uploads\/2019\/11\/2019-11-02-10.26.36-200x120.jpg 200w, https:\/\/www.andreas-edler.de\/blog\/wp-content\/uploads\/2019\/11\/2019-11-02-10.26.36-300x181.jpg 300w, https:\/\/www.andreas-edler.de\/blog\/wp-content\/uploads\/2019\/11\/2019-11-02-10.26.36-450x271.jpg 450w, https:\/\/www.andreas-edler.de\/blog\/wp-content\/uploads\/2019\/11\/2019-11-02-10.26.36-600x361.jpg 600w, https:\/\/www.andreas-edler.de\/blog\/wp-content\/uploads\/2019\/11\/2019-11-02-10.26.36-900x542.jpg 900w, https:\/\/www.andreas-edler.de\/blog\/wp-content\/uploads\/2019\/11\/2019-11-02-10.26.36.jpg 1280w\" sizes=\"auto, (max-width: 470px) 100vw, 470px\" \/><\/a><figcaption id=\"caption-attachment-165912\" class=\"wp-caption-text\">Tiefe Pf\u00fctzen auf dem Parkplatz am Wasserschloss Ovelg\u00f6nne (02.11.2019)<\/figcaption><\/figure> <!--more--> Tats\u00e4chlich sieht das nicht gut aus. Auf die Anfrage im April wurde mit <cite>Aufgrund unsachlicher\/falscher Nutzung von Pkw-Fahrern kommt es zu schadhaften Stellen auf der Oberfl\u00e4che.<\/cite> geantwortet. Da kann man sich dann ja alles m\u00f6glich drunter vorstellen. Am Donnerstag wurde die Sache in der m\u00fcndlichen Bekanntgabe etwas konkretisiert. Der Parkplatz ist tats\u00e4chlich schon wieder so marode, dass man ihn erneut instand setzen muss. <figure id=\"attachment_165913\" aria-describedby=\"caption-attachment-165913\" style=\"width: 470px\" class=\"wp-caption aligncenter\"><a href=\"https:\/\/www.andreas-edler.de\/blog\/wp-content\/uploads\/2019\/11\/2019-11-02-10.27.43.jpg\"><img loading=\"lazy\" decoding=\"async\" src=\"https:\/\/www.andreas-edler.de\/blog\/wp-content\/uploads\/2019\/11\/2019-11-02-10.27.43-470x283.jpg\" alt=\"\" width=\"470\" height=\"283\" class=\"size-large wp-image-165913\" srcset=\"https:\/\/www.andreas-edler.de\/blog\/wp-content\/uploads\/2019\/11\/2019-11-02-10.27.43-470x283.jpg 470w, https:\/\/www.andreas-edler.de\/blog\/wp-content\/uploads\/2019\/11\/2019-11-02-10.27.43-250x151.jpg 250w, https:\/\/www.andreas-edler.de\/blog\/wp-content\/uploads\/2019\/11\/2019-11-02-10.27.43-768x463.jpg 768w, https:\/\/www.andreas-edler.de\/blog\/wp-content\/uploads\/2019\/11\/2019-11-02-10.27.43-100x60.jpg 100w, https:\/\/www.andreas-edler.de\/blog\/wp-content\/uploads\/2019\/11\/2019-11-02-10.27.43-150x90.jpg 150w, https:\/\/www.andreas-edler.de\/blog\/wp-content\/uploads\/2019\/11\/2019-11-02-10.27.43-200x120.jpg 200w, https:\/\/www.andreas-edler.de\/blog\/wp-content\/uploads\/2019\/11\/2019-11-02-10.27.43-300x181.jpg 300w, https:\/\/www.andreas-edler.de\/blog\/wp-content\/uploads\/2019\/11\/2019-11-02-10.27.43-450x271.jpg 450w, https:\/\/www.andreas-edler.de\/blog\/wp-content\/uploads\/2019\/11\/2019-11-02-10.27.43-600x361.jpg 600w, https:\/\/www.andreas-edler.de\/blog\/wp-content\/uploads\/2019\/11\/2019-11-02-10.27.43-900x542.jpg 900w, https:\/\/www.andreas-edler.de\/blog\/wp-content\/uploads\/2019\/11\/2019-11-02-10.27.43.jpg 1280w\" sizes=\"auto, (max-width: 470px) 100vw, 470px\" \/><\/a><figcaption id=\"caption-attachment-165913\" class=\"wp-caption-text\">Deutlich zu sehen die Fahrspuren im Kreis auf dem Parkplatz.<\/figcaption><\/figure> Die Besch\u00e4digungen r\u00fchren laut der Verwaltung von Autos her, die dort mit hoher Geschwindigkeit im Kreis gefahren werden. Der Ger\u00e4uschkulisse an manchen Abenden nach zu urteilen, ist das plausibel. Heute morgen bin ich mal kurz da lang gefahren und die Spuren sehen wirklich so aus. Gut gemacht, ihr Prolls.<\/p>\n<p>Damit sich die Situation nicht sofort nach der erneuten Sanierung wieder so schnell kaputt darstellt, wird diesmal keine wassergebundene Decke bzw. Split verwendet, sondern die Verwaltung plant die Parkplatzfl\u00e4che zu asphaltieren. M\u00f6glicherweise finden das die G\u00e4ste des Schlosses auch nicht ganz schlecht (und ich kann mir vorstellen, dass es entsprechende Anfragen gegeben hat). Die neuerliche Instandsetzung wird \u00fcbrigens 50 TEUR bis 100 TEUR kosten! Und nat\u00fcrlich kann man auf Asphalt noch viel besser driften.<\/p>\n<p>Einhunderttausend Euro &#8222;Schaden&#8220; weil Autoprolls sich produzieren m\u00fcssen. Es ist sehr schade, dass wie so oft eine kleine Gruppe einfach gestrickter Menschen der Allgemeinheit immense Kosten aufb\u00fcrden.<\/p>\n","protected":false},"excerpt":{"rendered":"<p>Im Ausschuss f\u00fcr Stadtentwicklung am 31.10.2019 wurde unter TOP 12 &#8222;\u00f6ffentliche Bekanntgaben und Anfragen&#8220; ein bisschen was zum Parkplatz am Schloss Ovelg\u00f6nne erz\u00e4hlt. Der Platz wurde im letzten Herbst saniert und mit einer neuen wassergebundenen Decke versehen. Gleichzeitig wurden die &hellip;<\/p>\n<p class=\"read-more\"> <a class=\"more-link\" href=\"https:\/\/www.andreas-edler.de\/blog\/2019\/11\/100-teur-wegen-wildem-autofahren\/\"> <span class=\"screen-reader-text\">100 TEUR wegen wildem Autofahren<\/span> Weiterlesen &raquo;<\/a><\/p>\n","protected":false},"author":1,"featured_media":0,"comment_status":"open","ping_status":"open","sticky":false,"template":"","format":"standard","meta":{"ngg_post_thumbnail":0,"activitypub_content_warning":"","activitypub_content_visibility":"","activitypub_max_image_attachments":2,"activitypub_interaction_policy_quote":"anyone","activitypub_status":"","footnotes":""},"categories":[14,45],"tags":[237,37,419,208,251,77],"class_list":["post-165911","post","type-post","status-publish","format-standard","hentry","category-bad-oeynhausen","category-politik","tag-ausschuss-fuer-stadtentwicklung","tag-auto","tag-eidinghausen","tag-haushalt","tag-infrastruktur","tag-stadtrat"],"share_on_mastodon":{"url":"","error":""},"_links":{"self":[{"href":"https:\/\/www.andreas-edler.de\/blog\/wp-json\/wp\/v2\/posts\/165911","targetHints":{"allow":["GET"]}}],"collection":[{"href":"https:\/\/www.andreas-edler.de\/blog\/wp-json\/wp\/v2\/posts"}],"about":[{"href":"https:\/\/www.andreas-edler.de\/blog\/wp-json\/wp\/v2\/types\/post"}],"author":[{"embeddable":true,"href":"https:\/\/www.andreas-edler.de\/blog\/wp-json\/wp\/v2\/users\/1"}],"replies":[{"embeddable":true,"href":"https:\/\/www.andreas-edler.de\/blog\/wp-json\/wp\/v2\/comments?post=165911"}],"version-history":[{"count":0,"href":"https:\/\/www.andreas-edler.de\/blog\/wp-json\/wp\/v2\/posts\/165911\/revisions"}],"wp:attachment":[{"href":"https:\/\/www.andreas-edler.de\/blog\/wp-json\/wp\/v2\/media?parent=165911"}],"wp:term":[{"taxonomy":"category","embeddable":true,"href":"https:\/\/www.andreas-edler.de\/blog\/wp-json\/wp\/v2\/categories?post=165911"},{"taxonomy":"post_tag","embeddable":true,"href":"https:\/\/www.andreas-edler.de\/blog\/wp-json\/wp\/v2\/tags?post=165911"}],"curies":[{"name":"wp","href":"https:\/\/api.w.org\/{rel}","templated":true}]}}