{"id":165854,"date":"2019-10-27T12:49:59","date_gmt":"2019-10-27T11:49:59","guid":{"rendered":"https:\/\/www.andreas-edler.de\/blog\/?p=165854"},"modified":"2019-10-27T12:49:59","modified_gmt":"2019-10-27T11:49:59","slug":"uebersehen-oder-absicht-ruecksichtnahme-am-arsch","status":"publish","type":"post","link":"https:\/\/www.andreas-edler.de\/blog\/2019\/10\/uebersehen-oder-absicht-ruecksichtnahme-am-arsch\/","title":{"rendered":"\u00dcbersehen &#8230; oder Absicht? R\u00fccksichtnahme am Arsch!"},"content":{"rendered":"<p>Die Polizei schreibt immer von &#8222;\u00fcbersehen&#8220;. Auch die Dame im Video sagte, sie h\u00e4tte mich nicht gesehen. Ich halte das f\u00fcr eine glatte L\u00fcge. Meine Leuchte am Rad hat ca. 70 Lux und ist auch am Tag eingeschaltet. Zudem trage ich bei dieser Witterung eine hellblaue (fast grelle) Wind-\/Regenjacke und bin zudem nicht besonders klein. Au\u00dferdem kann man sehr sch\u00f6n sehen, wie die Frau die Einfahrt in die Stra\u00dfe sch\u00f6n eng &#8222;schneidet&#8220;, damit sie auch ja noch vor mir her kommt. &#8222;\u00dcbersehen&#8220; wurde da gar nichts, das war wom\u00f6glich eher ganz bewusst so.<\/p>\n<p><iframe loading=\"lazy\" width=\"560\" height=\"315\" src=\"https:\/\/www.youtube.com\/embed\/kJmkQ_ZFO0c\" frameborder=\"0\" allow=\"accelerometer; autoplay; encrypted-media; gyroscope; picture-in-picture\" allowfullscreen><\/iframe> <!--more--><br \/>\nKnapp 250 Meter weiter vorne ist der Herr im Bild unten mit seinem Audi vor mir her gezogen. Das sieht ganz OK aus, aber das St\u00fcck der Eidinghausener Stra\u00dfe ist recht absch\u00fcssig und wenn ich dort mit ca. 25 km\/h fahre, dann sind die nicht ganz 10 Meter Abstand schon eng.<br \/>\n<figure id=\"attachment_165858\" aria-describedby=\"caption-attachment-165858\" style=\"width: 470px\" class=\"wp-caption aligncenter\"><a href=\"https:\/\/www.andreas-edler.de\/blog\/wp-content\/uploads\/2019\/10\/2019-10-21-jet-tankstelle.png\"><img loading=\"lazy\" decoding=\"async\" src=\"https:\/\/www.andreas-edler.de\/blog\/wp-content\/uploads\/2019\/10\/2019-10-21-jet-tankstelle-470x264.png\" alt=\"\" width=\"470\" height=\"264\" class=\"size-large wp-image-165858\" srcset=\"https:\/\/www.andreas-edler.de\/blog\/wp-content\/uploads\/2019\/10\/2019-10-21-jet-tankstelle-470x264.png 470w, https:\/\/www.andreas-edler.de\/blog\/wp-content\/uploads\/2019\/10\/2019-10-21-jet-tankstelle-250x141.png 250w, https:\/\/www.andreas-edler.de\/blog\/wp-content\/uploads\/2019\/10\/2019-10-21-jet-tankstelle-768x432.png 768w, https:\/\/www.andreas-edler.de\/blog\/wp-content\/uploads\/2019\/10\/2019-10-21-jet-tankstelle-100x56.png 100w, https:\/\/www.andreas-edler.de\/blog\/wp-content\/uploads\/2019\/10\/2019-10-21-jet-tankstelle-150x84.png 150w, https:\/\/www.andreas-edler.de\/blog\/wp-content\/uploads\/2019\/10\/2019-10-21-jet-tankstelle-200x113.png 200w, https:\/\/www.andreas-edler.de\/blog\/wp-content\/uploads\/2019\/10\/2019-10-21-jet-tankstelle-300x169.png 300w, https:\/\/www.andreas-edler.de\/blog\/wp-content\/uploads\/2019\/10\/2019-10-21-jet-tankstelle-450x253.png 450w, https:\/\/www.andreas-edler.de\/blog\/wp-content\/uploads\/2019\/10\/2019-10-21-jet-tankstelle-600x338.png 600w, https:\/\/www.andreas-edler.de\/blog\/wp-content\/uploads\/2019\/10\/2019-10-21-jet-tankstelle-900x506.png 900w, https:\/\/www.andreas-edler.de\/blog\/wp-content\/uploads\/2019\/10\/2019-10-21-jet-tankstelle.png 1280w\" sizes=\"auto, (max-width: 470px) 100vw, 470px\" \/><\/a><figcaption id=\"caption-attachment-165858\" class=\"wp-caption-text\">Das sieht deutlich komfortabler aus, als es tats\u00e4chlich war.<\/figcaption><\/figure> Hier ist \u00fcbrigens auch Alex im letzten Jahr von einem ignoranten Autofahrer die Vorfahrt genommen worden und <a href=\"https:\/\/www.andreas-edler.de\/blog\/2018\/11\/uebersehen-vorfahrt-nehmen-krankenhaus\/\">sie ist im Krankenhaus gelandet<\/a>. Aber bei mir &#8222;ist ja nichts passiert&#8220; &#8230; gegenseitige R\u00fccksichtnahme am Arsch, liebe Polizei. Das Video und das Videocapture sind entstanden, als ich zu einem Ortstermin am Else-Werre-Radweg gefahren bin.<\/p>\n<p>Auf dem Weg nach Hause ca. eine halbe Stunde vorher war es nicht besser! Das ist t\u00e4gliches Erleben, welches ich laut Polizei und ADAC durch einem Helm und eine Wahnweste in den Griff kriegen k\u00f6nnte!<br \/>\n<figure id=\"attachment_165860\" aria-describedby=\"caption-attachment-165860\" style=\"width: 470px\" class=\"wp-caption aligncenter\"><a href=\"https:\/\/www.andreas-edler.de\/blog\/wp-content\/uploads\/2019\/10\/2019-10-21-kaiserstrasse.png\"><img loading=\"lazy\" decoding=\"async\" src=\"https:\/\/www.andreas-edler.de\/blog\/wp-content\/uploads\/2019\/10\/2019-10-21-kaiserstrasse-470x264.png\" alt=\"\" width=\"470\" height=\"264\" class=\"size-large wp-image-165860\" srcset=\"https:\/\/www.andreas-edler.de\/blog\/wp-content\/uploads\/2019\/10\/2019-10-21-kaiserstrasse-470x264.png 470w, https:\/\/www.andreas-edler.de\/blog\/wp-content\/uploads\/2019\/10\/2019-10-21-kaiserstrasse-250x141.png 250w, https:\/\/www.andreas-edler.de\/blog\/wp-content\/uploads\/2019\/10\/2019-10-21-kaiserstrasse-768x432.png 768w, https:\/\/www.andreas-edler.de\/blog\/wp-content\/uploads\/2019\/10\/2019-10-21-kaiserstrasse-100x56.png 100w, https:\/\/www.andreas-edler.de\/blog\/wp-content\/uploads\/2019\/10\/2019-10-21-kaiserstrasse-150x84.png 150w, https:\/\/www.andreas-edler.de\/blog\/wp-content\/uploads\/2019\/10\/2019-10-21-kaiserstrasse-200x113.png 200w, https:\/\/www.andreas-edler.de\/blog\/wp-content\/uploads\/2019\/10\/2019-10-21-kaiserstrasse-300x169.png 300w, https:\/\/www.andreas-edler.de\/blog\/wp-content\/uploads\/2019\/10\/2019-10-21-kaiserstrasse-450x253.png 450w, https:\/\/www.andreas-edler.de\/blog\/wp-content\/uploads\/2019\/10\/2019-10-21-kaiserstrasse-600x338.png 600w, https:\/\/www.andreas-edler.de\/blog\/wp-content\/uploads\/2019\/10\/2019-10-21-kaiserstrasse-900x506.png 900w, https:\/\/www.andreas-edler.de\/blog\/wp-content\/uploads\/2019\/10\/2019-10-21-kaiserstrasse.png 1280w\" sizes=\"auto, (max-width: 470px) 100vw, 470px\" \/><\/a><figcaption id=\"caption-attachment-165860\" class=\"wp-caption-text\">Vorfahrt genommen auf der Kaiserstra\u00dfe.<\/figcaption><\/figure> Der oder die Fahrer\/in dieses BMW war offensichtlich der Meinung, dass rechts vor links nur unter KFZ-Fahrenden gilt. F\u00fcr Fahrradfahrer muss nicht angehalten werden. <a href=\"https:\/\/www.andreas-edler.de\/blog\/2019\/10\/rechts-vor-links-gilt-nicht-bei-fahrraedern\/\">Kein Einzelfall.<\/a> War sich der Situation \u00fcbrigens sehr bewusst und hat noch mal ordentlich Gas gegeben, damit es auch wirklich noch vor mir her passt.<br \/>\n<figure id=\"attachment_165862\" aria-describedby=\"caption-attachment-165862\" style=\"width: 470px\" class=\"wp-caption aligncenter\"><a href=\"https:\/\/www.andreas-edler.de\/blog\/wp-content\/uploads\/2019\/10\/2019-10-21-breitenbachstrasse_quer_auf_radfurt.png\"><img loading=\"lazy\" decoding=\"async\" src=\"https:\/\/www.andreas-edler.de\/blog\/wp-content\/uploads\/2019\/10\/2019-10-21-breitenbachstrasse_quer_auf_radfurt-470x264.png\" alt=\"\" width=\"470\" height=\"264\" class=\"size-large wp-image-165862\" srcset=\"https:\/\/www.andreas-edler.de\/blog\/wp-content\/uploads\/2019\/10\/2019-10-21-breitenbachstrasse_quer_auf_radfurt-470x264.png 470w, https:\/\/www.andreas-edler.de\/blog\/wp-content\/uploads\/2019\/10\/2019-10-21-breitenbachstrasse_quer_auf_radfurt-250x141.png 250w, https:\/\/www.andreas-edler.de\/blog\/wp-content\/uploads\/2019\/10\/2019-10-21-breitenbachstrasse_quer_auf_radfurt-768x432.png 768w, https:\/\/www.andreas-edler.de\/blog\/wp-content\/uploads\/2019\/10\/2019-10-21-breitenbachstrasse_quer_auf_radfurt-100x56.png 100w, https:\/\/www.andreas-edler.de\/blog\/wp-content\/uploads\/2019\/10\/2019-10-21-breitenbachstrasse_quer_auf_radfurt-150x84.png 150w, https:\/\/www.andreas-edler.de\/blog\/wp-content\/uploads\/2019\/10\/2019-10-21-breitenbachstrasse_quer_auf_radfurt-200x113.png 200w, https:\/\/www.andreas-edler.de\/blog\/wp-content\/uploads\/2019\/10\/2019-10-21-breitenbachstrasse_quer_auf_radfurt-300x169.png 300w, https:\/\/www.andreas-edler.de\/blog\/wp-content\/uploads\/2019\/10\/2019-10-21-breitenbachstrasse_quer_auf_radfurt-450x253.png 450w, https:\/\/www.andreas-edler.de\/blog\/wp-content\/uploads\/2019\/10\/2019-10-21-breitenbachstrasse_quer_auf_radfurt-600x338.png 600w, https:\/\/www.andreas-edler.de\/blog\/wp-content\/uploads\/2019\/10\/2019-10-21-breitenbachstrasse_quer_auf_radfurt-900x506.png 900w, https:\/\/www.andreas-edler.de\/blog\/wp-content\/uploads\/2019\/10\/2019-10-21-breitenbachstrasse_quer_auf_radfurt.png 1280w\" sizes=\"auto, (max-width: 470px) 100vw, 470px\" \/><\/a><figcaption id=\"caption-attachment-165862\" class=\"wp-caption-text\">Fahrradfurt der Breitenbachstra\u00dfe<\/figcaption><\/figure> Dreimal abbiegen weiter stand dieser Herr quer vor mir auf der Fahrradfurt der Breitenbachstra\u00dfe. Ich konnte ihn dort bereits warten sehen, als ich gerade aus der Bahnunterf\u00fchrung heraus kam. Und ja, ich sehe ein dass er nicht zur\u00fcck konnte, da direkt hinter ihm der n\u00e4chste Wartende stand. Also habe ich eben auch vor ihm gewartet. Fand er nicht lustig. Aber was soll ich machen. Wer ist eigentlich damit gemeint, wenn ADAC, Polizei oder die Deutsche Verkehrswacht oder die Automobilhersteller von gegenseitiger R\u00fccksichtnahme faseln?<\/p>\n<p>Vor sieben Jahren <a href=\"https:\/\/www.andreas-edler.de\/blog\/2012\/04\/benutzungspflicht-um-radfahrer-zum-anhalten-zu-zwingen\/\">\u00e4u\u00dferte sich das Ordnungsamt der Stadt zu exakt dieser Furt<\/a> wie folgt in der \u00f6rtlichen Lokalpresse:<br \/>\n<cite>Au\u00dferdem ist es an der Einm\u00fcndung Breitenbachstra\u00dfe zu zahlreichen Unf\u00e4llen gekommen. Durch die Benutzungspflicht zwingen wir Radfahrer an der Einm\u00fcndung zu halten und den Autoverkehr durch zu lassen. Damit verringern wir die Unfallgefahr f\u00fcr Radfahrer sowie die Unfallbeteiligung von Radfahrern an der ohnehin gef\u00e4hrlichen Einm\u00fcndung<\/cite> Wir zwingen den vorfahrtberechtigten Radverkehr zu seiner eigenen Sicherheit zum Anhalten! Ich habe den Eindruck, wir machen gro\u00dfe Schritte nach vorne in Bad Oeynhausen.<\/p>\n<p>Drei Querstra\u00dfen weiter habe ich ebenfalls angehalten, weil der Fahrer eines KFZ den \u00a71 StVO verinnerlicht hatte und ganz viel R\u00fccksicht nahm.<br \/>\n<figure id=\"attachment_165868\" aria-describedby=\"caption-attachment-165868\" style=\"width: 470px\" class=\"wp-caption aligncenter\"><a href=\"https:\/\/www.andreas-edler.de\/blog\/wp-content\/uploads\/2019\/10\/2019-10-21-vorfahrt_genommen_max-reger-strasse.png\"><img loading=\"lazy\" decoding=\"async\" src=\"https:\/\/www.andreas-edler.de\/blog\/wp-content\/uploads\/2019\/10\/2019-10-21-vorfahrt_genommen_max-reger-strasse-470x264.png\" alt=\"\" width=\"470\" height=\"264\" class=\"size-large wp-image-165868\" srcset=\"https:\/\/www.andreas-edler.de\/blog\/wp-content\/uploads\/2019\/10\/2019-10-21-vorfahrt_genommen_max-reger-strasse-470x264.png 470w, https:\/\/www.andreas-edler.de\/blog\/wp-content\/uploads\/2019\/10\/2019-10-21-vorfahrt_genommen_max-reger-strasse-250x141.png 250w, https:\/\/www.andreas-edler.de\/blog\/wp-content\/uploads\/2019\/10\/2019-10-21-vorfahrt_genommen_max-reger-strasse-768x432.png 768w, https:\/\/www.andreas-edler.de\/blog\/wp-content\/uploads\/2019\/10\/2019-10-21-vorfahrt_genommen_max-reger-strasse-100x56.png 100w, https:\/\/www.andreas-edler.de\/blog\/wp-content\/uploads\/2019\/10\/2019-10-21-vorfahrt_genommen_max-reger-strasse-150x84.png 150w, https:\/\/www.andreas-edler.de\/blog\/wp-content\/uploads\/2019\/10\/2019-10-21-vorfahrt_genommen_max-reger-strasse-200x113.png 200w, https:\/\/www.andreas-edler.de\/blog\/wp-content\/uploads\/2019\/10\/2019-10-21-vorfahrt_genommen_max-reger-strasse-300x169.png 300w, https:\/\/www.andreas-edler.de\/blog\/wp-content\/uploads\/2019\/10\/2019-10-21-vorfahrt_genommen_max-reger-strasse-450x253.png 450w, https:\/\/www.andreas-edler.de\/blog\/wp-content\/uploads\/2019\/10\/2019-10-21-vorfahrt_genommen_max-reger-strasse-600x338.png 600w, https:\/\/www.andreas-edler.de\/blog\/wp-content\/uploads\/2019\/10\/2019-10-21-vorfahrt_genommen_max-reger-strasse-900x506.png 900w, https:\/\/www.andreas-edler.de\/blog\/wp-content\/uploads\/2019\/10\/2019-10-21-vorfahrt_genommen_max-reger-strasse.png 1280w\" sizes=\"auto, (max-width: 470px) 100vw, 470px\" \/><\/a><figcaption id=\"caption-attachment-165868\" class=\"wp-caption-text\">Max-Reger-Stra\u00dfe<\/figcaption><\/figure> Auch dieser Mann stand dort schon Ewigkeiten und konnte mich von ganz weit hinten kommen sehen. Er hatte auch kein Fahrzeug hinter sich und h\u00e4tte die von mir als Fahrradfahrer oft eingeforderte R\u00fccksichtnahme ganz wunderbar zeigen k\u00f6nnen. Hat er aber nicht.<\/p>\n<p>Alle Bilder sind an einem einzigen Tag entstanden auf einer Fahrtstrecke von nicht einmal sechs Kilometern L\u00e4nge. Ich kann einfach nicht glauben, dass alle r\u00fccksichtslosen Autofahrer nur darauf warten, dass ich an einer Kreuzung ankomme und zuf\u00e4llig die Kamera montiert habe. Daher muss man leider davon ausgehen, dass es vielleicht doch der Normalfall ist, gegen den die Polizei genau gar nichts zu tun bereit ist. Ich habe in keinem der gezeigten F\u00e4lle gehupt oder den Mund \u00fcberhaupt aufgemacht. Was R\u00fccksichtnahme ist und wie man sie aus\u00fcbt, wei\u00df ich genau. Das muss mir und den meisten anderen Fahrradfahrenden echt niemand mehr sagen, wir machen das tagt\u00e4glich st\u00e4ndig. Sonst w\u00fcrden noch viel, viel mehr Menschen tot oder verletzt sein.<\/p>\n<p>Mir geht dieses verniedlichende Gelaber von gegenseitiger R\u00fccksichtnahme, Helm aufsetzen und Weste anziehen so derartig auf den Geist, weil es wirklich komplett an der Realit\u00e4t vorbei geht und niemandem hilft. Wirklich \u00fcberhaupt gar nicht. Es ist zum aus der Haut fahren.<\/p>\n","protected":false},"excerpt":{"rendered":"<p>Die Polizei schreibt immer von &#8222;\u00fcbersehen&#8220;. Auch die Dame im Video sagte, sie h\u00e4tte mich nicht gesehen. Ich halte das f\u00fcr eine glatte L\u00fcge. Meine Leuchte am Rad hat ca. 70 Lux und ist auch am Tag eingeschaltet. Zudem trage &hellip;<\/p>\n<p class=\"read-more\"> <a class=\"more-link\" href=\"https:\/\/www.andreas-edler.de\/blog\/2019\/10\/uebersehen-oder-absicht-ruecksichtnahme-am-arsch\/\"> <span class=\"screen-reader-text\">\u00dcbersehen &#8230; oder Absicht? R\u00fccksichtnahme am Arsch!<\/span> Weiterlesen &raquo;<\/a><\/p>\n","protected":false},"author":1,"featured_media":0,"comment_status":"open","ping_status":"open","sticky":false,"template":"","format":"standard","meta":{"ngg_post_thumbnail":0,"activitypub_content_warning":"","activitypub_content_visibility":"","activitypub_max_image_attachments":2,"activitypub_interaction_policy_quote":"anyone","activitypub_status":"","footnotes":""},"categories":[14,15,18,13],"tags":[109,401,110,246,251,453,34,454,429,127,207,414,77,341,72,375],"class_list":["post-165854","post","type-post","status-publish","format-standard","hentry","category-bad-oeynhausen","category-fahrrad","category-fraglich","category-verkehr","tag-adfc","tag-breitenbachstrasse","tag-fahrradfreundliche-stadt","tag-helm","tag-infrastruktur","tag-kaiserstrasse","tag-kommunikation","tag-max-reger-strasse","tag-ordnungsamt","tag-polizei","tag-radweg","tag-runter-vom-radweg","tag-stadtrat","tag-steinstrasse","tag-verwaltung","tag-wahnwesten"],"share_on_mastodon":{"url":"","error":""},"_links":{"self":[{"href":"https:\/\/www.andreas-edler.de\/blog\/wp-json\/wp\/v2\/posts\/165854","targetHints":{"allow":["GET"]}}],"collection":[{"href":"https:\/\/www.andreas-edler.de\/blog\/wp-json\/wp\/v2\/posts"}],"about":[{"href":"https:\/\/www.andreas-edler.de\/blog\/wp-json\/wp\/v2\/types\/post"}],"author":[{"embeddable":true,"href":"https:\/\/www.andreas-edler.de\/blog\/wp-json\/wp\/v2\/users\/1"}],"replies":[{"embeddable":true,"href":"https:\/\/www.andreas-edler.de\/blog\/wp-json\/wp\/v2\/comments?post=165854"}],"version-history":[{"count":0,"href":"https:\/\/www.andreas-edler.de\/blog\/wp-json\/wp\/v2\/posts\/165854\/revisions"}],"wp:attachment":[{"href":"https:\/\/www.andreas-edler.de\/blog\/wp-json\/wp\/v2\/media?parent=165854"}],"wp:term":[{"taxonomy":"category","embeddable":true,"href":"https:\/\/www.andreas-edler.de\/blog\/wp-json\/wp\/v2\/categories?post=165854"},{"taxonomy":"post_tag","embeddable":true,"href":"https:\/\/www.andreas-edler.de\/blog\/wp-json\/wp\/v2\/tags?post=165854"}],"curies":[{"name":"wp","href":"https:\/\/api.w.org\/{rel}","templated":true}]}}