{"id":165749,"date":"2019-10-09T18:39:40","date_gmt":"2019-10-09T16:39:40","guid":{"rendered":"https:\/\/www.andreas-edler.de\/blog\/?p=165749"},"modified":"2019-10-09T18:45:02","modified_gmt":"2019-10-09T16:45:02","slug":"geisterfahren-ist-scheisse","status":"publish","type":"post","link":"https:\/\/www.andreas-edler.de\/blog\/2019\/10\/geisterfahren-ist-scheisse\/","title":{"rendered":"Geisterfahren ist Schei\u00dfe"},"content":{"rendered":"<p>Heute morgen kam mir hinter Einm\u00fcndung des Schwarzen Weg auf dem katastrophalen und gef\u00e4hrlichen benutzungspflichtigen Radweg an der Eidinghausener Stra\u00dfe (mal wieder) eine Geisterfahrerin entgegen. Direkt im Knick hinter der Fahrradfurt \u00fcber den Schwarzen Weg. Ich habe nach rechts geschaut, weil von dort ein Auto angerauscht kam und da war es dann sehr knapp.<\/p>\n<p><iframe loading=\"lazy\" width=\"560\" height=\"315\" src=\"https:\/\/www.youtube.com\/embed\/xKZ6sA_MJww\" frameborder=\"0\" allow=\"accelerometer; autoplay; encrypted-media; gyroscope; picture-in-picture\" allowfullscreen><\/iframe> <!--more--><\/p>\n<p>Geisterfahren ist wirklich Mist! Ich habe kein Verst\u00e4ndnis. Bin umgedreht und habe hinter jungen Dame hergerufen, die dann auch anhielt. Im Gespr\u00e4ch fragte ich, ob sie einen F\u00fchrerschein hat (sah noch sehr jung aus), was sie leicht entr\u00fcstet bejahte, da sie schon 18 sei! Sie war auch fest davon \u00fcberzeugt, sie d\u00fcrfe in der verkehrten Richtung auf dem Radweg fahren und ich h\u00e4tte ihr ausweichen m\u00fcssen. \u00dcbrigens direkt unter dem Schild, welches die Einfahrt f\u00fcr Radfahrende in der Richtung noch mal zur Verdeutlichung verbietet.<\/p>\n<p>Welche Fahrschule sie so schlecht ausgebildet hat, wollte sie mir nicht sagen. Ist dann aber tats\u00e4chlich gegen\u00fcber von Baby &#038; Kind auf die anderen Stra\u00dfenseite gewechselt. Ich hoffe, dass sie dort in Zukunft gleich f\u00e4hrt. Tim macht ja auch gerade den F\u00fchrerschein und ab und zu frage ich, was da zu Radfahren erz\u00e4hlt wird. Das findet aber wohl so gut wie gar nicht im Unterricht statt. Insofern sind die Forderungen der ganzen klugen Autofahrenden ziemlich sinnlos, wenn sie nach einem verpflichtenden F\u00fchrerschein f\u00fcr Fahrrad Fahrende kr\u00e4hen. Sie wissen es ja selbst nicht besser, weil es ihnen niemand beibringt. Mein Reden schon immer!<\/p>\n<p>(Ja, ich meckere auch \u00fcber Radfahrende. Ja, ich habe sie trotz der dunklen Kleidung gesehen und konnte aufgrund der angepassten Geschwindigkeit ausweichen.)<\/p>\n","protected":false},"excerpt":{"rendered":"<p>Heute morgen kam mir hinter Einm\u00fcndung des Schwarzen Weg auf dem katastrophalen und gef\u00e4hrlichen benutzungspflichtigen Radweg an der Eidinghausener Stra\u00dfe (mal wieder) eine Geisterfahrerin entgegen. Direkt im Knick hinter der Fahrradfurt \u00fcber den Schwarzen Weg. Ich habe nach rechts geschaut, &hellip;<\/p>\n<p class=\"read-more\"> <a class=\"more-link\" href=\"https:\/\/www.andreas-edler.de\/blog\/2019\/10\/geisterfahren-ist-scheisse\/\"> <span class=\"screen-reader-text\">Geisterfahren ist Schei\u00dfe<\/span> Weiterlesen &raquo;<\/a><\/p>\n","protected":false},"author":1,"featured_media":0,"comment_status":"open","ping_status":"open","sticky":false,"template":"","format":"standard","meta":{"ngg_post_thumbnail":0,"activitypub_content_warning":"","activitypub_content_visibility":"","activitypub_max_image_attachments":2,"activitypub_interaction_policy_quote":"anyone","activitypub_status":"","footnotes":""},"categories":[14,15,13],"tags":[63,262,446,207,71,393,260],"class_list":["post-165749","post","type-post","status-publish","format-standard","hentry","category-bad-oeynhausen","category-fahrrad","category-verkehr","tag-benehmen","tag-eidinghausener-strasse","tag-geisterfahrer","tag-radweg","tag-regeln","tag-schwarzer-weg","tag-stvo"],"share_on_mastodon":{"url":"","error":""},"_links":{"self":[{"href":"https:\/\/www.andreas-edler.de\/blog\/wp-json\/wp\/v2\/posts\/165749","targetHints":{"allow":["GET"]}}],"collection":[{"href":"https:\/\/www.andreas-edler.de\/blog\/wp-json\/wp\/v2\/posts"}],"about":[{"href":"https:\/\/www.andreas-edler.de\/blog\/wp-json\/wp\/v2\/types\/post"}],"author":[{"embeddable":true,"href":"https:\/\/www.andreas-edler.de\/blog\/wp-json\/wp\/v2\/users\/1"}],"replies":[{"embeddable":true,"href":"https:\/\/www.andreas-edler.de\/blog\/wp-json\/wp\/v2\/comments?post=165749"}],"version-history":[{"count":0,"href":"https:\/\/www.andreas-edler.de\/blog\/wp-json\/wp\/v2\/posts\/165749\/revisions"}],"wp:attachment":[{"href":"https:\/\/www.andreas-edler.de\/blog\/wp-json\/wp\/v2\/media?parent=165749"}],"wp:term":[{"taxonomy":"category","embeddable":true,"href":"https:\/\/www.andreas-edler.de\/blog\/wp-json\/wp\/v2\/categories?post=165749"},{"taxonomy":"post_tag","embeddable":true,"href":"https:\/\/www.andreas-edler.de\/blog\/wp-json\/wp\/v2\/tags?post=165749"}],"curies":[{"name":"wp","href":"https:\/\/api.w.org\/{rel}","templated":true}]}}