{"id":16567,"date":"2012-11-25T23:02:34","date_gmt":"2012-11-25T22:02:34","guid":{"rendered":"http:\/\/www.andreas-edler.de\/blog\/?p=16567"},"modified":"2012-11-25T23:02:34","modified_gmt":"2012-11-25T22:02:34","slug":"update-misslungen","status":"publish","type":"post","link":"https:\/\/www.andreas-edler.de\/blog\/2012\/11\/update-misslungen\/","title":{"rendered":"Update misslungen"},"content":{"rendered":"<p>So sah das heute im <a href=\"http:\/\/www.andreas-edler.de\/achillessehne\/index.php\">Achillessehnenforum<\/a> aus:<br \/>\n<cite>Ich nehme das Forum offline, weil ich ein Update einspiele. Sollte schnell durchlaufen.<br \/>\n[Update 14:00 Uhr] Das mit dem Update hat ja mal grandios nicht funktioniert :-(<br \/>\n[Update 19:58 Uhr] Mit M\u00fche und Not habe ich ein Backup von Mitte Oktober wieder zum Laufen bekommen. Damit habe ich mir nun mehr als den halben Sonntag um die Ohren gehauen. Ich schaue mal beim Provider, wann ich online das letzte Mal ein Backup gezogen habe und spiele das eventuell noch ein.<br \/>\nSo ein Mist!<br \/>\n[Update 20:37 Uhr] Auf dem Server scheint ein Backup vom 06.11. zu liegen. Das lade ich gerade herunter.<br \/>\n[Update 20:46 Uhr] 42% von 2,7 Gigabyte sind schon geladen &#8230;<br \/>\n[Update 21:13 Uhr] Download beendet, entpacke gerade das tar\/gz-Paket<br \/>\n[Update 22:12 Uhr] Es sieht so aus, als sei das Backup vom 06.11. in Ordnung. Habe ich eingebaut und gucke es mir jetzt an.<\/cite> <a href=\"http:\/\/www.andreas-edler.de\/achilles\/site_show_id.php3?forum=Achillessehne&#038;id=1\">9 1\/2 Jahre betreibe ich das Forum<\/a> und seitdem ist mir nicht ein Beitrag verloren gegangen. Nun fehlen knapp zwei Wochen &#8211; bzw. ich habe die wenigen Beitr\u00e4ge der Neuuser h\u00e4ndisch nacherfasst. Was eine Schei\u00dfe! Sowas verdirbt mir immer richtig die Laune &#8211; und das obwohl nun keine Leben davon abh\u00e4ngen. Aber ich mag es nicht, wenn ich Dinge f\u00fcr andere mache, die dann nicht funktionieren. Bin mal gespannt, <a href=\"http:\/\/www.andreas-edler.de\/achillessehne\/board\/plauderecke\/smalltalk\/update-schief-gelaufen-1_62.html\">ob sich \u00fcberhaupt jemand r\u00fchrt<\/a>. Wahrscheinlich nicht.<\/p>\n","protected":false},"excerpt":{"rendered":"<p>So sah das heute im Achillessehnenforum aus: Ich nehme das Forum offline, weil ich ein Update einspiele. Sollte schnell durchlaufen. [Update 14:00 Uhr] Das mit dem Update hat ja mal grandios nicht funktioniert :-( [Update 19:58 Uhr] Mit M\u00fche und &hellip;<\/p>\n<p class=\"read-more\"> <a class=\"more-link\" href=\"https:\/\/www.andreas-edler.de\/blog\/2012\/11\/update-misslungen\/\"> <span class=\"screen-reader-text\">Update misslungen<\/span> Weiterlesen &raquo;<\/a><\/p>\n","protected":false},"author":1,"featured_media":0,"comment_status":"open","ping_status":"open","sticky":false,"template":"","format":"standard","meta":{"ngg_post_thumbnail":0,"activitypub_content_warning":"","activitypub_content_visibility":"","activitypub_max_image_attachments":2,"activitypub_interaction_policy_quote":"anyone","activitypub_status":"","footnotes":""},"categories":[22],"tags":[66,6],"class_list":["post-16567","post","type-post","status-publish","format-standard","hentry","category-basteln","tag-mecker","tag-web"],"share_on_mastodon":{"url":"","error":""},"_links":{"self":[{"href":"https:\/\/www.andreas-edler.de\/blog\/wp-json\/wp\/v2\/posts\/16567","targetHints":{"allow":["GET"]}}],"collection":[{"href":"https:\/\/www.andreas-edler.de\/blog\/wp-json\/wp\/v2\/posts"}],"about":[{"href":"https:\/\/www.andreas-edler.de\/blog\/wp-json\/wp\/v2\/types\/post"}],"author":[{"embeddable":true,"href":"https:\/\/www.andreas-edler.de\/blog\/wp-json\/wp\/v2\/users\/1"}],"replies":[{"embeddable":true,"href":"https:\/\/www.andreas-edler.de\/blog\/wp-json\/wp\/v2\/comments?post=16567"}],"version-history":[{"count":0,"href":"https:\/\/www.andreas-edler.de\/blog\/wp-json\/wp\/v2\/posts\/16567\/revisions"}],"wp:attachment":[{"href":"https:\/\/www.andreas-edler.de\/blog\/wp-json\/wp\/v2\/media?parent=16567"}],"wp:term":[{"taxonomy":"category","embeddable":true,"href":"https:\/\/www.andreas-edler.de\/blog\/wp-json\/wp\/v2\/categories?post=16567"},{"taxonomy":"post_tag","embeddable":true,"href":"https:\/\/www.andreas-edler.de\/blog\/wp-json\/wp\/v2\/tags?post=16567"}],"curies":[{"name":"wp","href":"https:\/\/api.w.org\/{rel}","templated":true}]}}