{"id":165547,"date":"2019-08-28T07:47:30","date_gmt":"2019-08-28T05:47:30","guid":{"rendered":"https:\/\/www.andreas-edler.de\/blog\/?p=165547"},"modified":"2019-08-28T09:02:41","modified_gmt":"2019-08-28T07:02:41","slug":"selten-einfaeltiger-kommentar-zur-geplanten-bussgelderhoehung-bei-falschparkern","status":"publish","type":"post","link":"https:\/\/www.andreas-edler.de\/blog\/2019\/08\/selten-einfaeltiger-kommentar-zur-geplanten-bussgelderhoehung-bei-falschparkern\/","title":{"rendered":"Selten einf\u00e4ltiger Kommentar zur geplanten Bu\u00dfgelderh\u00f6hung bei Falschparkern"},"content":{"rendered":"<p>Das Westfalen-Blatt thematisiert die geplante Bu\u00dfgelderh\u00f6hung von Autominister Andreas Scheuer, von der man &#8222;neue Bu\u00dfgelder in H\u00f6he bis zu [viel Geld]&#8220; noch nichts genaues wei\u00df. Dazu bringt sie auch <a href=\"https:\/\/www.westfalen-blatt.de\/Ueberregional\/Meinung\/3933136-Meinung-Der-falsche-Weg\">einen Kommentar<\/a> einer Volont\u00e4rin, die offensichtlich noch keinen F\u00fchrerschein hat und leider auch kein Fahrrad f\u00e4hrt, daf\u00fcr aber schon an ganz vielen Stammtischen gesessen hat.<\/p>\n<p>Ihrer Meinung nach ist der richtige Weg mit Falschparkern umzugehen, die Eigenverantwortung der Fahrrad Fahrenden in Anspruch zu nehmen und von diesen zu verlangen R\u00fccksicht zu nehmen. Das ist leider v\u00f6llig ahnungslos und komplett am Thema vorbei.<\/p>\n","protected":false},"excerpt":{"rendered":"<p>Das Westfalen-Blatt thematisiert die geplante Bu\u00dfgelderh\u00f6hung von Autominister Andreas Scheuer, von der man &#8222;neue Bu\u00dfgelder in H\u00f6he bis zu [viel Geld]&#8220; noch nichts genaues wei\u00df. Dazu bringt sie auch einen Kommentar einer Volont\u00e4rin, die offensichtlich noch keinen F\u00fchrerschein hat und &hellip;<\/p>\n<p class=\"read-more\"> <a class=\"more-link\" href=\"https:\/\/www.andreas-edler.de\/blog\/2019\/08\/selten-einfaeltiger-kommentar-zur-geplanten-bussgelderhoehung-bei-falschparkern\/\"> <span class=\"screen-reader-text\">Selten einf\u00e4ltiger Kommentar zur geplanten Bu\u00dfgelderh\u00f6hung bei Falschparkern<\/span> Weiterlesen &raquo;<\/a><\/p>\n","protected":false},"author":1,"featured_media":0,"comment_status":"open","ping_status":"open","sticky":false,"template":"","format":"standard","meta":{"ngg_post_thumbnail":0,"activitypub_content_warning":"","activitypub_content_visibility":"","activitypub_max_image_attachments":2,"activitypub_interaction_policy_quote":"anyone","activitypub_status":"","footnotes":""},"categories":[15,18,13],"tags":[37,34,436,59,71,414,260],"class_list":["post-165547","post","type-post","status-publish","format-standard","hentry","category-fahrrad","category-fraglich","category-verkehr","tag-auto","tag-kommunikation","tag-parkdruck","tag-presse","tag-regeln","tag-runter-vom-radweg","tag-stvo"],"share_on_mastodon":{"url":"","error":""},"_links":{"self":[{"href":"https:\/\/www.andreas-edler.de\/blog\/wp-json\/wp\/v2\/posts\/165547","targetHints":{"allow":["GET"]}}],"collection":[{"href":"https:\/\/www.andreas-edler.de\/blog\/wp-json\/wp\/v2\/posts"}],"about":[{"href":"https:\/\/www.andreas-edler.de\/blog\/wp-json\/wp\/v2\/types\/post"}],"author":[{"embeddable":true,"href":"https:\/\/www.andreas-edler.de\/blog\/wp-json\/wp\/v2\/users\/1"}],"replies":[{"embeddable":true,"href":"https:\/\/www.andreas-edler.de\/blog\/wp-json\/wp\/v2\/comments?post=165547"}],"version-history":[{"count":0,"href":"https:\/\/www.andreas-edler.de\/blog\/wp-json\/wp\/v2\/posts\/165547\/revisions"}],"wp:attachment":[{"href":"https:\/\/www.andreas-edler.de\/blog\/wp-json\/wp\/v2\/media?parent=165547"}],"wp:term":[{"taxonomy":"category","embeddable":true,"href":"https:\/\/www.andreas-edler.de\/blog\/wp-json\/wp\/v2\/categories?post=165547"},{"taxonomy":"post_tag","embeddable":true,"href":"https:\/\/www.andreas-edler.de\/blog\/wp-json\/wp\/v2\/tags?post=165547"}],"curies":[{"name":"wp","href":"https:\/\/api.w.org\/{rel}","templated":true}]}}