{"id":165502,"date":"2019-08-25T23:01:17","date_gmt":"2019-08-25T21:01:17","guid":{"rendered":"https:\/\/www.andreas-edler.de\/blog\/?p=165502"},"modified":"2019-08-26T08:40:27","modified_gmt":"2019-08-26T06:40:27","slug":"mittagsrunde-nach-rinteln","status":"publish","type":"post","link":"https:\/\/www.andreas-edler.de\/blog\/2019\/08\/mittagsrunde-nach-rinteln\/","title":{"rendered":"Mittagsrunde nach Rinteln"},"content":{"rendered":"<p>Ich konnte mich nicht so recht aufraffen und habe der Frau seit dem Aufstehen erz\u00e4hlt, dass ich gleich auf eine kleine Runde aufbreche. Ist dann doch eher Mittag geworden bzw. nach unserem Fr\u00fchst\u00fcck gegen halb 12. Wohin wusste ich auch noch nicht. Burg Vlotho, Fernsehturm, Herford &#8230; habe mich dann auf dem Weserradweg Richtung Porta wiedergefunden. Da war einiges los, ich bin aber trotzdem halbwegs fix voran gekommen. Nur wenige Deppen sind entgegenkommend nicht hintereinander gefahren. Ich muss irgendwie ein Schild \u00fcber mir schweben haben, dass ich schon Platz machen werde. Wenn ich mit meinem Kumpel die Flussradtouren mache, sind es auch immer wir, die bei Gegenverkehr in Reihe fahren, w\u00e4hrend die entgegenkommenden Torkelradler stumpf nebeneinander bleiben.<br \/>\n<figure id=\"attachment_165503\" aria-describedby=\"caption-attachment-165503\" style=\"width: 470px\" class=\"wp-caption aligncenter\"><a href=\"https:\/\/www.andreas-edler.de\/blog\/wp-content\/uploads\/2019\/08\/2019-08-25-12.37.54.jpg\"><img loading=\"lazy\" decoding=\"async\" src=\"https:\/\/www.andreas-edler.de\/blog\/wp-content\/uploads\/2019\/08\/2019-08-25-12.37.54-470x351.jpg\" alt=\"\" width=\"470\" height=\"351\" class=\"size-large wp-image-165503\" srcset=\"https:\/\/www.andreas-edler.de\/blog\/wp-content\/uploads\/2019\/08\/2019-08-25-12.37.54-470x351.jpg 470w, https:\/\/www.andreas-edler.de\/blog\/wp-content\/uploads\/2019\/08\/2019-08-25-12.37.54-250x187.jpg 250w, https:\/\/www.andreas-edler.de\/blog\/wp-content\/uploads\/2019\/08\/2019-08-25-12.37.54-768x574.jpg 768w, https:\/\/www.andreas-edler.de\/blog\/wp-content\/uploads\/2019\/08\/2019-08-25-12.37.54-100x75.jpg 100w, https:\/\/www.andreas-edler.de\/blog\/wp-content\/uploads\/2019\/08\/2019-08-25-12.37.54-150x112.jpg 150w, https:\/\/www.andreas-edler.de\/blog\/wp-content\/uploads\/2019\/08\/2019-08-25-12.37.54-200x150.jpg 200w, https:\/\/www.andreas-edler.de\/blog\/wp-content\/uploads\/2019\/08\/2019-08-25-12.37.54-300x224.jpg 300w, https:\/\/www.andreas-edler.de\/blog\/wp-content\/uploads\/2019\/08\/2019-08-25-12.37.54-450x336.jpg 450w, https:\/\/www.andreas-edler.de\/blog\/wp-content\/uploads\/2019\/08\/2019-08-25-12.37.54-600x449.jpg 600w, https:\/\/www.andreas-edler.de\/blog\/wp-content\/uploads\/2019\/08\/2019-08-25-12.37.54-900x673.jpg 900w, https:\/\/www.andreas-edler.de\/blog\/wp-content\/uploads\/2019\/08\/2019-08-25-12.37.54.jpg 1280w\" sizes=\"auto, (max-width: 470px) 100vw, 470px\" \/><\/a><figcaption id=\"caption-attachment-165503\" class=\"wp-caption-text\">Irgendwo unterm Berg<\/figcaption><\/figure> <!--more--><br \/>\nIn Porta dann den Kirchsiek hoch, aber nicht zum Fernsehturm, sondern geradeaus Richtung Rinteln. Den Kirchsiek hoch ist \u00fcbrigens mitunter kein Spa\u00df. Es gibt dort keinen Radweg, entsprechend bin ich auf der Fahrbahn gefahren. Hochbegabtester des Tages war ein Audi-Q5-Fahrer, der mich mit knapp einem halben Meter Abstand \u00fcberholte und auf mein geschrieenes &#8222;Abstand!&#8220; den Stinkefinger zeigte und extra Gas gab. Unter dem Berg Richtung Todenmann kann man ganz gut fahren, auch wenn die Lohfelder Stra\u00dfe in einem erb\u00e4rmlichen Zustand ist. Durch Todenmann runter hat die Kommune vergessen die Benutzungpflicht des einseitig angelegten Radwegs bergab aufzuheben. Der ist zum einen viel zu schmal f\u00fcr beidseitig, zum anderen kann man da mit 40 bis 45 Km\/h bergab fahren, wie soll das auf dem Handtuch gehen?<br \/>\n<figure id=\"attachment_165504\" aria-describedby=\"caption-attachment-165504\" style=\"width: 470px\" class=\"wp-caption aligncenter\"><a href=\"https:\/\/www.andreas-edler.de\/blog\/wp-content\/uploads\/2019\/08\/2019-08-25-13.07.42.jpg\"><img loading=\"lazy\" decoding=\"async\" src=\"https:\/\/www.andreas-edler.de\/blog\/wp-content\/uploads\/2019\/08\/2019-08-25-13.07.42-470x273.jpg\" alt=\"\" width=\"470\" height=\"273\" class=\"size-large wp-image-165504\" srcset=\"https:\/\/www.andreas-edler.de\/blog\/wp-content\/uploads\/2019\/08\/2019-08-25-13.07.42-470x273.jpg 470w, https:\/\/www.andreas-edler.de\/blog\/wp-content\/uploads\/2019\/08\/2019-08-25-13.07.42-250x145.jpg 250w, https:\/\/www.andreas-edler.de\/blog\/wp-content\/uploads\/2019\/08\/2019-08-25-13.07.42-768x446.jpg 768w, https:\/\/www.andreas-edler.de\/blog\/wp-content\/uploads\/2019\/08\/2019-08-25-13.07.42-100x58.jpg 100w, https:\/\/www.andreas-edler.de\/blog\/wp-content\/uploads\/2019\/08\/2019-08-25-13.07.42-150x87.jpg 150w, https:\/\/www.andreas-edler.de\/blog\/wp-content\/uploads\/2019\/08\/2019-08-25-13.07.42-200x116.jpg 200w, https:\/\/www.andreas-edler.de\/blog\/wp-content\/uploads\/2019\/08\/2019-08-25-13.07.42-300x174.jpg 300w, https:\/\/www.andreas-edler.de\/blog\/wp-content\/uploads\/2019\/08\/2019-08-25-13.07.42-450x261.jpg 450w, https:\/\/www.andreas-edler.de\/blog\/wp-content\/uploads\/2019\/08\/2019-08-25-13.07.42-600x348.jpg 600w, https:\/\/www.andreas-edler.de\/blog\/wp-content\/uploads\/2019\/08\/2019-08-25-13.07.42-900x522.jpg 900w, https:\/\/www.andreas-edler.de\/blog\/wp-content\/uploads\/2019\/08\/2019-08-25-13.07.42.jpg 1280w\" sizes=\"auto, (max-width: 470px) 100vw, 470px\" \/><\/a><figcaption id=\"caption-attachment-165504\" class=\"wp-caption-text\">Rinteln<\/figcaption><\/figure><br \/>\nIn Rinteln gabs dann erstmal ein Eis. Die Kugel ist 10% teurer als in Bad Oeynhausen, daf\u00fcr aber auch ein Viertel kleiner als bei meiner favorisierten Eisdiele. Und es war lange nicht so lecker. Danach weiter auf dem Weserradweg Richtung Doktorsee. Dort gab es dann ganz offensichtlich Parkdruck! Der vorgesehene Parkplatz war augenscheinlich derart voll, dass begonnen wurde den angrenzenden Acker zuzuparken. Dazu wurde nat\u00fcrlich auch der Gehweg und die Rabatten \u00fcberfahren.<br \/>\n<figure id=\"attachment_165506\" aria-describedby=\"caption-attachment-165506\" style=\"width: 470px\" class=\"wp-caption aligncenter\"><a href=\"https:\/\/www.andreas-edler.de\/blog\/wp-content\/uploads\/2019\/08\/2019-08-25-13.21.54.jpg\"><img loading=\"lazy\" decoding=\"async\" src=\"https:\/\/www.andreas-edler.de\/blog\/wp-content\/uploads\/2019\/08\/2019-08-25-13.21.54-470x191.jpg\" alt=\"\" width=\"470\" height=\"191\" class=\"size-large wp-image-165506\" srcset=\"https:\/\/www.andreas-edler.de\/blog\/wp-content\/uploads\/2019\/08\/2019-08-25-13.21.54-470x191.jpg 470w, https:\/\/www.andreas-edler.de\/blog\/wp-content\/uploads\/2019\/08\/2019-08-25-13.21.54-250x101.jpg 250w, https:\/\/www.andreas-edler.de\/blog\/wp-content\/uploads\/2019\/08\/2019-08-25-13.21.54-768x311.jpg 768w, https:\/\/www.andreas-edler.de\/blog\/wp-content\/uploads\/2019\/08\/2019-08-25-13.21.54-100x41.jpg 100w, https:\/\/www.andreas-edler.de\/blog\/wp-content\/uploads\/2019\/08\/2019-08-25-13.21.54-150x61.jpg 150w, https:\/\/www.andreas-edler.de\/blog\/wp-content\/uploads\/2019\/08\/2019-08-25-13.21.54-200x81.jpg 200w, https:\/\/www.andreas-edler.de\/blog\/wp-content\/uploads\/2019\/08\/2019-08-25-13.21.54-300x122.jpg 300w, https:\/\/www.andreas-edler.de\/blog\/wp-content\/uploads\/2019\/08\/2019-08-25-13.21.54-450x182.jpg 450w, https:\/\/www.andreas-edler.de\/blog\/wp-content\/uploads\/2019\/08\/2019-08-25-13.21.54-600x243.jpg 600w, https:\/\/www.andreas-edler.de\/blog\/wp-content\/uploads\/2019\/08\/2019-08-25-13.21.54-900x365.jpg 900w, https:\/\/www.andreas-edler.de\/blog\/wp-content\/uploads\/2019\/08\/2019-08-25-13.21.54.jpg 1280w\" sizes=\"auto, (max-width: 470px) 100vw, 470px\" \/><\/a><figcaption id=\"caption-attachment-165506\" class=\"wp-caption-text\">Parkdruck am Doktorsee<\/figcaption><\/figure><br \/>\nIch habe die gerade aussteigenden Menschen dann interessehalber mal gefragt, ob ihnen gesagt wurde, sie sollten nun den Acker nutzen. Das war nicht der Fall. Ob sie den Besitzer kennen w\u00fcrden &#8211; auch das war nicht der Fall. Und au\u00dferdem w\u00fcrden sie bei dem frisch kultivierten Acker doch auch gar nichts passieren. Es w\u00fcrde nichts brennen und was mich das \u00fcberhaupt angehen w\u00fcrde. Dass sie \u00fcber den Gehweg gefahren sind war genauso egal, wie das die Hecks der Fahrzeuge darauf ragten. \u00dcberhaupt: ich h\u00e4tte nicht mal einen Helm auf, das w\u00e4re viel schlimmer und ich sollte jetzt einfach weg fahren. Nach ein paar weiteren S\u00e4tzen kam wenigstens noch ein &#8222;Grunds\u00e4tzlich h\u00e4tte ich ja recht.&#8220; aber er h\u00e4tte keine Lust, sich jetzt weiter zu \u00e4rgern. Zum Abschluss noch der kr\u00f6nende Hinweis des Hochbegabten, er w\u00fcrde sogar extra einen Diesel fahren. Tja, leider ist genau die Einstellung des Mannes augenscheinlich die Mehrheit bei den motorisierten Verkehrsteilnehmern.<\/p>\n<p>Danach gab es noch ein paar Autofahrende, die auf der &#8222;Aue&#8220; hinter dem Doktorsee nicht wussten wie viel Abstand sie zu Fahrr\u00e4dern halten sollten. Vor mir schob eine Familie auf die Weserbr\u00fccke zu und ein Auto hat den Vordersten in der Gruppe fast gerammt, so dass dieser erbost schimpfte. Naja, ich erwarte an solchen Tagen nichts anderes.<br \/>\n<figure id=\"attachment_165509\" aria-describedby=\"caption-attachment-165509\" style=\"width: 470px\" class=\"wp-caption aligncenter\"><a href=\"https:\/\/www.andreas-edler.de\/blog\/wp-content\/uploads\/2019\/08\/2019-08-25-13.53.11.jpg\"><img loading=\"lazy\" decoding=\"async\" src=\"https:\/\/www.andreas-edler.de\/blog\/wp-content\/uploads\/2019\/08\/2019-08-25-13.53.11-470x206.jpg\" alt=\"\" width=\"470\" height=\"206\" class=\"size-large wp-image-165509\" srcset=\"https:\/\/www.andreas-edler.de\/blog\/wp-content\/uploads\/2019\/08\/2019-08-25-13.53.11-470x206.jpg 470w, https:\/\/www.andreas-edler.de\/blog\/wp-content\/uploads\/2019\/08\/2019-08-25-13.53.11-250x110.jpg 250w, https:\/\/www.andreas-edler.de\/blog\/wp-content\/uploads\/2019\/08\/2019-08-25-13.53.11-768x337.jpg 768w, https:\/\/www.andreas-edler.de\/blog\/wp-content\/uploads\/2019\/08\/2019-08-25-13.53.11-100x44.jpg 100w, https:\/\/www.andreas-edler.de\/blog\/wp-content\/uploads\/2019\/08\/2019-08-25-13.53.11-150x66.jpg 150w, https:\/\/www.andreas-edler.de\/blog\/wp-content\/uploads\/2019\/08\/2019-08-25-13.53.11-200x88.jpg 200w, https:\/\/www.andreas-edler.de\/blog\/wp-content\/uploads\/2019\/08\/2019-08-25-13.53.11-300x132.jpg 300w, https:\/\/www.andreas-edler.de\/blog\/wp-content\/uploads\/2019\/08\/2019-08-25-13.53.11-450x198.jpg 450w, https:\/\/www.andreas-edler.de\/blog\/wp-content\/uploads\/2019\/08\/2019-08-25-13.53.11-600x263.jpg 600w, https:\/\/www.andreas-edler.de\/blog\/wp-content\/uploads\/2019\/08\/2019-08-25-13.53.11-900x395.jpg 900w, https:\/\/www.andreas-edler.de\/blog\/wp-content\/uploads\/2019\/08\/2019-08-25-13.53.11.jpg 1280w\" sizes=\"auto, (max-width: 470px) 100vw, 470px\" \/><\/a><figcaption id=\"caption-attachment-165509\" class=\"wp-caption-text\">Der Heuweg hinter dem Kraftwerk<\/figcaption><\/figure><br \/>\n<figure id=\"attachment_165510\" aria-describedby=\"caption-attachment-165510\" style=\"width: 250px\" class=\"wp-caption alignright\"><a href=\"https:\/\/www.andreas-edler.de\/blog\/wp-content\/uploads\/2019\/08\/2019-08-25-21.34.52.png\"><img loading=\"lazy\" decoding=\"async\" src=\"https:\/\/www.andreas-edler.de\/blog\/wp-content\/uploads\/2019\/08\/2019-08-25-21.34.52-250x230.png\" alt=\"\" width=\"250\" height=\"230\" class=\"size-medium wp-image-165510\" srcset=\"https:\/\/www.andreas-edler.de\/blog\/wp-content\/uploads\/2019\/08\/2019-08-25-21.34.52-250x230.png 250w, https:\/\/www.andreas-edler.de\/blog\/wp-content\/uploads\/2019\/08\/2019-08-25-21.34.52-768x707.png 768w, https:\/\/www.andreas-edler.de\/blog\/wp-content\/uploads\/2019\/08\/2019-08-25-21.34.52-470x432.png 470w, https:\/\/www.andreas-edler.de\/blog\/wp-content\/uploads\/2019\/08\/2019-08-25-21.34.52-100x92.png 100w, https:\/\/www.andreas-edler.de\/blog\/wp-content\/uploads\/2019\/08\/2019-08-25-21.34.52-150x138.png 150w, https:\/\/www.andreas-edler.de\/blog\/wp-content\/uploads\/2019\/08\/2019-08-25-21.34.52-200x184.png 200w, https:\/\/www.andreas-edler.de\/blog\/wp-content\/uploads\/2019\/08\/2019-08-25-21.34.52-300x276.png 300w, https:\/\/www.andreas-edler.de\/blog\/wp-content\/uploads\/2019\/08\/2019-08-25-21.34.52-450x414.png 450w, https:\/\/www.andreas-edler.de\/blog\/wp-content\/uploads\/2019\/08\/2019-08-25-21.34.52-600x552.png 600w, https:\/\/www.andreas-edler.de\/blog\/wp-content\/uploads\/2019\/08\/2019-08-25-21.34.52-900x828.png 900w, https:\/\/www.andreas-edler.de\/blog\/wp-content\/uploads\/2019\/08\/2019-08-25-21.34.52.png 1440w\" sizes=\"auto, (max-width: 250px) 100vw, 250px\" \/><\/a><figcaption id=\"caption-attachment-165510\" class=\"wp-caption-text\">Alarmmeldung von Garmin<\/figcaption><\/figure> Auf der Fahrradstra\u00dfe &#8222;Heuweg&#8220; hinter dem Kraftwerk in Veltheim kam mir ein BMW entgegen, der so gar nicht nach landwirtschaftlichem Verkehr aussah. Erstaunlicherweise ist diese Fahrradstra\u00dfe n\u00e4mlich nicht grunds\u00e4tzlich f\u00fcr KFZ und Motorr\u00e4der frei gegeben, sondern nur f\u00fcr den landwirtschaftlichen Verkehr! Der Fahrer hielt denn auch an, als ich ihn ziemlich aufdringlich ansah und nicht gleich in die Rabatten auswich.<\/p>\n<p>Was mein Problem sei, wurde ich sofort gefragt. Woraufhin ich ehrlicherweise sagte, dass ich gar kein Problem habe, er aber offensichtlich mit der Wahrnehmung von Verkehrsschildern. Nach ein paar S\u00e4tzen fing mein Handy an zu tuten weil das Garmin Edge einen Alarm ausgel\u00f6st hat. Das irritierte den BMW-Fahrer augenscheinlich, ich habe aber ruhig weiter gesprochen, bis Alex dann anrief und ich kurz abw\u00fcrgte. Da hat er dann &#8211; ich traute meinen Ohren nicht &#8211; tats\u00e4chlich gesagt, er w\u00fcrde jetzt wenden und zur\u00fcck fahren, damit ich in Ruhe telefonieren k\u00f6nne! :-o Und hat das sogar gemacht. Man h\u00e4tte mich mit offenem Mund dort stehen sehen k\u00f6nnen!<br \/>\n<figure id=\"attachment_165508\" aria-describedby=\"caption-attachment-165508\" style=\"width: 470px\" class=\"wp-caption aligncenter\"><a href=\"https:\/\/www.andreas-edler.de\/blog\/wp-content\/uploads\/2019\/08\/2019-08-25-14.05.15.jpg\"><img loading=\"lazy\" decoding=\"async\" src=\"https:\/\/www.andreas-edler.de\/blog\/wp-content\/uploads\/2019\/08\/2019-08-25-14.05.15-470x191.jpg\" alt=\"\" width=\"470\" height=\"191\" class=\"size-large wp-image-165508\" srcset=\"https:\/\/www.andreas-edler.de\/blog\/wp-content\/uploads\/2019\/08\/2019-08-25-14.05.15-470x191.jpg 470w, https:\/\/www.andreas-edler.de\/blog\/wp-content\/uploads\/2019\/08\/2019-08-25-14.05.15-250x101.jpg 250w, https:\/\/www.andreas-edler.de\/blog\/wp-content\/uploads\/2019\/08\/2019-08-25-14.05.15-768x311.jpg 768w, https:\/\/www.andreas-edler.de\/blog\/wp-content\/uploads\/2019\/08\/2019-08-25-14.05.15-100x41.jpg 100w, https:\/\/www.andreas-edler.de\/blog\/wp-content\/uploads\/2019\/08\/2019-08-25-14.05.15-150x61.jpg 150w, https:\/\/www.andreas-edler.de\/blog\/wp-content\/uploads\/2019\/08\/2019-08-25-14.05.15-200x81.jpg 200w, https:\/\/www.andreas-edler.de\/blog\/wp-content\/uploads\/2019\/08\/2019-08-25-14.05.15-300x122.jpg 300w, https:\/\/www.andreas-edler.de\/blog\/wp-content\/uploads\/2019\/08\/2019-08-25-14.05.15-450x182.jpg 450w, https:\/\/www.andreas-edler.de\/blog\/wp-content\/uploads\/2019\/08\/2019-08-25-14.05.15-600x243.jpg 600w, https:\/\/www.andreas-edler.de\/blog\/wp-content\/uploads\/2019\/08\/2019-08-25-14.05.15-900x365.jpg 900w, https:\/\/www.andreas-edler.de\/blog\/wp-content\/uploads\/2019\/08\/2019-08-25-14.05.15.jpg 1280w\" sizes=\"auto, (max-width: 470px) 100vw, 470px\" \/><\/a><figcaption id=\"caption-attachment-165508\" class=\"wp-caption-text\">Weserradweg zwischen Veltheim und Uffeln<\/figcaption><\/figure><br \/>\nDer Rest des Weges war unspektakul\u00e4r. Zum wiederholten Male ist mir jedoch aufgefallen, dass die Stadt Vlotho Fahrradfahren offensichtlich als Sch\u00f6nwetter-Besch\u00e4ftigung ansieht. Die wassergebundene Decke zwischen Veltheim und Uffeln ist jedenfalls nur bei trockenem Wetter zu befahren. Sobald es nass wird, saut man sich komplett ein. Splitt ist dort gar nicht mehr, sondern nur noch wei\u00dfer Staub, welches sich bei Regen in \u00d6tke verwandelt. Die Spurrillen zeugen davon. Au\u00dferdem ist streckenweise nur die H\u00e4lfte der Wegbreite nutzbar, weil alles zugewuchert ist. So geht Radwanderweg nicht.<\/p>\n<p>Vor dem Kreisel in Vlotho dann noch eine Vollbremsung, weil eine Frau entgegen der Fahrtrichtung abrupt durch den Kreisel die Fahrbahn queren wollte. Ihr Begleiter sagte ihr dann &#8222;Los fahr, auf dem Zebrastreifen hast Du Vorfahrt!&#8220; &#8230; was mich veranlasste ihm zu erkl\u00e4ren, dass die Furt die Vorfahrt erzeugt und nicht der Zebrastreifen und dass sie trotzdem in der falschen Richtung unterwegs seien. Gro\u00dfe Augen und Schweigen.<\/p>\n<p>An der Rehmer Insel war auch wieder Parkdruck und rangieren kommt f\u00fcr die meisten nicht in Frage. Darum fuhr eine Dame mit ihrer Freundin in ihrem Golf auch munter \u00fcber die wei\u00dfe Abtrennung zum Weserradweg, um darauf zu wenden und dann vom Parkplatz zu fahren. Nicht ohne vorher vor den Pollern zu stehen und erstaunt zu gucken.<\/p>\n<p>Danach war ich dann auch schon fast zu Hause. <a href=\"https:\/\/connect.garmin.com\/modern\/activity\/3987908781\" rel=\"noopener noreferrer\" target=\"_blank\">Sch\u00f6ne Runde<\/a>, ziemlich warm und ich h\u00e4tte vielleicht doch eine kleine Flasche Wasser mitnehmen sollen.<\/p>\n","protected":false},"excerpt":{"rendered":"<p>Ich konnte mich nicht so recht aufraffen und habe der Frau seit dem Aufstehen erz\u00e4hlt, dass ich gleich auf eine kleine Runde aufbreche. Ist dann doch eher Mittag geworden bzw. nach unserem Fr\u00fchst\u00fcck gegen halb 12. Wohin wusste ich auch &hellip;<\/p>\n<p class=\"read-more\"> <a class=\"more-link\" href=\"https:\/\/www.andreas-edler.de\/blog\/2019\/08\/mittagsrunde-nach-rinteln\/\"> <span class=\"screen-reader-text\">Mittagsrunde nach Rinteln<\/span> Weiterlesen &raquo;<\/a><\/p>\n","protected":false},"author":1,"featured_media":0,"comment_status":"open","ping_status":"open","sticky":false,"template":"","format":"standard","meta":{"ngg_post_thumbnail":0,"activitypub_content_warning":"","activitypub_content_visibility":"","activitypub_max_image_attachments":2,"activitypub_interaction_policy_quote":"anyone","activitypub_status":"","footnotes":""},"categories":[15,18],"tags":[63,436,214,132,71,5,301],"class_list":["post-165502","post","type-post","status-publish","format-standard","hentry","category-fahrrad","category-fraglich","tag-benehmen","tag-parkdruck","tag-parken","tag-radtour","tag-regeln","tag-unterwegs","tag-weserradweg"],"share_on_mastodon":{"url":"","error":""},"_links":{"self":[{"href":"https:\/\/www.andreas-edler.de\/blog\/wp-json\/wp\/v2\/posts\/165502","targetHints":{"allow":["GET"]}}],"collection":[{"href":"https:\/\/www.andreas-edler.de\/blog\/wp-json\/wp\/v2\/posts"}],"about":[{"href":"https:\/\/www.andreas-edler.de\/blog\/wp-json\/wp\/v2\/types\/post"}],"author":[{"embeddable":true,"href":"https:\/\/www.andreas-edler.de\/blog\/wp-json\/wp\/v2\/users\/1"}],"replies":[{"embeddable":true,"href":"https:\/\/www.andreas-edler.de\/blog\/wp-json\/wp\/v2\/comments?post=165502"}],"version-history":[{"count":0,"href":"https:\/\/www.andreas-edler.de\/blog\/wp-json\/wp\/v2\/posts\/165502\/revisions"}],"wp:attachment":[{"href":"https:\/\/www.andreas-edler.de\/blog\/wp-json\/wp\/v2\/media?parent=165502"}],"wp:term":[{"taxonomy":"category","embeddable":true,"href":"https:\/\/www.andreas-edler.de\/blog\/wp-json\/wp\/v2\/categories?post=165502"},{"taxonomy":"post_tag","embeddable":true,"href":"https:\/\/www.andreas-edler.de\/blog\/wp-json\/wp\/v2\/tags?post=165502"}],"curies":[{"name":"wp","href":"https:\/\/api.w.org\/{rel}","templated":true}]}}