{"id":165496,"date":"2019-08-25T17:50:39","date_gmt":"2019-08-25T15:50:39","guid":{"rendered":"https:\/\/www.andreas-edler.de\/blog\/?p=165496"},"modified":"2019-08-25T17:50:39","modified_gmt":"2019-08-25T15:50:39","slug":"ich-warte-nur-kurz-auf-meine-mama-hier-auf-dem-behindertenparkplatz","status":"publish","type":"post","link":"https:\/\/www.andreas-edler.de\/blog\/2019\/08\/ich-warte-nur-kurz-auf-meine-mama-hier-auf-dem-behindertenparkplatz\/","title":{"rendered":"Ich warte nur kurz auf meine Mama &#8230; hier auf dem Behindertenparkplatz"},"content":{"rendered":"<p>Gestern war ich mit dem Nachwuchs noch schnell im Werrepark, um ein paar Klamotten zu parken. Als wir unsere Fahrr\u00e4der abgeschlossen haben, sah ich auf den Behindertenparkpl\u00e4tzen direkt gegen\u00fcber ein Auto stehen, bei dem aus der Fahrert\u00fcr leger die F\u00fc\u00dfe raushingen und wippten.<br \/>\n<figure id=\"attachment_165497\" aria-describedby=\"caption-attachment-165497\" style=\"width: 470px\" class=\"wp-caption aligncenter\"><a href=\"https:\/\/www.andreas-edler.de\/blog\/wp-content\/uploads\/2019\/08\/2019-08-24-17.10.01.jpg\"><img loading=\"lazy\" decoding=\"async\" src=\"https:\/\/www.andreas-edler.de\/blog\/wp-content\/uploads\/2019\/08\/2019-08-24-17.10.01-470x315.jpg\" alt=\"\" width=\"470\" height=\"315\" class=\"size-large wp-image-165497\" srcset=\"https:\/\/www.andreas-edler.de\/blog\/wp-content\/uploads\/2019\/08\/2019-08-24-17.10.01-470x315.jpg 470w, https:\/\/www.andreas-edler.de\/blog\/wp-content\/uploads\/2019\/08\/2019-08-24-17.10.01-250x167.jpg 250w, https:\/\/www.andreas-edler.de\/blog\/wp-content\/uploads\/2019\/08\/2019-08-24-17.10.01-768x514.jpg 768w, https:\/\/www.andreas-edler.de\/blog\/wp-content\/uploads\/2019\/08\/2019-08-24-17.10.01-100x67.jpg 100w, https:\/\/www.andreas-edler.de\/blog\/wp-content\/uploads\/2019\/08\/2019-08-24-17.10.01-150x100.jpg 150w, https:\/\/www.andreas-edler.de\/blog\/wp-content\/uploads\/2019\/08\/2019-08-24-17.10.01-200x134.jpg 200w, https:\/\/www.andreas-edler.de\/blog\/wp-content\/uploads\/2019\/08\/2019-08-24-17.10.01-300x201.jpg 300w, https:\/\/www.andreas-edler.de\/blog\/wp-content\/uploads\/2019\/08\/2019-08-24-17.10.01-450x301.jpg 450w, https:\/\/www.andreas-edler.de\/blog\/wp-content\/uploads\/2019\/08\/2019-08-24-17.10.01-600x402.jpg 600w, https:\/\/www.andreas-edler.de\/blog\/wp-content\/uploads\/2019\/08\/2019-08-24-17.10.01-900x603.jpg 900w, https:\/\/www.andreas-edler.de\/blog\/wp-content\/uploads\/2019\/08\/2019-08-24-17.10.01.jpg 1280w\" sizes=\"auto, (max-width: 470px) 100vw, 470px\" \/><\/a><figcaption id=\"caption-attachment-165497\" class=\"wp-caption-text\">Warum muss man da stehen?<\/figcaption><\/figure> <!--more--><br \/>\nBin mal hingegangen und habe gefragt, ob ich ihm helfen k\u00f6nne, irgendetwas tragen, ihn st\u00fctzen oder so. Gro\u00dfe Augen und nat\u00fcrlich &#8222;Ich bin sofort weg!&#8220;. Sch\u00f6ner w\u00e4re jetzt, es sind ja noch reichlich &#8222;normale&#8220; Stellpl\u00e4tze frei. &#8222;Ich warte nur kurz auf meine Mutter!&#8220; &#8230; der brauchte ich auf Nachfrage auch nicht beim Tragen helfen. Wer ich \u00fcberhaupt sei, ihm was vorzuschreiben. Habe ihm dann erkl\u00e4rt, dass ich ihn darum bitte, den Behindertenparkplatz zu r\u00e4umen und ihm das nicht vorschreibe. Das hat ihn aber nicht \u00fcberzeugt und er wurde leicht bockig. Als ich das Handy gezogen habe und das Foto machte wurde er allerdings recht fix und vor allen Dingen auch frech. Nat\u00fcrlich durfte er auch eins von mir machen. Daf\u00fcr ist er dann ziemlich w\u00fctend auf einen regul\u00e4ren Platz gefahren und hat dort auf seine Mami gewartet.<\/p>\n<p>Und wieder f\u00fcr alle die dann &#8222;Hilfsscherrif&#8220; mosern: wenn niemand etwas sagt, dann \u00e4ndert sich auch nichts. So einfach. Macht euren Mund auf wenn ihr nicht wollt, dass solche egoistischen Ignoranten machen was sie wollen.<\/p>\n","protected":false},"excerpt":{"rendered":"<p>Gestern war ich mit dem Nachwuchs noch schnell im Werrepark, um ein paar Klamotten zu parken. Als wir unsere Fahrr\u00e4der abgeschlossen haben, sah ich auf den Behindertenparkpl\u00e4tzen direkt gegen\u00fcber ein Auto stehen, bei dem aus der Fahrert\u00fcr leger die F\u00fc\u00dfe &hellip;<\/p>\n<p class=\"read-more\"> <a class=\"more-link\" href=\"https:\/\/www.andreas-edler.de\/blog\/2019\/08\/ich-warte-nur-kurz-auf-meine-mama-hier-auf-dem-behindertenparkplatz\/\"> <span class=\"screen-reader-text\">Ich warte nur kurz auf meine Mama &#8230; hier auf dem Behindertenparkplatz<\/span> Weiterlesen &raquo;<\/a><\/p>\n","protected":false},"author":1,"featured_media":0,"comment_status":"open","ping_status":"open","sticky":false,"template":"","format":"standard","meta":{"ngg_post_thumbnail":0,"activitypub_content_warning":"","activitypub_content_visibility":"","activitypub_max_image_attachments":2,"activitypub_interaction_policy_quote":"anyone","activitypub_status":"","footnotes":""},"categories":[18,13],"tags":[37,63,436,214,71,139],"class_list":["post-165496","post","type-post","status-publish","format-standard","hentry","category-fraglich","category-verkehr","tag-auto","tag-benehmen","tag-parkdruck","tag-parken","tag-regeln","tag-werre-park"],"share_on_mastodon":{"url":"","error":""},"_links":{"self":[{"href":"https:\/\/www.andreas-edler.de\/blog\/wp-json\/wp\/v2\/posts\/165496","targetHints":{"allow":["GET"]}}],"collection":[{"href":"https:\/\/www.andreas-edler.de\/blog\/wp-json\/wp\/v2\/posts"}],"about":[{"href":"https:\/\/www.andreas-edler.de\/blog\/wp-json\/wp\/v2\/types\/post"}],"author":[{"embeddable":true,"href":"https:\/\/www.andreas-edler.de\/blog\/wp-json\/wp\/v2\/users\/1"}],"replies":[{"embeddable":true,"href":"https:\/\/www.andreas-edler.de\/blog\/wp-json\/wp\/v2\/comments?post=165496"}],"version-history":[{"count":0,"href":"https:\/\/www.andreas-edler.de\/blog\/wp-json\/wp\/v2\/posts\/165496\/revisions"}],"wp:attachment":[{"href":"https:\/\/www.andreas-edler.de\/blog\/wp-json\/wp\/v2\/media?parent=165496"}],"wp:term":[{"taxonomy":"category","embeddable":true,"href":"https:\/\/www.andreas-edler.de\/blog\/wp-json\/wp\/v2\/categories?post=165496"},{"taxonomy":"post_tag","embeddable":true,"href":"https:\/\/www.andreas-edler.de\/blog\/wp-json\/wp\/v2\/tags?post=165496"}],"curies":[{"name":"wp","href":"https:\/\/api.w.org\/{rel}","templated":true}]}}