{"id":165261,"date":"2019-07-13T16:59:41","date_gmt":"2019-07-13T14:59:41","guid":{"rendered":"https:\/\/www.andreas-edler.de\/blog\/?p=165261"},"modified":"2019-07-13T16:59:41","modified_gmt":"2019-07-13T14:59:41","slug":"der-stern-macht-fahrradfahren-gefaehrlich","status":"publish","type":"post","link":"https:\/\/www.andreas-edler.de\/blog\/2019\/07\/der-stern-macht-fahrradfahren-gefaehrlich\/","title":{"rendered":"Der Stern macht Fahrradfahren gef\u00e4hrlich"},"content":{"rendered":"<div class=\"bild\" style=\"font-size: smaller;\"><img decoding=\"async\" src=\"https:\/\/www.andreas-edler.de\/grafik\/logo_rad.png\" alt=\"Logo: Fahrrad\" title=\"Logo: Fahrrad\" width=\"250\" border=\"0\"><\/div>\n<p> Im letzten Jahr starben fast 450 Menschen, als sie das Fahrrad als Verkehrsmittel benutzten. Das ist eine dramatische Steigerung zum Vorjahr. Und auch wenn es mir selbst tats\u00e4chlich so vorkommt, als w\u00fcrden vermehrt Menschen das Rad zum Beispiel f\u00fcr den Weg zur Arbeit benutzen, so ist meiner Beobachtung nach nicht die steigende Anzahl der Fahrradfahrenden das Problem. Es ist die immer mehr ausufernde Ruppigkeit der Autofahrenden, f\u00fcr die Regeln und Gesetze immer mehr nur grobe Empfehlungen sind und die sich durch die Berichterstattung \u00fcber Verkehrsfl\u00e4che fordernde Radfahrer in die Enge gedr\u00e4ngt und bedroht f\u00fchlen. Glaubt ihr nicht? Wurde mir schon direkt so gesagt. <!--more--><\/p>\n<p>Aus diesen Unfallzahlen bastelt der Stern nun <a href=\"https:\/\/www.stern.de\/auto\/news\/unfallzahlen---das-fahrrad-ist-das-toedlichste-verkehrsmittel-8793654.html\">einen Artikel mit der reisserischen \u00dcberschrift<\/a><\/p>\n<p><cite>Das Fahrrad ist das t\u00f6dlichste Verkehrsmittel<\/cite><br \/>\nIm ganzen Artikel selbst wird diese steile These dann mit keinem Wort untermauert. Im Gegenteil, die Schuldfrage wird angesprochen und klar benannt.<\/p>\n<p><cite>Die Statistik ist eindeutig. Etwa zwei Drittel aller Fahrradunf\u00e4lle sind auf Kollisionen mit Autos zur\u00fcckzuf\u00fchren. Hier tr\u00e4gt in 75 Prozent der F\u00e4lle der Autofahrer die Hauptschuld.<\/cite><br \/>\n<strong>Nicht das Fahrrad ist gef\u00e4hrlich, das Auto ist es!<\/strong><\/p>\n<p>Gleichzeitig &#8211; und das ist gut so! &#8211; steigt das Selbstbewusstsein der Fahrradfahrenden. Ich und andere erwarten selbstverst\u00e4ndlich, dass Regeln eingehalten werden. Auch wenn sie bedeuten, dass man einem Fahrradfahrer seine Vorfahrt gew\u00e4hrt. Die Gruppe, welche sich nun f\u00fcr die Einhaltung der Regeln einsetzen soll und diese kontrolliert ist dar\u00fcber schockiert!<\/p>\n<p><cite>&#8222;Viel zu h\u00e4ufig f\u00fchrt eine unaufmerksame und leichtsinnige Fahrweise insbesondere durch rechtsabbiegende Pkw und Lkw zu folgenschweren Verletzungen bei Radfahrenden&#8220;, teilte die Polizei mit. Die Polizei war aber besonders schockiert, dass Radfahrer davon ausgehen, dass ihre Vorfahrt sehr wohl beachtet wird.<\/cite><br \/>\nIch bin von dieser Aussage nicht nur schockiert, ich finde sie zum Kotzen. Was glaubt die Polizei denn? Dass ich auf dem Fahrrad ein devoter Duckm\u00e4user sein soll, der bitte alle anderen vorl\u00e4sst, auf seine Rechte verzichtet und sich hinten an stellt?<\/p>\n<p><cite>Die Ma\u00dfnahme der Polizei: Fahrradfahrern werde geraten, nicht immer auf die eigene Vorfahrt zu pochen, &#8230;<\/cite><br \/>\nOh, tats\u00e4chlich, das denkt sie. Das deckt sich aber auch mit dem, was ich in pers\u00f6nlichen Gespr\u00e4chen bei Kontrollen raus geh\u00f6rt habe. F\u00fcr die Polizei sind Fahrradfahrer keine ernstzunehmenden Verkehrsteilnehmer. Ich habe vielmehr den Eindruck, das Fahrrad wird als l\u00e4stiges \u00dcbel angesehen. Wie immer gibt es nat\u00fcrlich einige Ausnahmen, die die Regel best\u00e4tigen.<\/p>\n<p>In den allermeisten F\u00e4llen sind also motorisierte Verkehrsteilnehmer daran Schuld, wenn Fahrradfahrende sterben. Die Polizei weiss das und kennt sogar die Ursachen. Anstatt nun hinzugehen und die Ursachen abzustellen und sich daf\u00fcr stark zu machen, dass solche Vergehen deutlich empfindlicher geahndet werden, <a href=\"https:\/\/www.andreas-edler.de\/blog\/2019\/07\/ich-toleriere-das-parken-auf-dem-gehweg\/#angekackt\">enmpfiehlt sie den Opfern, sich doch einfach mal d\u00fcnn zu machen und den Mund zu halten.<\/a> Das fl\u00f6\u00dft Vertrauen ein und schafft Respekt. NICHT. Ganz konkret tr\u00e4gt die Polizei durch ihr Handeln und solche Aussagen dazu bei, dass die Zahlen t\u00f6dlich verunfallter Fahrradfahrer*innen steigen!<\/p>\n<p>Das Fazit des Sterns f\u00e4llt dazu auch noch v\u00f6llig an der Realit\u00e4t vorbei aus:<\/p>\n<p><cite>Umso mehr Menschen das Auto stehen lassen und das Rad nehmen, umso st\u00e4rker werden die Vers\u00e4umnisse in der Infrastruktur zu steigenden Unfallzahlen und auch zu mehr Toten f\u00fchren.<\/cite><br \/>\nJe mehr Menschen das Fahrrad benutzen, desto weniger sitzen im Auto. Weniger gef\u00e4hrliche Verkehrsmittel, sinkende Unfallzahlen. Leider muss dazu die Menge der Fahrradfahrenden noch deutlich steigen. Mit solchen Angstmacherartikeln und einer Polizei, die an Verkehrssicherheit augenscheinlich kein Interesse hat, wird das nat\u00fcrlich nicht gelingen!<\/p>\n","protected":false},"excerpt":{"rendered":"<p>Im letzten Jahr starben fast 450 Menschen, als sie das Fahrrad als Verkehrsmittel benutzten. Das ist eine dramatische Steigerung zum Vorjahr. Und auch wenn es mir selbst tats\u00e4chlich so vorkommt, als w\u00fcrden vermehrt Menschen das Rad zum Beispiel f\u00fcr den &hellip;<\/p>\n<p class=\"read-more\"> <a class=\"more-link\" href=\"https:\/\/www.andreas-edler.de\/blog\/2019\/07\/der-stern-macht-fahrradfahren-gefaehrlich\/\"> <span class=\"screen-reader-text\">Der Stern macht Fahrradfahren gef\u00e4hrlich<\/span> Weiterlesen &raquo;<\/a><\/p>\n","protected":false},"author":1,"featured_media":0,"comment_status":"open","ping_status":"open","sticky":false,"template":"","format":"standard","meta":{"ngg_post_thumbnail":0,"activitypub_content_warning":"","activitypub_content_visibility":"","activitypub_max_image_attachments":2,"activitypub_interaction_policy_quote":"anyone","activitypub_status":"","footnotes":""},"categories":[15,45,13],"tags":[63,110,251,34,127,59,207,108,71,414],"class_list":["post-165261","post","type-post","status-publish","format-standard","hentry","category-fahrrad","category-politik","category-verkehr","tag-benehmen","tag-fahrradfreundliche-stadt","tag-infrastruktur","tag-kommunikation","tag-polizei","tag-presse","tag-radweg","tag-radwegparker","tag-regeln","tag-runter-vom-radweg"],"share_on_mastodon":{"url":"","error":""},"_links":{"self":[{"href":"https:\/\/www.andreas-edler.de\/blog\/wp-json\/wp\/v2\/posts\/165261","targetHints":{"allow":["GET"]}}],"collection":[{"href":"https:\/\/www.andreas-edler.de\/blog\/wp-json\/wp\/v2\/posts"}],"about":[{"href":"https:\/\/www.andreas-edler.de\/blog\/wp-json\/wp\/v2\/types\/post"}],"author":[{"embeddable":true,"href":"https:\/\/www.andreas-edler.de\/blog\/wp-json\/wp\/v2\/users\/1"}],"replies":[{"embeddable":true,"href":"https:\/\/www.andreas-edler.de\/blog\/wp-json\/wp\/v2\/comments?post=165261"}],"version-history":[{"count":0,"href":"https:\/\/www.andreas-edler.de\/blog\/wp-json\/wp\/v2\/posts\/165261\/revisions"}],"wp:attachment":[{"href":"https:\/\/www.andreas-edler.de\/blog\/wp-json\/wp\/v2\/media?parent=165261"}],"wp:term":[{"taxonomy":"category","embeddable":true,"href":"https:\/\/www.andreas-edler.de\/blog\/wp-json\/wp\/v2\/categories?post=165261"},{"taxonomy":"post_tag","embeddable":true,"href":"https:\/\/www.andreas-edler.de\/blog\/wp-json\/wp\/v2\/tags?post=165261"}],"curies":[{"name":"wp","href":"https:\/\/api.w.org\/{rel}","templated":true}]}}