{"id":16524,"date":"2012-11-24T10:40:03","date_gmt":"2012-11-24T09:40:03","guid":{"rendered":"http:\/\/www.andreas-edler.de\/blog\/?p=16524"},"modified":"2012-11-24T10:40:03","modified_gmt":"2012-11-24T09:40:03","slug":"warum_man_wegbleibt","status":"publish","type":"post","link":"https:\/\/www.andreas-edler.de\/blog\/2012\/11\/warum_man_wegbleibt\/","title":{"rendered":"Warum man wegbleibt"},"content":{"rendered":"<p>Heute ist wieder mal ein Artikel in der Lokalpresse, in welchem unter anderem der ausbleibende Besucherstrom in der Innenstadt f\u00fcr das Scheitern eines Gesch\u00e4ftes verantwortlich gemacht wird. Grunds\u00e4tzlich ist das auch richtig. Und es stimmt auch, dass der Werrepark mit seinem Angebot an zentraler Stelle Kunden anzieht. Alles Gerede von Synergien und Zusammenarbeit ist nur Geplapper. Ich frage mich aber, wann man in der Innenstadt beginnt, die Gr\u00fcnde f\u00fcr das Ausbleiben der Kundschaft zu reflektieren.<\/p>\n<p>Seit 3 Jahren h\u00f6re ich ausschlie\u00dflich: Parken und Durchfahrt f\u00fcr Autos. Seriously? Ist das der Plan? Glaubt wirklich jemand, dass die beiden Punkte Kunden anlocken? Der Grund f\u00fcr das Ausbleiben ist im ersten Absatz genannt: das Angebot! Kunden kommen wegen dem Angebot und dem Service. Nicht dem Service der Stadt oder der Politiker, sondern dem der Gesch\u00e4fte. Und wenn ich in der Kloster-, der Viktoria- oder an der Herforder Stra\u00dfe nicht das bekomme, was ich ben\u00f6tige oder nicht so behandelt werde wie ich es erwarte, dann gehe ich woanders hin. So leid mir das tut. Ich kaufe meine Schuhe bewusst in der Innenstadt, ich esse dort fast jeden Mittag, ich kaufe dort Hygieneartikel, ich lasse mir dort die Haare schneiden und die Z\u00e4hne richten. Es g\u00e4be noch mehr Dinge, die ich dort kaufen w\u00fcrde &#8211; aber nicht bekomme. Und es gibt Gesch\u00e4fte, bei denen ich bewusst nicht mehr einkaufe, weil man sich dort nicht so verhielt, wie ich es erwartete.<\/p>\n<p>Womit ich jedoch noch nie ein Problem hatte, ist ein Parkplatz oder der Weg dorthin.<\/p>\n","protected":false},"excerpt":{"rendered":"<p>Heute ist wieder mal ein Artikel in der Lokalpresse, in welchem unter anderem der ausbleibende Besucherstrom in der Innenstadt f\u00fcr das Scheitern eines Gesch\u00e4ftes verantwortlich gemacht wird. Grunds\u00e4tzlich ist das auch richtig. Und es stimmt auch, dass der Werrepark mit &hellip;<\/p>\n<p class=\"read-more\"> <a class=\"more-link\" href=\"https:\/\/www.andreas-edler.de\/blog\/2012\/11\/warum_man_wegbleibt\/\"> <span class=\"screen-reader-text\">Warum man wegbleibt<\/span> Weiterlesen &raquo;<\/a><\/p>\n","protected":false},"author":1,"featured_media":0,"comment_status":"open","ping_status":"open","sticky":false,"template":"","format":"standard","meta":{"ngg_post_thumbnail":0,"activitypub_content_warning":"","activitypub_content_visibility":"","activitypub_max_image_attachments":2,"activitypub_interaction_policy_quote":"anyone","activitypub_status":"","footnotes":""},"categories":[14],"tags":[33],"class_list":["post-16524","post","type-post","status-publish","format-standard","hentry","category-bad-oeynhausen","tag-service"],"share_on_mastodon":{"url":"","error":""},"_links":{"self":[{"href":"https:\/\/www.andreas-edler.de\/blog\/wp-json\/wp\/v2\/posts\/16524","targetHints":{"allow":["GET"]}}],"collection":[{"href":"https:\/\/www.andreas-edler.de\/blog\/wp-json\/wp\/v2\/posts"}],"about":[{"href":"https:\/\/www.andreas-edler.de\/blog\/wp-json\/wp\/v2\/types\/post"}],"author":[{"embeddable":true,"href":"https:\/\/www.andreas-edler.de\/blog\/wp-json\/wp\/v2\/users\/1"}],"replies":[{"embeddable":true,"href":"https:\/\/www.andreas-edler.de\/blog\/wp-json\/wp\/v2\/comments?post=16524"}],"version-history":[{"count":0,"href":"https:\/\/www.andreas-edler.de\/blog\/wp-json\/wp\/v2\/posts\/16524\/revisions"}],"wp:attachment":[{"href":"https:\/\/www.andreas-edler.de\/blog\/wp-json\/wp\/v2\/media?parent=16524"}],"wp:term":[{"taxonomy":"category","embeddable":true,"href":"https:\/\/www.andreas-edler.de\/blog\/wp-json\/wp\/v2\/categories?post=16524"},{"taxonomy":"post_tag","embeddable":true,"href":"https:\/\/www.andreas-edler.de\/blog\/wp-json\/wp\/v2\/tags?post=16524"}],"curies":[{"name":"wp","href":"https:\/\/api.w.org\/{rel}","templated":true}]}}