{"id":165236,"date":"2019-07-03T09:16:42","date_gmt":"2019-07-03T07:16:42","guid":{"rendered":"https:\/\/www.andreas-edler.de\/blog\/?p=165236"},"modified":"2019-07-03T09:16:44","modified_gmt":"2019-07-03T07:16:44","slug":"kosten-fuer-umbeschilderung-der-fahrradstrasse-anfrage-im-ase","status":"publish","type":"post","link":"https:\/\/www.andreas-edler.de\/blog\/2019\/07\/kosten-fuer-umbeschilderung-der-fahrradstrasse-anfrage-im-ase\/","title":{"rendered":"Kosten f\u00fcr Umbeschilderung der Fahrradstra\u00dfe &#8211; Anfrage im ASE"},"content":{"rendered":"<p>Im Ausschuss f\u00fcr Stadtentwicklung am 09.04.2019 stellte ich folgende Anfrage:<\/p>\n<p><cite>21.9 RH Edler: An den Fahrradstra\u00dfen Bachstra\u00dfe und Bl\u00fccherstra\u00dfe wurde eine Umbeschilderung durchgef\u00fchrt. Wie hoch waren die Kosten f\u00fcr diese Umbeschilderung?<br \/>\nBL 66: Die Kosten f\u00fcr die Umbeschilderung werden ermittelt und die Anfrage anschlie\u00dfend schriftlich beantwortet.<\/cite> <!--more--><\/p>\n<p>Es handelt sich bei der Umbeschilderung um diese meiner Meinung nach <a href=\"https:\/\/www.andreas-edler.de\/blog\/2019\/02\/bachstrasse-und-bluecherstrasse-wieder-anlieger-frei\/\">v\u00f6llig uns\u00e4gliche, voreilige und im nachhinein ja auch falsche Umbeschilderung der Fahrradstra\u00dfe zu &#8222;KFZ frei&#8220; und zur\u00fcck zu &#8222;Anlieger frei&#8220;<\/a>. Am 25.06. war dann der n\u00e4chste ASE, aber bis dahin hatte ich immer noch keine Antwort, habe aber darauf verzichtet noch einmal nachzufragen. Allerdings ist nun schon ein Vierteljahr vergangen &#8230;<\/p>\n","protected":false},"excerpt":{"rendered":"<p>Im Ausschuss f\u00fcr Stadtentwicklung am 09.04.2019 stellte ich folgende Anfrage: 21.9 RH Edler: An den Fahrradstra\u00dfen Bachstra\u00dfe und Bl\u00fccherstra\u00dfe wurde eine Umbeschilderung durchgef\u00fchrt. Wie hoch waren die Kosten f\u00fcr diese Umbeschilderung? BL 66: Die Kosten f\u00fcr die Umbeschilderung werden ermittelt &hellip;<\/p>\n<p class=\"read-more\"> <a class=\"more-link\" href=\"https:\/\/www.andreas-edler.de\/blog\/2019\/07\/kosten-fuer-umbeschilderung-der-fahrradstrasse-anfrage-im-ase\/\"> <span class=\"screen-reader-text\">Kosten f\u00fcr Umbeschilderung der Fahrradstra\u00dfe &#8211; Anfrage im ASE<\/span> Weiterlesen &raquo;<\/a><\/p>\n","protected":false},"author":1,"featured_media":0,"comment_status":"open","ping_status":"open","sticky":false,"template":"","format":"standard","meta":{"ngg_post_thumbnail":0,"activitypub_content_warning":"","activitypub_content_visibility":"","activitypub_max_image_attachments":2,"activitypub_interaction_policy_quote":"anyone","activitypub_status":"","footnotes":""},"categories":[14,15,45,13],"tags":[109,178,237,377,271,51,352,72],"class_list":["post-165236","post","type-post","status-publish","format-standard","hentry","category-bad-oeynhausen","category-fahrrad","category-politik","category-verkehr","tag-adfc","tag-anfragen","tag-ausschuss-fuer-stadtentwicklung","tag-bluecherstrasse","tag-fahrradstrasse","tag-geld","tag-gruene","tag-verwaltung"],"share_on_mastodon":{"url":"","error":""},"_links":{"self":[{"href":"https:\/\/www.andreas-edler.de\/blog\/wp-json\/wp\/v2\/posts\/165236","targetHints":{"allow":["GET"]}}],"collection":[{"href":"https:\/\/www.andreas-edler.de\/blog\/wp-json\/wp\/v2\/posts"}],"about":[{"href":"https:\/\/www.andreas-edler.de\/blog\/wp-json\/wp\/v2\/types\/post"}],"author":[{"embeddable":true,"href":"https:\/\/www.andreas-edler.de\/blog\/wp-json\/wp\/v2\/users\/1"}],"replies":[{"embeddable":true,"href":"https:\/\/www.andreas-edler.de\/blog\/wp-json\/wp\/v2\/comments?post=165236"}],"version-history":[{"count":0,"href":"https:\/\/www.andreas-edler.de\/blog\/wp-json\/wp\/v2\/posts\/165236\/revisions"}],"wp:attachment":[{"href":"https:\/\/www.andreas-edler.de\/blog\/wp-json\/wp\/v2\/media?parent=165236"}],"wp:term":[{"taxonomy":"category","embeddable":true,"href":"https:\/\/www.andreas-edler.de\/blog\/wp-json\/wp\/v2\/categories?post=165236"},{"taxonomy":"post_tag","embeddable":true,"href":"https:\/\/www.andreas-edler.de\/blog\/wp-json\/wp\/v2\/tags?post=165236"}],"curies":[{"name":"wp","href":"https:\/\/api.w.org\/{rel}","templated":true}]}}