{"id":165215,"date":"2019-06-30T22:23:15","date_gmt":"2019-06-30T20:23:15","guid":{"rendered":"https:\/\/www.andreas-edler.de\/blog\/?p=165215"},"modified":"2019-06-30T22:23:15","modified_gmt":"2019-06-30T20:23:15","slug":"verkehrsmittel-und-wetterlage-im-juni-2019","status":"publish","type":"post","link":"https:\/\/www.andreas-edler.de\/blog\/2019\/06\/verkehrsmittel-und-wetterlage-im-juni-2019\/","title":{"rendered":"Verkehrsmittel und Wetterlage im Juni 2019"},"content":{"rendered":"<p><figure id=\"attachment_165216\" aria-describedby=\"caption-attachment-165216\" style=\"width: 250px\" class=\"wp-caption alignright\"><a href=\"https:\/\/www.andreas-edler.de\/blog\/wp-content\/uploads\/2019\/06\/20190630_statistik.png\"><img loading=\"lazy\" decoding=\"async\" src=\"https:\/\/www.andreas-edler.de\/blog\/wp-content\/uploads\/2019\/06\/20190630_statistik-250x86.png\" alt=\"\" width=\"250\" height=\"86\" class=\"size-medium wp-image-165216\" srcset=\"https:\/\/www.andreas-edler.de\/blog\/wp-content\/uploads\/2019\/06\/20190630_statistik-250x86.png 250w, https:\/\/www.andreas-edler.de\/blog\/wp-content\/uploads\/2019\/06\/20190630_statistik-768x265.png 768w, https:\/\/www.andreas-edler.de\/blog\/wp-content\/uploads\/2019\/06\/20190630_statistik-470x162.png 470w, https:\/\/www.andreas-edler.de\/blog\/wp-content\/uploads\/2019\/06\/20190630_statistik-100x34.png 100w, https:\/\/www.andreas-edler.de\/blog\/wp-content\/uploads\/2019\/06\/20190630_statistik-150x52.png 150w, https:\/\/www.andreas-edler.de\/blog\/wp-content\/uploads\/2019\/06\/20190630_statistik-200x69.png 200w, https:\/\/www.andreas-edler.de\/blog\/wp-content\/uploads\/2019\/06\/20190630_statistik-300x103.png 300w, https:\/\/www.andreas-edler.de\/blog\/wp-content\/uploads\/2019\/06\/20190630_statistik-450x155.png 450w, https:\/\/www.andreas-edler.de\/blog\/wp-content\/uploads\/2019\/06\/20190630_statistik-600x207.png 600w, https:\/\/www.andreas-edler.de\/blog\/wp-content\/uploads\/2019\/06\/20190630_statistik-900x310.png 900w, https:\/\/www.andreas-edler.de\/blog\/wp-content\/uploads\/2019\/06\/20190630_statistik.png 932w\" sizes=\"auto, (max-width: 250px) 100vw, 250px\" \/><\/a><figcaption id=\"caption-attachment-165216\" class=\"wp-caption-text\">Die Zahlen von Januar bis Juni<\/figcaption><\/figure> Im Juni bin ich augenscheinlich einmal mit dem Auto gefahren. Ich habe in der Tabelle &#8222;Regen&#8220; angekreuzt und ich meine sogar, den Nachwuchs bei der Fahrt in der N\u00e4he der Schule abgesetzt zu haben. Ansonsten war der Juni trocken und warm &#8230; mit ein bisschen Schauern zwischen drin. In der Stadtradeln-Zeit sind auch etliche Arbeitskollegen mit dem Rad gefahren, so dass die Tiefgaragenstellpl\u00e4tze immer recht voll waren.<\/p>\n<p>Nasse Klamotten habe ich aber genauso wenig gehabt, wie ich irgendwann mal die Regenhose \u00fcbergezogen h\u00e4tte. Daf\u00fcr bin ich fast den ganzen Monat mit hochgekrempelten Hosenbeinen gefahren &#8211; ansonsten w\u00e4re das ja gar nicht auszuhalten gewesen. <!--more--><br \/>\n<figure id=\"attachment_165219\" aria-describedby=\"caption-attachment-165219\" style=\"width: 470px\" class=\"wp-caption aligncenter\"><a href=\"https:\/\/www.andreas-edler.de\/blog\/wp-content\/uploads\/2019\/06\/20190630_wetterlage.png\"><img loading=\"lazy\" decoding=\"async\" src=\"https:\/\/www.andreas-edler.de\/blog\/wp-content\/uploads\/2019\/06\/20190630_wetterlage-470x227.png\" alt=\"\" width=\"470\" height=\"227\" class=\"size-large wp-image-165219\" srcset=\"https:\/\/www.andreas-edler.de\/blog\/wp-content\/uploads\/2019\/06\/20190630_wetterlage-470x227.png 470w, https:\/\/www.andreas-edler.de\/blog\/wp-content\/uploads\/2019\/06\/20190630_wetterlage-250x121.png 250w, https:\/\/www.andreas-edler.de\/blog\/wp-content\/uploads\/2019\/06\/20190630_wetterlage-100x48.png 100w, https:\/\/www.andreas-edler.de\/blog\/wp-content\/uploads\/2019\/06\/20190630_wetterlage-150x73.png 150w, https:\/\/www.andreas-edler.de\/blog\/wp-content\/uploads\/2019\/06\/20190630_wetterlage-200x97.png 200w, https:\/\/www.andreas-edler.de\/blog\/wp-content\/uploads\/2019\/06\/20190630_wetterlage-300x145.png 300w, https:\/\/www.andreas-edler.de\/blog\/wp-content\/uploads\/2019\/06\/20190630_wetterlage-450x218.png 450w, https:\/\/www.andreas-edler.de\/blog\/wp-content\/uploads\/2019\/06\/20190630_wetterlage-600x290.png 600w, https:\/\/www.andreas-edler.de\/blog\/wp-content\/uploads\/2019\/06\/20190630_wetterlage.png 693w\" sizes=\"auto, (max-width: 470px) 100vw, 470px\" \/><\/a><figcaption id=\"caption-attachment-165219\" class=\"wp-caption-text\">So war das Wetter von Januar bis Juni<\/figcaption><\/figure><\/p>\n<p>An sechs Tagen hat es in diesem Jahr zu der Zeit, in der ich ins B\u00fcro oder Zur\u00fcck gefahren bin, geregnet hat. Sechs! Das ist aber trotzdem der Hauptgrund, der mir genannt wird wenn es darum geht, warum das Auto genommen wird. Naja, und im Moment die Hitze. Aber das hatten wir ja erst in den letzten drei Jahren so doll.<br \/>\n<figure id=\"attachment_165218\" aria-describedby=\"caption-attachment-165218\" style=\"width: 470px\" class=\"wp-caption aligncenter\"><a href=\"https:\/\/www.andreas-edler.de\/blog\/wp-content\/uploads\/2019\/06\/20190630_verkehrsmittel.png\"><img loading=\"lazy\" decoding=\"async\" src=\"https:\/\/www.andreas-edler.de\/blog\/wp-content\/uploads\/2019\/06\/20190630_verkehrsmittel-470x304.png\" alt=\"\" width=\"470\" height=\"304\" class=\"size-large wp-image-165218\" srcset=\"https:\/\/www.andreas-edler.de\/blog\/wp-content\/uploads\/2019\/06\/20190630_verkehrsmittel-470x304.png 470w, https:\/\/www.andreas-edler.de\/blog\/wp-content\/uploads\/2019\/06\/20190630_verkehrsmittel-250x162.png 250w, https:\/\/www.andreas-edler.de\/blog\/wp-content\/uploads\/2019\/06\/20190630_verkehrsmittel-100x65.png 100w, https:\/\/www.andreas-edler.de\/blog\/wp-content\/uploads\/2019\/06\/20190630_verkehrsmittel-150x97.png 150w, https:\/\/www.andreas-edler.de\/blog\/wp-content\/uploads\/2019\/06\/20190630_verkehrsmittel-200x129.png 200w, https:\/\/www.andreas-edler.de\/blog\/wp-content\/uploads\/2019\/06\/20190630_verkehrsmittel-300x194.png 300w, https:\/\/www.andreas-edler.de\/blog\/wp-content\/uploads\/2019\/06\/20190630_verkehrsmittel-450x291.png 450w, https:\/\/www.andreas-edler.de\/blog\/wp-content\/uploads\/2019\/06\/20190630_verkehrsmittel-600x388.png 600w, https:\/\/www.andreas-edler.de\/blog\/wp-content\/uploads\/2019\/06\/20190630_verkehrsmittel.png 693w\" sizes=\"auto, (max-width: 470px) 100vw, 470px\" \/><\/a><figcaption id=\"caption-attachment-165218\" class=\"wp-caption-text\">Genutzte Verkehrsmittel von Januar bis Juni<\/figcaption><\/figure><\/p>\n<p>Ein halbes Jahr ist jetzt vorbei und ich habe an insgesamt f\u00fcnf Tagen das Auto f\u00fcr den Arbeitsweg benutzt. Inklusive der Tage, an denen der &#8222;Arbeitsplatz&#8220; knapp 160 Kilometer entfernt war.<br \/>\n<figure id=\"attachment_165217\" aria-describedby=\"caption-attachment-165217\" style=\"width: 470px\" class=\"wp-caption aligncenter\"><a href=\"https:\/\/www.andreas-edler.de\/blog\/wp-content\/uploads\/2019\/06\/20190630_gefahrene_kilometer.png\"><img loading=\"lazy\" decoding=\"async\" src=\"https:\/\/www.andreas-edler.de\/blog\/wp-content\/uploads\/2019\/06\/20190630_gefahrene_kilometer-470x300.png\" alt=\"\" width=\"470\" height=\"300\" class=\"size-large wp-image-165217\" srcset=\"https:\/\/www.andreas-edler.de\/blog\/wp-content\/uploads\/2019\/06\/20190630_gefahrene_kilometer-470x300.png 470w, https:\/\/www.andreas-edler.de\/blog\/wp-content\/uploads\/2019\/06\/20190630_gefahrene_kilometer-250x159.png 250w, https:\/\/www.andreas-edler.de\/blog\/wp-content\/uploads\/2019\/06\/20190630_gefahrene_kilometer-100x64.png 100w, https:\/\/www.andreas-edler.de\/blog\/wp-content\/uploads\/2019\/06\/20190630_gefahrene_kilometer-150x96.png 150w, https:\/\/www.andreas-edler.de\/blog\/wp-content\/uploads\/2019\/06\/20190630_gefahrene_kilometer-200x127.png 200w, https:\/\/www.andreas-edler.de\/blog\/wp-content\/uploads\/2019\/06\/20190630_gefahrene_kilometer-300x191.png 300w, https:\/\/www.andreas-edler.de\/blog\/wp-content\/uploads\/2019\/06\/20190630_gefahrene_kilometer-450x287.png 450w, https:\/\/www.andreas-edler.de\/blog\/wp-content\/uploads\/2019\/06\/20190630_gefahrene_kilometer-600x382.png 600w, https:\/\/www.andreas-edler.de\/blog\/wp-content\/uploads\/2019\/06\/20190630_gefahrene_kilometer.png 695w\" sizes=\"auto, (max-width: 470px) 100vw, 470px\" \/><\/a><figcaption id=\"caption-attachment-165217\" class=\"wp-caption-text\">Zur\u00fcckgelegte Fahrtstrecke je Fahrzeug von Januar bis Juni<\/figcaption><\/figure><br \/>\nUnd auch was die gefahrene Strecke insgesamt angeht, hat das Fahrrad wieder die Nase vorn. Wenn auch nur knapp. Langstrecken sind aber nunmal auch Langstrecken, die kriegt man dann nur \u00fcber viele, viele Kurzstrecken wieder kompensiert. <\/p>\n","protected":false},"excerpt":{"rendered":"<p>Im Juni bin ich augenscheinlich einmal mit dem Auto gefahren. Ich habe in der Tabelle &#8222;Regen&#8220; angekreuzt und ich meine sogar, den Nachwuchs bei der Fahrt in der N\u00e4he der Schule abgesetzt zu haben. Ansonsten war der Juni trocken und &hellip;<\/p>\n<p class=\"read-more\"> <a class=\"more-link\" href=\"https:\/\/www.andreas-edler.de\/blog\/2019\/06\/verkehrsmittel-und-wetterlage-im-juni-2019\/\"> <span class=\"screen-reader-text\">Verkehrsmittel und Wetterlage im Juni 2019<\/span> Weiterlesen &raquo;<\/a><\/p>\n","protected":false},"author":1,"featured_media":0,"comment_status":"open","ping_status":"open","sticky":false,"template":"","format":"standard","meta":{"ngg_post_thumbnail":0,"activitypub_content_warning":"","activitypub_content_visibility":"","activitypub_max_image_attachments":2,"activitypub_interaction_policy_quote":"anyone","activitypub_status":"","footnotes":""},"categories":[15],"tags":[37,412,158,244],"class_list":["post-165215","post","type-post","status-publish","format-standard","hentry","category-fahrrad","tag-auto","tag-mdrza","tag-mit-dem-rad-zur-arbeit","tag-verkehrsmittel-und-wetterlage"],"share_on_mastodon":{"url":"","error":""},"_links":{"self":[{"href":"https:\/\/www.andreas-edler.de\/blog\/wp-json\/wp\/v2\/posts\/165215","targetHints":{"allow":["GET"]}}],"collection":[{"href":"https:\/\/www.andreas-edler.de\/blog\/wp-json\/wp\/v2\/posts"}],"about":[{"href":"https:\/\/www.andreas-edler.de\/blog\/wp-json\/wp\/v2\/types\/post"}],"author":[{"embeddable":true,"href":"https:\/\/www.andreas-edler.de\/blog\/wp-json\/wp\/v2\/users\/1"}],"replies":[{"embeddable":true,"href":"https:\/\/www.andreas-edler.de\/blog\/wp-json\/wp\/v2\/comments?post=165215"}],"version-history":[{"count":0,"href":"https:\/\/www.andreas-edler.de\/blog\/wp-json\/wp\/v2\/posts\/165215\/revisions"}],"wp:attachment":[{"href":"https:\/\/www.andreas-edler.de\/blog\/wp-json\/wp\/v2\/media?parent=165215"}],"wp:term":[{"taxonomy":"category","embeddable":true,"href":"https:\/\/www.andreas-edler.de\/blog\/wp-json\/wp\/v2\/categories?post=165215"},{"taxonomy":"post_tag","embeddable":true,"href":"https:\/\/www.andreas-edler.de\/blog\/wp-json\/wp\/v2\/tags?post=165215"}],"curies":[{"name":"wp","href":"https:\/\/api.w.org\/{rel}","templated":true}]}}