{"id":165205,"date":"2019-06-26T22:07:05","date_gmt":"2019-06-26T20:07:05","guid":{"rendered":"https:\/\/www.andreas-edler.de\/blog\/?p=165205"},"modified":"2019-06-26T22:07:05","modified_gmt":"2019-06-26T20:07:05","slug":"thinkpad-13-mit-licht","status":"publish","type":"post","link":"https:\/\/www.andreas-edler.de\/blog\/2019\/06\/thinkpad-13-mit-licht\/","title":{"rendered":"ThinkPad 13 mit Licht"},"content":{"rendered":"<p>Die Frau wollte nicht mehr mit dem ollen ThinkPad E325 rummachen. Das hat nur einen AMD-Prozessor und ist lahm wie eine Ente. Und ich brauchte eine Ausrede, damit ich mir einen neuen Laptop kaufen konnte. Der T431s ist zwar noch in Ordnung, aber auch schon ein paar Jahre alt &#8230; und kann nun von der Frau genutzt werden. Bei einem H\u00e4ndler f\u00fcr gebrauchte Leasingr\u00fcckl\u00e4ufer und Vorf\u00fchrger\u00e4te fand ich ein ThinkPad 13, welches mir ziemlich nach der M\u00fctze war. Leider stellte ich beim Auspacken fest, dass die Tastatur nicht hintergrundbeleuchtet war. Nun habe ich daf\u00fcr ziemlich wenig bezahlt und eine Austauschtastatur habe ich auch recht g\u00fcnstig gefunden.<br \/>\n<figure id=\"attachment_165206\" aria-describedby=\"caption-attachment-165206\" style=\"width: 470px\" class=\"wp-caption aligncenter\"><a href=\"https:\/\/www.andreas-edler.de\/blog\/wp-content\/uploads\/2019\/06\/2019-06-26-21.07.52.jpg\"><img loading=\"lazy\" decoding=\"async\" src=\"https:\/\/www.andreas-edler.de\/blog\/wp-content\/uploads\/2019\/06\/2019-06-26-21.07.52-470x212.jpg\" alt=\"\" width=\"470\" height=\"212\" class=\"size-large wp-image-165206\" srcset=\"https:\/\/www.andreas-edler.de\/blog\/wp-content\/uploads\/2019\/06\/2019-06-26-21.07.52-470x212.jpg 470w, https:\/\/www.andreas-edler.de\/blog\/wp-content\/uploads\/2019\/06\/2019-06-26-21.07.52-250x113.jpg 250w, https:\/\/www.andreas-edler.de\/blog\/wp-content\/uploads\/2019\/06\/2019-06-26-21.07.52-768x347.jpg 768w, https:\/\/www.andreas-edler.de\/blog\/wp-content\/uploads\/2019\/06\/2019-06-26-21.07.52-100x45.jpg 100w, https:\/\/www.andreas-edler.de\/blog\/wp-content\/uploads\/2019\/06\/2019-06-26-21.07.52-150x68.jpg 150w, https:\/\/www.andreas-edler.de\/blog\/wp-content\/uploads\/2019\/06\/2019-06-26-21.07.52-200x90.jpg 200w, https:\/\/www.andreas-edler.de\/blog\/wp-content\/uploads\/2019\/06\/2019-06-26-21.07.52-300x135.jpg 300w, https:\/\/www.andreas-edler.de\/blog\/wp-content\/uploads\/2019\/06\/2019-06-26-21.07.52-450x203.jpg 450w, https:\/\/www.andreas-edler.de\/blog\/wp-content\/uploads\/2019\/06\/2019-06-26-21.07.52-600x271.jpg 600w, https:\/\/www.andreas-edler.de\/blog\/wp-content\/uploads\/2019\/06\/2019-06-26-21.07.52-900x406.jpg 900w, https:\/\/www.andreas-edler.de\/blog\/wp-content\/uploads\/2019\/06\/2019-06-26-21.07.52.jpg 1280w\" sizes=\"auto, (max-width: 470px) 100vw, 470px\" \/><\/a><figcaption id=\"caption-attachment-165206\" class=\"wp-caption-text\">Alte und neue Tastatur<\/figcaption><\/figure> <!--more--><\/p>\n<p>Zum Wechseln muss man nur vorsichtig die Abdeckung der Tastaturzwischenr\u00e4ume nach oben schieben. Danach kommen sechs Schrauben zum Vorschein, welche gel\u00f6st werden m\u00fcssen und ihn der Tastatur verbleiben. Danach kann man sie im Ganzen vorsichtig abheben. Die beiden Flachbandkabel l\u00f6sen &#8211; fertig. Der Einbau geschieht umgekehrt und ist ein bisschen fummelig &#8211; aber eigentlich keine Raketentechnik.<br \/>\n<figure id=\"attachment_165207\" aria-describedby=\"caption-attachment-165207\" style=\"width: 470px\" class=\"wp-caption aligncenter\"><a href=\"https:\/\/www.andreas-edler.de\/blog\/wp-content\/uploads\/2019\/06\/2019-06-26-21.35.17.jpg\"><img loading=\"lazy\" decoding=\"async\" src=\"https:\/\/www.andreas-edler.de\/blog\/wp-content\/uploads\/2019\/06\/2019-06-26-21.35.17-470x297.jpg\" alt=\"\" width=\"470\" height=\"297\" class=\"size-large wp-image-165207\" srcset=\"https:\/\/www.andreas-edler.de\/blog\/wp-content\/uploads\/2019\/06\/2019-06-26-21.35.17-470x297.jpg 470w, https:\/\/www.andreas-edler.de\/blog\/wp-content\/uploads\/2019\/06\/2019-06-26-21.35.17-250x158.jpg 250w, https:\/\/www.andreas-edler.de\/blog\/wp-content\/uploads\/2019\/06\/2019-06-26-21.35.17-768x485.jpg 768w, https:\/\/www.andreas-edler.de\/blog\/wp-content\/uploads\/2019\/06\/2019-06-26-21.35.17-100x63.jpg 100w, https:\/\/www.andreas-edler.de\/blog\/wp-content\/uploads\/2019\/06\/2019-06-26-21.35.17-150x95.jpg 150w, https:\/\/www.andreas-edler.de\/blog\/wp-content\/uploads\/2019\/06\/2019-06-26-21.35.17-200x126.jpg 200w, https:\/\/www.andreas-edler.de\/blog\/wp-content\/uploads\/2019\/06\/2019-06-26-21.35.17-300x190.jpg 300w, https:\/\/www.andreas-edler.de\/blog\/wp-content\/uploads\/2019\/06\/2019-06-26-21.35.17-450x284.jpg 450w, https:\/\/www.andreas-edler.de\/blog\/wp-content\/uploads\/2019\/06\/2019-06-26-21.35.17-600x379.jpg 600w, https:\/\/www.andreas-edler.de\/blog\/wp-content\/uploads\/2019\/06\/2019-06-26-21.35.17-900x569.jpg 900w, https:\/\/www.andreas-edler.de\/blog\/wp-content\/uploads\/2019\/06\/2019-06-26-21.35.17.jpg 1280w\" sizes=\"auto, (max-width: 470px) 100vw, 470px\" \/><\/a><figcaption id=\"caption-attachment-165207\" class=\"wp-caption-text\">Mit Beleuchtung!<\/figcaption><\/figure><br \/>\nUnd zack: erleuchtet. Nun gef\u00e4llt es mir wirklich gut. Die neue Tastatur hat eine glatte Oberfl\u00e4che, die original verbaute hatte leicht aufgerauhte Tasten. Das fand ich ein klein wenig besser, ansonsten tippen sich beide ganz ausgezeichnet. Sehr sch\u00f6n.<\/p>\n","protected":false},"excerpt":{"rendered":"<p>Die Frau wollte nicht mehr mit dem ollen ThinkPad E325 rummachen. Das hat nur einen AMD-Prozessor und ist lahm wie eine Ente. Und ich brauchte eine Ausrede, damit ich mir einen neuen Laptop kaufen konnte. Der T431s ist zwar noch &hellip;<\/p>\n<p class=\"read-more\"> <a class=\"more-link\" href=\"https:\/\/www.andreas-edler.de\/blog\/2019\/06\/thinkpad-13-mit-licht\/\"> <span class=\"screen-reader-text\">ThinkPad 13 mit Licht<\/span> Weiterlesen &raquo;<\/a><\/p>\n","protected":false},"author":1,"featured_media":0,"comment_status":"open","ping_status":"open","sticky":false,"template":"","format":"standard","meta":{"ngg_post_thumbnail":0,"activitypub_content_warning":"","activitypub_content_visibility":"","activitypub_max_image_attachments":2,"activitypub_interaction_policy_quote":"anyone","activitypub_status":"","footnotes":""},"categories":[22],"tags":[24,49,64,425,46,426],"class_list":["post-165205","post","type-post","status-publish","format-standard","hentry","category-basteln","tag-computer","tag-hardware","tag-konsum","tag-lenovo","tag-technik","tag-thinkpad"],"share_on_mastodon":{"url":"","error":""},"_links":{"self":[{"href":"https:\/\/www.andreas-edler.de\/blog\/wp-json\/wp\/v2\/posts\/165205","targetHints":{"allow":["GET"]}}],"collection":[{"href":"https:\/\/www.andreas-edler.de\/blog\/wp-json\/wp\/v2\/posts"}],"about":[{"href":"https:\/\/www.andreas-edler.de\/blog\/wp-json\/wp\/v2\/types\/post"}],"author":[{"embeddable":true,"href":"https:\/\/www.andreas-edler.de\/blog\/wp-json\/wp\/v2\/users\/1"}],"replies":[{"embeddable":true,"href":"https:\/\/www.andreas-edler.de\/blog\/wp-json\/wp\/v2\/comments?post=165205"}],"version-history":[{"count":0,"href":"https:\/\/www.andreas-edler.de\/blog\/wp-json\/wp\/v2\/posts\/165205\/revisions"}],"wp:attachment":[{"href":"https:\/\/www.andreas-edler.de\/blog\/wp-json\/wp\/v2\/media?parent=165205"}],"wp:term":[{"taxonomy":"category","embeddable":true,"href":"https:\/\/www.andreas-edler.de\/blog\/wp-json\/wp\/v2\/categories?post=165205"},{"taxonomy":"post_tag","embeddable":true,"href":"https:\/\/www.andreas-edler.de\/blog\/wp-json\/wp\/v2\/tags?post=165205"}],"curies":[{"name":"wp","href":"https:\/\/api.w.org\/{rel}","templated":true}]}}