{"id":165175,"date":"2019-06-17T09:46:11","date_gmt":"2019-06-17T07:46:11","guid":{"rendered":"https:\/\/www.andreas-edler.de\/blog\/?p=165175"},"modified":"2019-06-17T09:46:14","modified_gmt":"2019-06-17T07:46:14","slug":"keine-benutzungspflicht-auf-den-buergerradwegen-volmerdingsener-und-bergkirchener-strasse","status":"publish","type":"post","link":"https:\/\/www.andreas-edler.de\/blog\/2019\/06\/keine-benutzungspflicht-auf-den-buergerradwegen-volmerdingsener-und-bergkirchener-strasse\/","title":{"rendered":"Keine Benutzungspflicht auf den B\u00fcrger&#8220;rad&#8220;wegen Volmerdingsener- und Bergkirchener Stra\u00dfe"},"content":{"rendered":"<p>Ich hatte die Frage nach einer Benutzungpflicht f\u00fcr Radfahrende auf <a href=\"https:\/\/www.andreas-edler.de\/blog\/2016\/10\/buergerradwege-an-bergkirchener-und-volmerdingsener-strasse\/\">den geplanten sog. B\u00fcrgerradwegen an der Volmerdingsener- und Bergkirchener Stra\u00dfe<\/a> bereits im Ausschuss f\u00fcr Stadtentwicklung am 09.04.2019 gestellt, das ist aber irgendwie nicht ins Protokoll gelangt. Vielleicht auch, weil ich auf die Antwort zu schnell &#8222;Danke&#8220; gesagt habe. Allerdings wollte ich es schon ganz gerne irgendwo fixiert haben, weswegen ich <a href=\"http:\/\/www.sitzungsdienst-bad-oeynhausen.de\/bi\/to020.asp?TOLFDNR=19654\">im letzten ASE am 21.05.<\/a> darum bat, dies doch in der aktuellen Niederschrift nachzuholen. Muss ja kein Protokoll deswegen neu geschrieben werden. Aber daher hier: <!--more--><br \/>\n<cite><br \/>\n<strong>11.5 RH Edler:<\/strong> F\u00fcr die sog. B\u00fcrgerradwege sind keine Benutzungspflichten vorgesehen. Mindestens an der Volmerdingsener Stra\u00dfe wird lt. Anfrage im ASE am 28.06.2018 (TOP 17.10) der Weg auf der Hangseite angelegt. Anderenfalls m\u00fcssten bergabfahrende Fahrradfahrer im Gegenverkehr auf dem schmalen Weg unterwegs sein. Sowohl auf der Bergkirchener Stra\u00dfe als auch auf der Volmerdingsener Stra\u00dfe ist grunds\u00e4tzlich durch die Absch\u00fcssigkeit der Stra\u00dfe eine Benutzungspflicht f\u00fcr Radfahrende gef\u00e4hrlich. Stra\u00dfen.NRW hat die gleiche Situation f\u00fcr den B\u00fcrgerradweg an der Weserstra\u00dfe bereits festgestellt und die Benutzungspflicht aufgehoben.<br \/>\n<br \/>\n<strong>BL 66:<\/strong> Eine Benutzungspflicht f\u00fcr den B\u00fcrgerradweg ist nicht vorgesehen.<\/cite><br \/>\n<a href=\"https:\/\/www.andreas-edler.de\/blog\/2012\/03\/neue-radwegbenutzungspflicht-an-der-weserstrasse\/\">An der Weserstra\u00dfe habe ich das damals auch im Vorfeld gefragt<\/a> und es brauchte einen Pressetermin, um die dann <a href=\"https:\/\/www.andreas-edler.de\/blog\/2014\/03\/radwegbenutzungspflicht-an-weserstrasse-aufgehoben\/\">doch angeordnete Benutzungspflicht zu entfernen<\/a>. Ich hoffe, das ist hier nicht so. Es ist gerade an diesen absch\u00fcssigen Stra\u00dfen echt gef\u00e4hrlich, wenn sich Fu\u00dfg\u00e4nger, bergauf und bergab Fahrradfahrende einen schmalen Weg teilen m\u00fcssen.<\/p>\n<p>Insofern: ein <a href=\"https:\/\/www.andreas-edler.de\/blog\/2009\/05\/buergerradwege\/\">B\u00fcrgerradweg<\/a> ist ein Gehweg, auf dem auch Radfahrende unterwegs sein d\u00fcrfen. Das ist keine wirklich gute L\u00f6sung. Gehwege sind an den enstprechenden Stellen wirklich bitter n\u00f6tig &#8211; gut, dass da endlich was kommt.<\/p>\n","protected":false},"excerpt":{"rendered":"<p>Ich hatte die Frage nach einer Benutzungpflicht f\u00fcr Radfahrende auf den geplanten sog. B\u00fcrgerradwegen an der Volmerdingsener- und Bergkirchener Stra\u00dfe bereits im Ausschuss f\u00fcr Stadtentwicklung am 09.04.2019 gestellt, das ist aber irgendwie nicht ins Protokoll gelangt. Vielleicht auch, weil ich &hellip;<\/p>\n<p class=\"read-more\"> <a class=\"more-link\" href=\"https:\/\/www.andreas-edler.de\/blog\/2019\/06\/keine-benutzungspflicht-auf-den-buergerradwegen-volmerdingsener-und-bergkirchener-strasse\/\"> <span class=\"screen-reader-text\">Keine Benutzungspflicht auf den B\u00fcrger&#8220;rad&#8220;wegen Volmerdingsener- und Bergkirchener Stra\u00dfe<\/span> Weiterlesen &raquo;<\/a><\/p>\n","protected":false},"author":1,"featured_media":0,"comment_status":"open","ping_status":"open","sticky":false,"template":"","format":"standard","meta":{"ngg_post_thumbnail":0,"activitypub_content_warning":"","activitypub_content_visibility":"","activitypub_max_image_attachments":2,"activitypub_interaction_policy_quote":"anyone","activitypub_status":"","footnotes":""},"categories":[14,15,45,13],"tags":[237,376,423,251,207,422],"class_list":["post-165175","post","type-post","status-publish","format-standard","hentry","category-bad-oeynhausen","category-fahrrad","category-politik","category-verkehr","tag-ausschuss-fuer-stadtentwicklung","tag-bergkirchener-strasse","tag-buergerradweg","tag-infrastruktur","tag-radweg","tag-volmerdingsener-strasse"],"share_on_mastodon":{"url":"","error":""},"_links":{"self":[{"href":"https:\/\/www.andreas-edler.de\/blog\/wp-json\/wp\/v2\/posts\/165175","targetHints":{"allow":["GET"]}}],"collection":[{"href":"https:\/\/www.andreas-edler.de\/blog\/wp-json\/wp\/v2\/posts"}],"about":[{"href":"https:\/\/www.andreas-edler.de\/blog\/wp-json\/wp\/v2\/types\/post"}],"author":[{"embeddable":true,"href":"https:\/\/www.andreas-edler.de\/blog\/wp-json\/wp\/v2\/users\/1"}],"replies":[{"embeddable":true,"href":"https:\/\/www.andreas-edler.de\/blog\/wp-json\/wp\/v2\/comments?post=165175"}],"version-history":[{"count":0,"href":"https:\/\/www.andreas-edler.de\/blog\/wp-json\/wp\/v2\/posts\/165175\/revisions"}],"wp:attachment":[{"href":"https:\/\/www.andreas-edler.de\/blog\/wp-json\/wp\/v2\/media?parent=165175"}],"wp:term":[{"taxonomy":"category","embeddable":true,"href":"https:\/\/www.andreas-edler.de\/blog\/wp-json\/wp\/v2\/categories?post=165175"},{"taxonomy":"post_tag","embeddable":true,"href":"https:\/\/www.andreas-edler.de\/blog\/wp-json\/wp\/v2\/tags?post=165175"}],"curies":[{"name":"wp","href":"https:\/\/api.w.org\/{rel}","templated":true}]}}