{"id":165046,"date":"2019-05-01T21:18:52","date_gmt":"2019-05-01T19:18:52","guid":{"rendered":"http:\/\/www.andreas-edler.de\/blog\/?p=165046"},"modified":"2019-05-01T21:29:14","modified_gmt":"2019-05-01T19:29:14","slug":"krieg-in-der-kommunalpolitik-wegen-einem-hallenbad","status":"publish","type":"post","link":"https:\/\/www.andreas-edler.de\/blog\/2019\/05\/krieg-in-der-kommunalpolitik-wegen-einem-hallenbad\/","title":{"rendered":"Krieg in der Kommunalpolitik &#8211; wegen einem Hallenbad?"},"content":{"rendered":"<p>Nicht erst seit gestern regen u.a. <a href=\"https:\/\/www.gruene-badoeynhausen.de\/\" rel=\"noopener noreferrer\" target=\"_blank\">Die Gr\u00fcnen<\/a> bei den Pl\u00e4nen f\u00fcr den Bau eines neuen Hallenbades in Bad Oeynhausen an, ein wenig mehr auf die Familienfreundlichkeit zu achten. <a href=\"http:\/\/www.sitzungsdienst-bad-oeynhausen.de\/bi\/to010.asp?SILFDNR=3792\" rel=\"noopener noreferrer\" target=\"_blank\">So soll morgen eine Sparversion ohne Wassergew\u00f6hnungsbecken und ohne Sprungt\u00fcrme beschlossen werden.<\/a> Bei jedem Beschluss, welcher in der Vergangenheit zum Bad gefasst werden sollte, haben wir darauf hingewiesen.<\/p>\n<ul>\n<li><a href=\"https:\/\/www.gruene-badoeynhausen.de\/wp\/2017\/09\/zusaetzliches-hallenbad-oder-teilueberdachtes-freibad\/\" rel=\"noopener noreferrer\" target=\"_blank\">Zus\u00e4tzliches Hallenbad oder teil\u00fcberdachtes Freibad<\/a><\/li>\n<li><a href=\"https:\/\/www.gruene-badoeynhausen.de\/wp\/2018\/06\/fuer-ein-familienfreundliches-hallenbad\/\" rel=\"noopener noreferrer\" target=\"_blank\">F\u00fcr ein familienfreundliches Hallenbad<\/a><\/li>\n<li><a href=\"https:\/\/www.gruene-badoeynhausen.de\/wp\/2019\/04\/letzte-chance-fuer-ein-familienfreundliches-hallenbad\/\" rel=\"noopener noreferrer\" target=\"_blank\">Letzte Chance f\u00fcr ein familienfreundliches Hallenbad<\/a><\/li>\n<\/ul>\n<p>Und auch<a href=\"https:\/\/www.gruene-badoeynhausen.de\/wp\/2019\/02\/buergermeister-zu-besuch-im-ortsverband\/\" rel=\"noopener noreferrer\" target=\"_blank\"> der B\u00fcrgermeister \u00fcberraschte uns im Februar mit der Aussage, dass er gerne ein Wassergew\u00f6hnungsbecken (vulgo: Planschbecken) und Sprungt\u00fcrme(!) haben m\u00f6chte<\/a>! Mitnichten haben wir also etwas <em>&#8222;kurz vor Toresschluss losgetreten&#8220;<\/em> wie es der Vorsitzende der BSG im Westfalen-Blatt sagt.<!--more--><\/p>\n<p>Letzterer hat nach den letzten Artikeln in der Lokalpresse &#8222;<a href=\"https:\/\/www.nw.de\/lokal\/kreis_minden_luebbecke\/bad_oeynhausen\/22434647_Letzter-Kampf-fuers-Planschbecken.html\" rel=\"noopener noreferrer\" target=\"_blank\">NW: Letzter Kampf ums Planschbecken<\/a>&#8220; und &#8222;<a href=\"https:\/\/www.westfalen-blatt.de\/OWL\/Kreis-Minden-Luebbecke\/Bad-Oeynhausen\/3749162-Neues-Hallenbad-im-Siel-in-Bad-Oeynhausen-Politiker-von-Gruenen-UW-und-der-Linken-setzen-sich-fuer-Kleinkinderbecken-ein-Letzte-Chance-vor-der-Abstimmung\" rel=\"noopener noreferrer\" target=\"_blank\">WB: Letzte Chance vor der Abstimmung<\/a>&#8220; den Ratsleuten nun mit Krieg gedroht! Der Vorsitzende der BSG l\u00e4sst sich in <a href=\"https:\/\/www.nw.de\/lokal\/kreis_minden_luebbecke\/bad_oeynhausen\/22442937_BSG-Chef-fordert-Hallenbad-Bau.html\" rel=\"noopener noreferrer\" target=\"_blank\">der Neuen Westf\u00e4lischen ausdr\u00fccklich mit &#8218;Wenn sie Krieg wollen, k\u00f6nnen sie ihn kriegen.&#8216; zitieren<\/a>. Im etwas sp\u00e4ter folgenden Artikel <a href=\"https:\/\/www.westfalen-blatt.de\/OWL\/Kreis-Minden-Luebbecke\/Bad-Oeynhausen\/3758859-Hallenbad-Neubau-in-Bad-Oeynhausen-Fraktionen-aeussern-sich-zu-Vorstoss-von-Gruenen-UW-und-Linken-Eine-nahezu-optimale-Loesung\" rel=\"noopener noreferrer\" target=\"_blank\">im Westfalen-Blatt wird dieses Zitat noch erweitert &#8218;Dann gibt es Krieg. Wer Wind s\u00e4t, wird Sturm ernten.&#8216;<\/a>! <\/p>\n<p>Nun bin ich zun\u00e4chst mal leicht befremdet, wes Geistes Kind jemand sein muss, der sich bei einem Wassergew\u00f6hnungsbecken welches der Familienfreundlichkeit dient, eines solchen Vokabulars bedient. Zudem wird unterstellt, dass sich dadurch die Planungen um Jahre (bei einigen Protagonisten sind es gar Jahrzehnte) verz\u00f6gern w\u00fcrden. Wir wollen gar nichts verz\u00f6gern, es gibt noch keine abgeschlossenen Feinplanungen, man kann jetzt noch problemlos einen solchen Bereich einf\u00fcgen. Es muss lediglich morgen beschlossen werden.<\/p>\n<p>Die bisherigen Sparvorstellungen r\u00fchren letztlich nur von einem einzigen Besuch nicht mal einer Handvoll Ratsleuten bei einem sehr abgespeckten Hallenbad her. Und pl\u00f6tzlich war das, das Nonplusultra. Warum pl\u00f6tzlich alle umgeschwenkt sind, verstehe ich eigentlich gar nicht. Noch vor 1 1\/2 Jahren sah der Vorsitzende des Stadtsportverbandes das fehlende Planschbecken als gravierenden Nachteil!<br \/>\n<cite>NW vom 10.08.2017: <b><a href=\"https:\/\/www.nw.de\/lokal\/kreis_minden_luebbecke\/bad_oeynhausen\/21880062_Neues-Bad-im-Siel-fuer-Familien-nicht-attraktiv.html\">Neues Bad im Siel f\u00fcr Familien nicht attraktiv <\/a><\/b><br \/>\nIm neuen Hallenbad soll es nach derzeitigem Planungsstand weder eine Rutsche noch ein Planschbecken oder Angebote f\u00fcr Kinder geben \u2013 das sieht auch Hans Milberg, Vorsitzender des Stadtsportverbandes, als entscheidenden Nachteil des Neubaus. \u201eWir m\u00fcssen verhindern, dass unsere Familien nach Herford abwandern&#8220;, fordert er entsprechende Nachbesserungen.<\/cite><br \/>\nUnd die wandern aktuell nicht nur nach Herford, in meinem Bekannten- und Kollegenkreis fahren alle mit Kindern nach Hausberge, nach Minden oder sogar nach Espelkamp, vereinzelt auch nach B\u00fcckeburg. Ein Lob f\u00fcr Bad Oeynhausen ist das nicht. Das wird sich nicht \u00e4ndern, wenn morgen endg\u00fcltig die reine Sportbad-Variante beschlossen wird. Merkw\u00fcrdigerweise sieht der Stadtsportverband in der fehlenden Ausstattung aber nun auch keinen Mangel in der Familienfreundlichkeit mehr. Der Meinungsumschwung geschah ohne Erkl\u00e4rung.<\/p>\n<p>Bei einer Investition, welche f\u00fcr die folgenden Jahrzehnte einen Status Quo zementiert, sollte man meiner Meinung nach etwas weiter und vielleicht etwas &#8222;gr\u00f6\u00dfer&#8220; denken. Vor allen Dingen, da wir uns speziell un den letzten Monaten bei so vielen anderen Dingen die Familienfreundlichkeit auf die Fahnen schreiben und dann gerade hier den Punkt mit Ansage au\u00dfer Acht lassen.<\/p>\n<p>Wie man bei dem Thema auf Krieg und Sturm kommen kann, kann ich nicht verstehen. Einer sachlichen Diskussion ist das bestimmt nicht f\u00f6rderlich! Und ganz ehrlich: ich tue mich auch sehr schwer damit, solche Einlassungen dann \u00fcberhaupt noch Ernst zu nehmen.<\/p>\n","protected":false},"excerpt":{"rendered":"<p>Nicht erst seit gestern regen u.a. Die Gr\u00fcnen bei den Pl\u00e4nen f\u00fcr den Bau eines neuen Hallenbades in Bad Oeynhausen an, ein wenig mehr auf die Familienfreundlichkeit zu achten. So soll morgen eine Sparversion ohne Wassergew\u00f6hnungsbecken und ohne Sprungt\u00fcrme beschlossen &hellip;<\/p>\n<p class=\"read-more\"> <a class=\"more-link\" href=\"https:\/\/www.andreas-edler.de\/blog\/2019\/05\/krieg-in-der-kommunalpolitik-wegen-einem-hallenbad\/\"> <span class=\"screen-reader-text\">Krieg in der Kommunalpolitik &#8211; wegen einem Hallenbad?<\/span> Weiterlesen &raquo;<\/a><\/p>\n","protected":false},"author":1,"featured_media":0,"comment_status":"open","ping_status":"open","sticky":false,"template":"","format":"standard","meta":{"ngg_post_thumbnail":0,"activitypub_content_warning":"","activitypub_content_visibility":"","activitypub_max_image_attachments":2,"activitypub_interaction_policy_quote":"anyone","activitypub_status":"","footnotes":""},"categories":[14,45],"tags":[193,51,352,411,64,302,159,77,72],"class_list":["post-165046","post","type-post","status-publish","format-standard","hentry","category-bad-oeynhausen","category-politik","tag-buergermeister","tag-geld","tag-gruene","tag-hallenbad","tag-konsum","tag-sielbad","tag-sport","tag-stadtrat","tag-verwaltung"],"share_on_mastodon":{"url":"","error":""},"_links":{"self":[{"href":"https:\/\/www.andreas-edler.de\/blog\/wp-json\/wp\/v2\/posts\/165046","targetHints":{"allow":["GET"]}}],"collection":[{"href":"https:\/\/www.andreas-edler.de\/blog\/wp-json\/wp\/v2\/posts"}],"about":[{"href":"https:\/\/www.andreas-edler.de\/blog\/wp-json\/wp\/v2\/types\/post"}],"author":[{"embeddable":true,"href":"https:\/\/www.andreas-edler.de\/blog\/wp-json\/wp\/v2\/users\/1"}],"replies":[{"embeddable":true,"href":"https:\/\/www.andreas-edler.de\/blog\/wp-json\/wp\/v2\/comments?post=165046"}],"version-history":[{"count":0,"href":"https:\/\/www.andreas-edler.de\/blog\/wp-json\/wp\/v2\/posts\/165046\/revisions"}],"wp:attachment":[{"href":"https:\/\/www.andreas-edler.de\/blog\/wp-json\/wp\/v2\/media?parent=165046"}],"wp:term":[{"taxonomy":"category","embeddable":true,"href":"https:\/\/www.andreas-edler.de\/blog\/wp-json\/wp\/v2\/categories?post=165046"},{"taxonomy":"post_tag","embeddable":true,"href":"https:\/\/www.andreas-edler.de\/blog\/wp-json\/wp\/v2\/tags?post=165046"}],"curies":[{"name":"wp","href":"https:\/\/api.w.org\/{rel}","templated":true}]}}