{"id":165018,"date":"2019-04-16T23:03:13","date_gmt":"2019-04-16T21:03:13","guid":{"rendered":"http:\/\/www.andreas-edler.de\/blog\/?p=165018"},"modified":"2019-04-19T14:45:54","modified_gmt":"2019-04-19T12:45:54","slug":"polizei-kontrolliert-knapp-200-fahrradfahrer-nur-4-mit-mangelhaftem-licht","status":"publish","type":"post","link":"https:\/\/www.andreas-edler.de\/blog\/2019\/04\/polizei-kontrolliert-knapp-200-fahrradfahrer-nur-4-mit-mangelhaftem-licht\/","title":{"rendered":"Polizei kontrolliert knapp 200 Fahrradfahrer: nur 4% mit mangelhaftem Licht!"},"content":{"rendered":"<p>Radfahrende haben in der \u00fcberw\u00e4ltigen Mehrheit eine funktionierende Lichtanlage. Zumindest geht das aus einer Pressemeldung der Polizei Minden-L\u00fcbbecke hervor. Dies hatte 197 Radfahrende kontrolliert, von denen nur acht eine mangelhafte Lichtanlage hatten.<br \/>\n<cite>Polizei Minden-L\u00fcbbecke vom 16.04.2019: <b><a href=\"Polizei kontrolliert knapp 200 Fahrradfahrer\"><\/a><\/b><br \/>\n&#8230; Die Beamten des Verkehrsdienstes haben von Mittwoch bis Freitag im Kreisgebiet an mehreren Standorten schwerpunktm\u00e4\u00dfig Fahrradfahrer kontrolliert. Grund daf\u00fcr war die hohe prozentuale Beteiligung von Radfahrern an Verkehrsunf\u00e4llen des Jahres 2018 &#8230;<\/cite> <!--more--><br \/>\nUnd bei der Einleitung der Polizeimeldung muss ich auch schon fast wieder brechen. Ja, es gab eine Steigerung der Unfallzahlen. Nein, immer noch sind die motorisierten Verkehrsteilnehmer zu knapp 75% urs\u00e4chlich Schuld an den Unf\u00e4llen mit KFZ und Fahrradbeiteiligung. Kein Schulterblick, spielen mit dem Handy, schlichtes Ignorieren von Radfahrenden, zu hohes Tempo sind dir Gr\u00fcnde. Klar, dass man mit dieser Begr\u00fcndung los zieht, und diejenigen kontrolliert, die in der gro\u00dfen Mehrheit gar nichts zu den Unf\u00e4llen k\u00f6nnen. Zumindest ist das klar, wenn man ein Polizist ist.<\/p>\n<p>Andere Menschen w\u00fcrden wom\u00f6glich den motorsierten Verkehr verst\u00e4rkt kontrollieren, Parkverbote durchsetzen, Bu\u00dfgelder f\u00fcr Tempolimite aussprechen oder auch einfach mal Schwerpunktaktionen mit Sensibilisierungsma\u00dfnahmen bei KFZ-Fahrenden durchf\u00fchren, damit diese vielleicht mal die Augen aufmachen oder die Regeln lernen. <\/p>\n<p>Et voil\u00e1: Es gab auch was <a href=\"https:\/\/www.presseportal.de\/blaulicht\/pm\/43553\/4247111\">gegen Handy am Steuer<\/a>.<\/p>\n","protected":false},"excerpt":{"rendered":"<p>Radfahrende haben in der \u00fcberw\u00e4ltigen Mehrheit eine funktionierende Lichtanlage. Zumindest geht das aus einer Pressemeldung der Polizei Minden-L\u00fcbbecke hervor. Dies hatte 197 Radfahrende kontrolliert, von denen nur acht eine mangelhafte Lichtanlage hatten. Polizei Minden-L\u00fcbbecke vom 16.04.2019: &#8230; Die Beamten des &hellip;<\/p>\n<p class=\"read-more\"> <a class=\"more-link\" href=\"https:\/\/www.andreas-edler.de\/blog\/2019\/04\/polizei-kontrolliert-knapp-200-fahrradfahrer-nur-4-mit-mangelhaftem-licht\/\"> <span class=\"screen-reader-text\">Polizei kontrolliert knapp 200 Fahrradfahrer: nur 4% mit mangelhaftem Licht!<\/span> Weiterlesen &raquo;<\/a><\/p>\n","protected":false},"author":1,"featured_media":0,"comment_status":"open","ping_status":"open","sticky":false,"template":"","format":"standard","meta":{"ngg_post_thumbnail":0,"activitypub_content_warning":"","activitypub_content_visibility":"","activitypub_max_image_attachments":2,"activitypub_interaction_policy_quote":"anyone","activitypub_status":"","footnotes":""},"categories":[15,18,13],"tags":[34,127,59],"class_list":["post-165018","post","type-post","status-publish","format-standard","hentry","category-fahrrad","category-fraglich","category-verkehr","tag-kommunikation","tag-polizei","tag-presse"],"share_on_mastodon":{"url":"","error":""},"_links":{"self":[{"href":"https:\/\/www.andreas-edler.de\/blog\/wp-json\/wp\/v2\/posts\/165018","targetHints":{"allow":["GET"]}}],"collection":[{"href":"https:\/\/www.andreas-edler.de\/blog\/wp-json\/wp\/v2\/posts"}],"about":[{"href":"https:\/\/www.andreas-edler.de\/blog\/wp-json\/wp\/v2\/types\/post"}],"author":[{"embeddable":true,"href":"https:\/\/www.andreas-edler.de\/blog\/wp-json\/wp\/v2\/users\/1"}],"replies":[{"embeddable":true,"href":"https:\/\/www.andreas-edler.de\/blog\/wp-json\/wp\/v2\/comments?post=165018"}],"version-history":[{"count":0,"href":"https:\/\/www.andreas-edler.de\/blog\/wp-json\/wp\/v2\/posts\/165018\/revisions"}],"wp:attachment":[{"href":"https:\/\/www.andreas-edler.de\/blog\/wp-json\/wp\/v2\/media?parent=165018"}],"wp:term":[{"taxonomy":"category","embeddable":true,"href":"https:\/\/www.andreas-edler.de\/blog\/wp-json\/wp\/v2\/categories?post=165018"},{"taxonomy":"post_tag","embeddable":true,"href":"https:\/\/www.andreas-edler.de\/blog\/wp-json\/wp\/v2\/tags?post=165018"}],"curies":[{"name":"wp","href":"https:\/\/api.w.org\/{rel}","templated":true}]}}