{"id":165015,"date":"2019-04-19T14:02:42","date_gmt":"2019-04-19T12:02:42","guid":{"rendered":"http:\/\/www.andreas-edler.de\/blog\/?p=165015"},"modified":"2019-04-19T20:28:37","modified_gmt":"2019-04-19T18:28:37","slug":"und-wieder-ein-unfall-schoengeredet","status":"publish","type":"post","link":"https:\/\/www.andreas-edler.de\/blog\/2019\/04\/und-wieder-ein-unfall-schoengeredet\/","title":{"rendered":"Und wieder ein Unfall &#8222;sch\u00f6ngeredet&#8220;"},"content":{"rendered":"<p>Ein Autofahrer m\u00f6chte auf eine andere, vorfahrtberechtigte Stra\u00dfe einfahren, missachtet die Vorfahrt eines Radfahrers, rammt diesen und verletzt ihn.<br \/>\n<cite>Polizei Mi-L\u00fc vom 17.04.2019: <b><a href=\"https:\/\/www.presseportal.de\/blaulicht\/pm\/43553\/4248284\">Fahrradfahrer st\u00fcrzt nach Kollision mit PKW<\/a><\/b><br \/>\n&#8230;  kam es im Einm\u00fcndungsbereich des Hindenburgrings zu einer Kollision mit einem von links kommenden Seat. Dessen Fahrerin (36) &#8211; ebenfalls aus Espelkamp &#8211; beabsichtigte auf die Beuthener Stra\u00dfe einzufahren. Durch die Ber\u00fchrung mit dem PKW kam der Radler zu Fall und verletzte sich &#8230;<\/cite><!--more--><br \/>\nIm Text der Polizei findet sich weder die Missachtung der Vorfahrt, noch ein anderer Hinweis auf das Fehlverhalten der Autofahrerin. Wohl aber verletzte sich der Radfahrer mal wieder selbst und ebenso selbstverst\u00e4ndlich ist er der aktive Part in der Meldung. Liebe Polizei, solange ihr so formuliert, wird das nichts mit der positiven Einstellung zum Radverkehr. Im Gegenteil. Aber daran habt ihr meiner Meinung nach auch gar kein Interesse, sonst w\u00fcrdet ihr ja was substantielles \u00e4ndern, euch um die wirklichen Gefahren f\u00fcr Radfahrende k\u00fcmmern und nicht nur Helme und Westen propagieren. Ganz arm.<\/p>\n","protected":false},"excerpt":{"rendered":"<p>Ein Autofahrer m\u00f6chte auf eine andere, vorfahrtberechtigte Stra\u00dfe einfahren, missachtet die Vorfahrt eines Radfahrers, rammt diesen und verletzt ihn. Polizei Mi-L\u00fc vom 17.04.2019: Fahrradfahrer st\u00fcrzt nach Kollision mit PKW &#8230; kam es im Einm\u00fcndungsbereich des Hindenburgrings zu einer Kollision mit &hellip;<\/p>\n<p class=\"read-more\"> <a class=\"more-link\" href=\"https:\/\/www.andreas-edler.de\/blog\/2019\/04\/und-wieder-ein-unfall-schoengeredet\/\"> <span class=\"screen-reader-text\">Und wieder ein Unfall &#8222;sch\u00f6ngeredet&#8220;<\/span> Weiterlesen &raquo;<\/a><\/p>\n","protected":false},"author":1,"featured_media":0,"comment_status":"open","ping_status":"open","sticky":false,"template":"","format":"standard","meta":{"ngg_post_thumbnail":0,"activitypub_content_warning":"","activitypub_content_visibility":"","activitypub_max_image_attachments":2,"activitypub_interaction_policy_quote":"anyone","activitypub_status":"","footnotes":""},"categories":[15,13],"tags":[34,127,59],"class_list":["post-165015","post","type-post","status-publish","format-standard","hentry","category-fahrrad","category-verkehr","tag-kommunikation","tag-polizei","tag-presse"],"share_on_mastodon":{"url":"","error":""},"_links":{"self":[{"href":"https:\/\/www.andreas-edler.de\/blog\/wp-json\/wp\/v2\/posts\/165015","targetHints":{"allow":["GET"]}}],"collection":[{"href":"https:\/\/www.andreas-edler.de\/blog\/wp-json\/wp\/v2\/posts"}],"about":[{"href":"https:\/\/www.andreas-edler.de\/blog\/wp-json\/wp\/v2\/types\/post"}],"author":[{"embeddable":true,"href":"https:\/\/www.andreas-edler.de\/blog\/wp-json\/wp\/v2\/users\/1"}],"replies":[{"embeddable":true,"href":"https:\/\/www.andreas-edler.de\/blog\/wp-json\/wp\/v2\/comments?post=165015"}],"version-history":[{"count":0,"href":"https:\/\/www.andreas-edler.de\/blog\/wp-json\/wp\/v2\/posts\/165015\/revisions"}],"wp:attachment":[{"href":"https:\/\/www.andreas-edler.de\/blog\/wp-json\/wp\/v2\/media?parent=165015"}],"wp:term":[{"taxonomy":"category","embeddable":true,"href":"https:\/\/www.andreas-edler.de\/blog\/wp-json\/wp\/v2\/categories?post=165015"},{"taxonomy":"post_tag","embeddable":true,"href":"https:\/\/www.andreas-edler.de\/blog\/wp-json\/wp\/v2\/tags?post=165015"}],"curies":[{"name":"wp","href":"https:\/\/api.w.org\/{rel}","templated":true}]}}