{"id":164982,"date":"2019-04-07T23:32:00","date_gmt":"2019-04-07T21:32:00","guid":{"rendered":"http:\/\/www.andreas-edler.de\/blog\/?p=164982"},"modified":"2019-04-07T23:32:00","modified_gmt":"2019-04-07T21:32:00","slug":"die-poller-im-weserradweg-sind-weg","status":"publish","type":"post","link":"https:\/\/www.andreas-edler.de\/blog\/2019\/04\/die-poller-im-weserradweg-sind-weg\/","title":{"rendered":"Die Poller im Weserradweg sind weg"},"content":{"rendered":"<p>Nicht alle, aber zumindest ein paar. <a href=\"https:\/\/www.andreas-edler.de\/blog\/2008\/05\/radler-nicht-erwuenscht\/\">Nach elf jahren<\/a> hat die Verwaltung endlich auf die Radfahrenden geh\u00f6rt, <a href=\"https:\/\/www.andreas-edler.de\/blog\/2009\/04\/mobile-eisdielen\/\">den Mist<\/a> abgebaut und <a href=\"https:\/\/www.andreas-edler.de\/blog\/2019\/03\/die-poller-im-weserradweg-kommen-weg\/\">den KFZ-Verkehr geblockt<\/a>. Geht doch, vielen Dank!<br \/>\n<figure id=\"attachment_164983\" aria-describedby=\"caption-attachment-164983\" style=\"width: 470px\" class=\"wp-caption aligncenter\"><a href=\"http:\/\/www.andreas-edler.de\/blog\/wp-content\/uploads\/2019\/04\/2019-04-07-13.17.43.jpg\"><img loading=\"lazy\" decoding=\"async\" src=\"http:\/\/www.andreas-edler.de\/blog\/wp-content\/uploads\/2019\/04\/2019-04-07-13.17.43-470x237.jpg\" alt=\"\" width=\"470\" height=\"237\" class=\"size-large wp-image-164983\" srcset=\"https:\/\/www.andreas-edler.de\/blog\/wp-content\/uploads\/2019\/04\/2019-04-07-13.17.43-470x237.jpg 470w, https:\/\/www.andreas-edler.de\/blog\/wp-content\/uploads\/2019\/04\/2019-04-07-13.17.43-250x126.jpg 250w, https:\/\/www.andreas-edler.de\/blog\/wp-content\/uploads\/2019\/04\/2019-04-07-13.17.43-768x388.jpg 768w, https:\/\/www.andreas-edler.de\/blog\/wp-content\/uploads\/2019\/04\/2019-04-07-13.17.43-100x50.jpg 100w, https:\/\/www.andreas-edler.de\/blog\/wp-content\/uploads\/2019\/04\/2019-04-07-13.17.43-150x76.jpg 150w, https:\/\/www.andreas-edler.de\/blog\/wp-content\/uploads\/2019\/04\/2019-04-07-13.17.43-200x101.jpg 200w, https:\/\/www.andreas-edler.de\/blog\/wp-content\/uploads\/2019\/04\/2019-04-07-13.17.43-300x151.jpg 300w, https:\/\/www.andreas-edler.de\/blog\/wp-content\/uploads\/2019\/04\/2019-04-07-13.17.43-450x227.jpg 450w, https:\/\/www.andreas-edler.de\/blog\/wp-content\/uploads\/2019\/04\/2019-04-07-13.17.43-600x303.jpg 600w, https:\/\/www.andreas-edler.de\/blog\/wp-content\/uploads\/2019\/04\/2019-04-07-13.17.43-900x454.jpg 900w, https:\/\/www.andreas-edler.de\/blog\/wp-content\/uploads\/2019\/04\/2019-04-07-13.17.43.jpg 1280w\" sizes=\"auto, (max-width: 470px) 100vw, 470px\" \/><\/a><figcaption id=\"caption-attachment-164983\" class=\"wp-caption-text\">Ein bisschen mehr freie Fahrt auf dem Weserradweg<\/figcaption><\/figure> <!--more--><br \/>\nGleichzeitig war allerdings die zwei Meter Barriere an der Einfahrt zum Parkplatz am Sportplatz demontiert. Und auch nicht alle PKW-Fahrende wussten, was die durchgezogene Linie zwischen Parkplatz und Weserradweg bedeuten soll und stellten ihr Fahrzeug mitten drauf. <figure id=\"attachment_164984\" aria-describedby=\"caption-attachment-164984\" style=\"width: 470px\" class=\"wp-caption aligncenter\"><a href=\"http:\/\/www.andreas-edler.de\/blog\/wp-content\/uploads\/2019\/04\/2019-04-07-13.18.33.jpg\"><img loading=\"lazy\" decoding=\"async\" src=\"http:\/\/www.andreas-edler.de\/blog\/wp-content\/uploads\/2019\/04\/2019-04-07-13.18.33-470x209.jpg\" alt=\"\" width=\"470\" height=\"209\" class=\"size-large wp-image-164984\" srcset=\"https:\/\/www.andreas-edler.de\/blog\/wp-content\/uploads\/2019\/04\/2019-04-07-13.18.33-470x209.jpg 470w, https:\/\/www.andreas-edler.de\/blog\/wp-content\/uploads\/2019\/04\/2019-04-07-13.18.33-250x111.jpg 250w, https:\/\/www.andreas-edler.de\/blog\/wp-content\/uploads\/2019\/04\/2019-04-07-13.18.33-768x341.jpg 768w, https:\/\/www.andreas-edler.de\/blog\/wp-content\/uploads\/2019\/04\/2019-04-07-13.18.33-100x44.jpg 100w, https:\/\/www.andreas-edler.de\/blog\/wp-content\/uploads\/2019\/04\/2019-04-07-13.18.33-150x67.jpg 150w, https:\/\/www.andreas-edler.de\/blog\/wp-content\/uploads\/2019\/04\/2019-04-07-13.18.33-200x89.jpg 200w, https:\/\/www.andreas-edler.de\/blog\/wp-content\/uploads\/2019\/04\/2019-04-07-13.18.33-300x133.jpg 300w, https:\/\/www.andreas-edler.de\/blog\/wp-content\/uploads\/2019\/04\/2019-04-07-13.18.33-450x200.jpg 450w, https:\/\/www.andreas-edler.de\/blog\/wp-content\/uploads\/2019\/04\/2019-04-07-13.18.33-600x266.jpg 600w, https:\/\/www.andreas-edler.de\/blog\/wp-content\/uploads\/2019\/04\/2019-04-07-13.18.33-900x399.jpg 900w, https:\/\/www.andreas-edler.de\/blog\/wp-content\/uploads\/2019\/04\/2019-04-07-13.18.33.jpg 1280w\" sizes=\"auto, (max-width: 470px) 100vw, 470px\" \/><\/a><figcaption id=\"caption-attachment-164984\" class=\"wp-caption-text\">Keine H\u00f6henbeschr\u00e4nkung<\/figcaption><\/figure><br \/>\nDas mag gemacht worden sein, um den Radtouristen die Einfahrt mit Dachgep\u00e4cktr\u00e4gern zu erm\u00f6glichen. Dadurch kann man nat\u00fcrlich jetzt auch sch\u00f6n mit h\u00f6heren Fahrzeugen auf den Parkplatz und die Poller unten umgehen. Mal sehen was da noch passiert.<\/p>\n","protected":false},"excerpt":{"rendered":"<p>Nicht alle, aber zumindest ein paar. Nach elf jahren hat die Verwaltung endlich auf die Radfahrenden geh\u00f6rt, den Mist abgebaut und den KFZ-Verkehr geblockt. Geht doch, vielen Dank!<\/p>\n","protected":false},"author":1,"featured_media":0,"comment_status":"open","ping_status":"open","sticky":false,"template":"","format":"standard","meta":{"ngg_post_thumbnail":0,"activitypub_content_warning":"","activitypub_content_visibility":"","activitypub_max_image_attachments":2,"activitypub_interaction_policy_quote":"anyone","activitypub_status":"","footnotes":""},"categories":[14,15,45,13],"tags":[109,110,251,77,72,301],"class_list":["post-164982","post","type-post","status-publish","format-standard","hentry","category-bad-oeynhausen","category-fahrrad","category-politik","category-verkehr","tag-adfc","tag-fahrradfreundliche-stadt","tag-infrastruktur","tag-stadtrat","tag-verwaltung","tag-weserradweg"],"share_on_mastodon":{"url":"","error":""},"_links":{"self":[{"href":"https:\/\/www.andreas-edler.de\/blog\/wp-json\/wp\/v2\/posts\/164982","targetHints":{"allow":["GET"]}}],"collection":[{"href":"https:\/\/www.andreas-edler.de\/blog\/wp-json\/wp\/v2\/posts"}],"about":[{"href":"https:\/\/www.andreas-edler.de\/blog\/wp-json\/wp\/v2\/types\/post"}],"author":[{"embeddable":true,"href":"https:\/\/www.andreas-edler.de\/blog\/wp-json\/wp\/v2\/users\/1"}],"replies":[{"embeddable":true,"href":"https:\/\/www.andreas-edler.de\/blog\/wp-json\/wp\/v2\/comments?post=164982"}],"version-history":[{"count":0,"href":"https:\/\/www.andreas-edler.de\/blog\/wp-json\/wp\/v2\/posts\/164982\/revisions"}],"wp:attachment":[{"href":"https:\/\/www.andreas-edler.de\/blog\/wp-json\/wp\/v2\/media?parent=164982"}],"wp:term":[{"taxonomy":"category","embeddable":true,"href":"https:\/\/www.andreas-edler.de\/blog\/wp-json\/wp\/v2\/categories?post=164982"},{"taxonomy":"post_tag","embeddable":true,"href":"https:\/\/www.andreas-edler.de\/blog\/wp-json\/wp\/v2\/tags?post=164982"}],"curies":[{"name":"wp","href":"https:\/\/api.w.org\/{rel}","templated":true}]}}