{"id":164951,"date":"2019-03-31T20:04:18","date_gmt":"2019-03-31T18:04:18","guid":{"rendered":"http:\/\/www.andreas-edler.de\/blog\/?p=164951"},"modified":"2022-06-17T08:49:35","modified_gmt":"2022-06-17T06:49:35","slug":"wir-haben-viel-zu-wenig-parkplaetze-in-bad-oeynhausen","status":"publish","type":"post","link":"https:\/\/www.andreas-edler.de\/blog\/2019\/03\/wir-haben-viel-zu-wenig-parkplaetze-in-bad-oeynhausen\/","title":{"rendered":"Wir haben viel zu wenig Parkpl\u00e4tze in Bad Oeynhausen"},"content":{"rendered":"<p>Nachdem <a href=\"http:\/\/www.andreas-edler.de\/blog\/2019\/03\/parkdruck-nicht-fuer-das-fahrrad\/\">gestern in der Zeitung<\/a> der Parkdruck diskutiert wurde, habe ich heute auf dem R\u00fcckweg von meiner Mama ein paar Fotos in wirklich parkdruckgeplagten Stra\u00dfen gemacht. Im Westkorso darf man unter der Woche nicht auf der Fahrbahn parken. Das ist nur am Wochenende erlaubt &#8211; wahrscheinlich um den Besuchern der Patienten in den vielen Kliniken den Besuch zu erleichtern. Ansonsten ist das eine Einbahnstra\u00dfe welche f\u00fcr Radfahrer in beide Richtungen frei ist und Tempo-30-Zone. Gegen die Einbahnstra\u00dfenrichtung fahren ist am Wochenende eine Herausforderung, klappte heute aber erstaunlicherweise ohne mir gezeigten Stinkefinger, Hupen, P\u00f6beln oder Vogel zeigen.<br \/>\n<figure id=\"attachment_164952\" aria-describedby=\"caption-attachment-164952\" style=\"width: 470px\" class=\"wp-caption aligncenter\"><a href=\"http:\/\/www.andreas-edler.de\/blog\/wp-content\/uploads\/2019\/03\/2019-03-31-16.24.26.jpg\"><img loading=\"lazy\" decoding=\"async\" src=\"http:\/\/www.andreas-edler.de\/blog\/wp-content\/uploads\/2019\/03\/2019-03-31-16.24.26-470x208.jpg\" alt=\"\" width=\"470\" height=\"208\" class=\"size-large wp-image-164952\" srcset=\"https:\/\/www.andreas-edler.de\/blog\/wp-content\/uploads\/2019\/03\/2019-03-31-16.24.26-470x208.jpg 470w, https:\/\/www.andreas-edler.de\/blog\/wp-content\/uploads\/2019\/03\/2019-03-31-16.24.26-250x111.jpg 250w, https:\/\/www.andreas-edler.de\/blog\/wp-content\/uploads\/2019\/03\/2019-03-31-16.24.26-768x340.jpg 768w, https:\/\/www.andreas-edler.de\/blog\/wp-content\/uploads\/2019\/03\/2019-03-31-16.24.26-100x44.jpg 100w, https:\/\/www.andreas-edler.de\/blog\/wp-content\/uploads\/2019\/03\/2019-03-31-16.24.26-150x66.jpg 150w, https:\/\/www.andreas-edler.de\/blog\/wp-content\/uploads\/2019\/03\/2019-03-31-16.24.26-200x89.jpg 200w, https:\/\/www.andreas-edler.de\/blog\/wp-content\/uploads\/2019\/03\/2019-03-31-16.24.26-300x133.jpg 300w, https:\/\/www.andreas-edler.de\/blog\/wp-content\/uploads\/2019\/03\/2019-03-31-16.24.26-450x199.jpg 450w, https:\/\/www.andreas-edler.de\/blog\/wp-content\/uploads\/2019\/03\/2019-03-31-16.24.26-600x266.jpg 600w, https:\/\/www.andreas-edler.de\/blog\/wp-content\/uploads\/2019\/03\/2019-03-31-16.24.26-900x399.jpg 900w, https:\/\/www.andreas-edler.de\/blog\/wp-content\/uploads\/2019\/03\/2019-03-31-16.24.26.jpg 1280w\" sizes=\"auto, (max-width: 470px) 100vw, 470px\" \/><\/a><figcaption id=\"caption-attachment-164952\" class=\"wp-caption-text\">Westkorso Richtung S\u00fcden<\/figcaption><\/figure> <!--more--> <figure id=\"attachment_164953\" aria-describedby=\"caption-attachment-164953\" style=\"width: 470px\" class=\"wp-caption aligncenter\"><a href=\"http:\/\/www.andreas-edler.de\/blog\/wp-content\/uploads\/2019\/03\/2019-03-31-16.24.22.jpg\"><img loading=\"lazy\" decoding=\"async\" src=\"http:\/\/www.andreas-edler.de\/blog\/wp-content\/uploads\/2019\/03\/2019-03-31-16.24.22-470x208.jpg\" alt=\"\" width=\"470\" height=\"208\" class=\"size-large wp-image-164953\" srcset=\"https:\/\/www.andreas-edler.de\/blog\/wp-content\/uploads\/2019\/03\/2019-03-31-16.24.22-470x208.jpg 470w, https:\/\/www.andreas-edler.de\/blog\/wp-content\/uploads\/2019\/03\/2019-03-31-16.24.22-250x111.jpg 250w, https:\/\/www.andreas-edler.de\/blog\/wp-content\/uploads\/2019\/03\/2019-03-31-16.24.22-768x340.jpg 768w, https:\/\/www.andreas-edler.de\/blog\/wp-content\/uploads\/2019\/03\/2019-03-31-16.24.22-100x44.jpg 100w, https:\/\/www.andreas-edler.de\/blog\/wp-content\/uploads\/2019\/03\/2019-03-31-16.24.22-150x66.jpg 150w, https:\/\/www.andreas-edler.de\/blog\/wp-content\/uploads\/2019\/03\/2019-03-31-16.24.22-200x89.jpg 200w, https:\/\/www.andreas-edler.de\/blog\/wp-content\/uploads\/2019\/03\/2019-03-31-16.24.22-300x133.jpg 300w, https:\/\/www.andreas-edler.de\/blog\/wp-content\/uploads\/2019\/03\/2019-03-31-16.24.22-450x199.jpg 450w, https:\/\/www.andreas-edler.de\/blog\/wp-content\/uploads\/2019\/03\/2019-03-31-16.24.22-600x266.jpg 600w, https:\/\/www.andreas-edler.de\/blog\/wp-content\/uploads\/2019\/03\/2019-03-31-16.24.22-900x399.jpg 900w, https:\/\/www.andreas-edler.de\/blog\/wp-content\/uploads\/2019\/03\/2019-03-31-16.24.22.jpg 1280w\" sizes=\"auto, (max-width: 470px) 100vw, 470px\" \/><\/a><figcaption id=\"caption-attachment-164953\" class=\"wp-caption-text\">Westkorso Richtung Norden<\/figcaption><\/figure><br \/>\nKlar, alles zugestellt am Rand. Ca. drei Fu\u00dfminuten von der Stelle &#8211; nicht ganz 300 Meter entfernt &#8211; ist das Parkhaus an der Herforder Stra\u00dfe. Da bin ich dann einfach mal rein gefahren. Auf der untersten Etage standen tats\u00e4chlich einige KFZ, die dar\u00fcber hatte schon etliche freie Stellpl\u00e4tze &#8230; und dar\u00fcber?<br \/>\n<figure id=\"attachment_164954\" aria-describedby=\"caption-attachment-164954\" style=\"width: 470px\" class=\"wp-caption aligncenter\"><a href=\"http:\/\/www.andreas-edler.de\/blog\/wp-content\/uploads\/2019\/03\/2019-03-31-16.30.14.jpg\"><img loading=\"lazy\" decoding=\"async\" src=\"http:\/\/www.andreas-edler.de\/blog\/wp-content\/uploads\/2019\/03\/2019-03-31-16.30.14-470x181.jpg\" alt=\"\" width=\"470\" height=\"181\" class=\"size-large wp-image-164954\" srcset=\"https:\/\/www.andreas-edler.de\/blog\/wp-content\/uploads\/2019\/03\/2019-03-31-16.30.14-470x181.jpg 470w, https:\/\/www.andreas-edler.de\/blog\/wp-content\/uploads\/2019\/03\/2019-03-31-16.30.14-250x96.jpg 250w, https:\/\/www.andreas-edler.de\/blog\/wp-content\/uploads\/2019\/03\/2019-03-31-16.30.14-768x295.jpg 768w, https:\/\/www.andreas-edler.de\/blog\/wp-content\/uploads\/2019\/03\/2019-03-31-16.30.14-100x38.jpg 100w, https:\/\/www.andreas-edler.de\/blog\/wp-content\/uploads\/2019\/03\/2019-03-31-16.30.14-150x58.jpg 150w, https:\/\/www.andreas-edler.de\/blog\/wp-content\/uploads\/2019\/03\/2019-03-31-16.30.14-200x77.jpg 200w, https:\/\/www.andreas-edler.de\/blog\/wp-content\/uploads\/2019\/03\/2019-03-31-16.30.14-300x115.jpg 300w, https:\/\/www.andreas-edler.de\/blog\/wp-content\/uploads\/2019\/03\/2019-03-31-16.30.14-450x173.jpg 450w, https:\/\/www.andreas-edler.de\/blog\/wp-content\/uploads\/2019\/03\/2019-03-31-16.30.14-600x231.jpg 600w, https:\/\/www.andreas-edler.de\/blog\/wp-content\/uploads\/2019\/03\/2019-03-31-16.30.14-900x346.jpg 900w, https:\/\/www.andreas-edler.de\/blog\/wp-content\/uploads\/2019\/03\/2019-03-31-16.30.14.jpg 1193w\" sizes=\"auto, (max-width: 470px) 100vw, 470px\" \/><\/a><figcaption id=\"caption-attachment-164954\" class=\"wp-caption-text\">G\u00e4hnende Leere im Parkhaus an der Herforder Stra\u00dfe<\/figcaption><\/figure><br \/>\nKlar, da kann man nat\u00fcrlich nicht parken. Wo kommen wir denn da hin, wenn man 300 Meter zu Fu\u00df gehen muss?!<\/p>\n<p>Die Stra\u00dfe Am Kurpark wird geziert von Halteverbotsschildern. Das interessiert aber niemanden. Also nicht die Menschen die dort ihre Fahrzeuge abstellen und auch nicht das Ordnungsamt der Stadt Bad Oeynhausen. In einem Controllingbericht las ich dazu mal das Wort vom &#8222;Weihnachtsfrieden&#8220;, der inzwischen aber wohl auch ein Winter-, Fr\u00fchlings-, Sommer- und Herbstfrieden ist.<br \/>\n<figure id=\"attachment_164955\" aria-describedby=\"caption-attachment-164955\" style=\"width: 470px\" class=\"wp-caption aligncenter\"><a href=\"http:\/\/www.andreas-edler.de\/blog\/wp-content\/uploads\/2019\/03\/2019-03-31-16.44.09.jpg\"><img loading=\"lazy\" decoding=\"async\" src=\"http:\/\/www.andreas-edler.de\/blog\/wp-content\/uploads\/2019\/03\/2019-03-31-16.44.09-470x195.jpg\" alt=\"\" width=\"470\" height=\"195\" class=\"size-large wp-image-164955\" srcset=\"https:\/\/www.andreas-edler.de\/blog\/wp-content\/uploads\/2019\/03\/2019-03-31-16.44.09-470x195.jpg 470w, https:\/\/www.andreas-edler.de\/blog\/wp-content\/uploads\/2019\/03\/2019-03-31-16.44.09-250x104.jpg 250w, https:\/\/www.andreas-edler.de\/blog\/wp-content\/uploads\/2019\/03\/2019-03-31-16.44.09-768x319.jpg 768w, https:\/\/www.andreas-edler.de\/blog\/wp-content\/uploads\/2019\/03\/2019-03-31-16.44.09-100x42.jpg 100w, https:\/\/www.andreas-edler.de\/blog\/wp-content\/uploads\/2019\/03\/2019-03-31-16.44.09-150x62.jpg 150w, https:\/\/www.andreas-edler.de\/blog\/wp-content\/uploads\/2019\/03\/2019-03-31-16.44.09-200x83.jpg 200w, https:\/\/www.andreas-edler.de\/blog\/wp-content\/uploads\/2019\/03\/2019-03-31-16.44.09-300x125.jpg 300w, https:\/\/www.andreas-edler.de\/blog\/wp-content\/uploads\/2019\/03\/2019-03-31-16.44.09-450x187.jpg 450w, https:\/\/www.andreas-edler.de\/blog\/wp-content\/uploads\/2019\/03\/2019-03-31-16.44.09-600x249.jpg 600w, https:\/\/www.andreas-edler.de\/blog\/wp-content\/uploads\/2019\/03\/2019-03-31-16.44.09-900x374.jpg 900w, https:\/\/www.andreas-edler.de\/blog\/wp-content\/uploads\/2019\/03\/2019-03-31-16.44.09.jpg 1280w\" sizes=\"auto, (max-width: 470px) 100vw, 470px\" \/><\/a><figcaption id=\"caption-attachment-164955\" class=\"wp-caption-text\">Am Kurpark wird zugeparkt<\/figcaption><\/figure><br \/>\nVierhundertdrei\u00dfig Meter von dieser Stelle entfernt befindet sich das Parkhaus S\u00fcltebusch. Wenn man nur die Entfernung zum Inowroclawplatz am New Orleans nimmt &#8211; da wo sich alle treffen &#8211; sind es nur noch knapp 300 Meter. Diese sind zudem noch gut zur H\u00e4lfte \u00fcberdacht! Na, da wird das Parkhaus bei dem Wetter ja sicher proppenvoll sein!<br \/>\n<figure id=\"attachment_164956\" aria-describedby=\"caption-attachment-164956\" style=\"width: 470px\" class=\"wp-caption aligncenter\"><a href=\"http:\/\/www.andreas-edler.de\/blog\/wp-content\/uploads\/2019\/03\/2019-03-31-16.52.37.jpg\"><img loading=\"lazy\" decoding=\"async\" src=\"http:\/\/www.andreas-edler.de\/blog\/wp-content\/uploads\/2019\/03\/2019-03-31-16.52.37-470x135.jpg\" alt=\"\" width=\"470\" height=\"135\" class=\"size-large wp-image-164956\" srcset=\"https:\/\/www.andreas-edler.de\/blog\/wp-content\/uploads\/2019\/03\/2019-03-31-16.52.37-470x135.jpg 470w, https:\/\/www.andreas-edler.de\/blog\/wp-content\/uploads\/2019\/03\/2019-03-31-16.52.37-250x72.jpg 250w, https:\/\/www.andreas-edler.de\/blog\/wp-content\/uploads\/2019\/03\/2019-03-31-16.52.37-768x221.jpg 768w, https:\/\/www.andreas-edler.de\/blog\/wp-content\/uploads\/2019\/03\/2019-03-31-16.52.37-100x29.jpg 100w, https:\/\/www.andreas-edler.de\/blog\/wp-content\/uploads\/2019\/03\/2019-03-31-16.52.37-150x43.jpg 150w, https:\/\/www.andreas-edler.de\/blog\/wp-content\/uploads\/2019\/03\/2019-03-31-16.52.37-200x58.jpg 200w, https:\/\/www.andreas-edler.de\/blog\/wp-content\/uploads\/2019\/03\/2019-03-31-16.52.37-300x86.jpg 300w, https:\/\/www.andreas-edler.de\/blog\/wp-content\/uploads\/2019\/03\/2019-03-31-16.52.37-450x129.jpg 450w, https:\/\/www.andreas-edler.de\/blog\/wp-content\/uploads\/2019\/03\/2019-03-31-16.52.37-600x173.jpg 600w, https:\/\/www.andreas-edler.de\/blog\/wp-content\/uploads\/2019\/03\/2019-03-31-16.52.37-900x259.jpg 900w, https:\/\/www.andreas-edler.de\/blog\/wp-content\/uploads\/2019\/03\/2019-03-31-16.52.37.jpg 1280w\" sizes=\"auto, (max-width: 470px) 100vw, 470px\" \/><\/a><figcaption id=\"caption-attachment-164956\" class=\"wp-caption-text\">Parkhaus S\u00fcltebusch &#8211; g\u00e4hnende Leere bei strahlendem Sonnenschein<\/figcaption><\/figure><br \/>\nIch stelle mal nur ein Bild als Beispiel ein. Die anderen Etagen sahen genauso aus. Ich sch\u00e4tze mal, dass ein gutes Dutzend KFZ im Parkhaus standen. Dieses Gerede von fehlendem Parkraum geht mir derma\u00dfen auf den Sack. Es gibt nicht zuwenig Parkpl\u00e4tze, die liegen sogar ziemlich zentral. Und nein, die Besucher in der Innenstadt gingen nicht alle an Rollatoren, Unterarmgehhilfen oder sa\u00dfen im Rollstuhl. Da waren sogar ein paar v\u00f6llig gesunde, junge Menschen dabei.<\/p>\n<p>Zugeparkte Stra\u00dfen und ausufernder Parksuchverkehr entstehen in Bad Oeynhausen nicht durch zuwenig Parkraum, sondern durch maximal bequeme Menschen und fehlende Konsequenzen bei der Missachtung von Regeln. Das scheint so gewollt zu sein. Denn ansonsten w\u00fcrde man ja ein vern\u00fcnftiges Parkleitsystem etablieren oder auch mal richtig laut Kontra zu den ewigen &#8222;Aber es fehlen Parkpl\u00e4tze&#8220;-Rufern geben.<\/p>\n<p>Ich habe heute jedenfalls dutzende freie Parkpl\u00e4tze gefunden &#8211; und die Stadt war gut besucht. Da ginge noch was &#8230;<\/p>\n","protected":false},"excerpt":{"rendered":"<p>Nachdem gestern in der Zeitung der Parkdruck diskutiert wurde, habe ich heute auf dem R\u00fcckweg von meiner Mama ein paar Fotos in wirklich parkdruckgeplagten Stra\u00dfen gemacht. Im Westkorso darf man unter der Woche nicht auf der Fahrbahn parken. Das ist &hellip;<\/p>\n<p class=\"read-more\"> <a class=\"more-link\" href=\"https:\/\/www.andreas-edler.de\/blog\/2019\/03\/wir-haben-viel-zu-wenig-parkplaetze-in-bad-oeynhausen\/\"> <span class=\"screen-reader-text\">Wir haben viel zu wenig Parkpl\u00e4tze in Bad Oeynhausen<\/span> Weiterlesen &raquo;<\/a><\/p>\n","protected":false},"author":1,"featured_media":0,"comment_status":"open","ping_status":"open","sticky":false,"template":"","format":"standard","meta":{"ngg_post_thumbnail":0,"activitypub_content_warning":"","activitypub_content_visibility":"","activitypub_max_image_attachments":2,"activitypub_interaction_policy_quote":"anyone","activitypub_status":"","footnotes":""},"categories":[14,45,13],"tags":[37,215,216,77,535,72],"class_list":["post-164951","post","type-post","status-publish","format-standard","hentry","category-bad-oeynhausen","category-politik","category-verkehr","tag-auto","tag-parkgebuehrenkonzept","tag-parkhaeuser","tag-stadtrat","tag-sueltebusch","tag-verwaltung"],"share_on_mastodon":{"url":"","error":""},"_links":{"self":[{"href":"https:\/\/www.andreas-edler.de\/blog\/wp-json\/wp\/v2\/posts\/164951","targetHints":{"allow":["GET"]}}],"collection":[{"href":"https:\/\/www.andreas-edler.de\/blog\/wp-json\/wp\/v2\/posts"}],"about":[{"href":"https:\/\/www.andreas-edler.de\/blog\/wp-json\/wp\/v2\/types\/post"}],"author":[{"embeddable":true,"href":"https:\/\/www.andreas-edler.de\/blog\/wp-json\/wp\/v2\/users\/1"}],"replies":[{"embeddable":true,"href":"https:\/\/www.andreas-edler.de\/blog\/wp-json\/wp\/v2\/comments?post=164951"}],"version-history":[{"count":0,"href":"https:\/\/www.andreas-edler.de\/blog\/wp-json\/wp\/v2\/posts\/164951\/revisions"}],"wp:attachment":[{"href":"https:\/\/www.andreas-edler.de\/blog\/wp-json\/wp\/v2\/media?parent=164951"}],"wp:term":[{"taxonomy":"category","embeddable":true,"href":"https:\/\/www.andreas-edler.de\/blog\/wp-json\/wp\/v2\/categories?post=164951"},{"taxonomy":"post_tag","embeddable":true,"href":"https:\/\/www.andreas-edler.de\/blog\/wp-json\/wp\/v2\/tags?post=164951"}],"curies":[{"name":"wp","href":"https:\/\/api.w.org\/{rel}","templated":true}]}}