{"id":164910,"date":"2019-03-21T20:41:10","date_gmt":"2019-03-21T19:41:10","guid":{"rendered":"http:\/\/www.andreas-edler.de\/blog\/?p=164910"},"modified":"2019-03-21T20:41:10","modified_gmt":"2019-03-21T19:41:10","slug":"die-poller-im-weserradweg-kommen-weg","status":"publish","type":"post","link":"https:\/\/www.andreas-edler.de\/blog\/2019\/03\/die-poller-im-weserradweg-kommen-weg\/","title":{"rendered":"Die Poller im Weserradweg kommen weg!"},"content":{"rendered":"<p>Endlich! Da habe ich ja <a href=\"https:\/\/www.andreas-edler.de\/blog\/2008\/05\/radler-nicht-erwnscht\/\">nur \u00fcber ein Jahrzehnt reden<\/a> m\u00fcssen. Zuletzt hatte ich im Sp\u00e4tsommer 2018 dazu eine Anfrage im Ausschuss f\u00fcr Stadtentwicklung gestellt auf welchen ich <a href=\"https:\/\/www.andreas-edler.de\/blog\/2019\/03\/radwegnutzung-durch-lieferverkehr\/\">im Februar 2019 eine Antwort erhielt<\/a>. Diese zog einen weiteren Mailverkehr nach sich. <figure id=\"attachment_164912\" aria-describedby=\"caption-attachment-164912\" style=\"width: 470px\" class=\"wp-caption aligncenter\"><a href=\"http:\/\/www.andreas-edler.de\/blog\/wp-content\/uploads\/2019\/03\/2019-03-21-17.47.29.jpg\"><img loading=\"lazy\" decoding=\"async\" src=\"http:\/\/www.andreas-edler.de\/blog\/wp-content\/uploads\/2019\/03\/2019-03-21-17.47.29-470x266.jpg\" alt=\"\" width=\"470\" height=\"266\" class=\"size-large wp-image-164912\" srcset=\"https:\/\/www.andreas-edler.de\/blog\/wp-content\/uploads\/2019\/03\/2019-03-21-17.47.29-470x266.jpg 470w, https:\/\/www.andreas-edler.de\/blog\/wp-content\/uploads\/2019\/03\/2019-03-21-17.47.29-250x141.jpg 250w, https:\/\/www.andreas-edler.de\/blog\/wp-content\/uploads\/2019\/03\/2019-03-21-17.47.29-768x434.jpg 768w, https:\/\/www.andreas-edler.de\/blog\/wp-content\/uploads\/2019\/03\/2019-03-21-17.47.29-100x57.jpg 100w, https:\/\/www.andreas-edler.de\/blog\/wp-content\/uploads\/2019\/03\/2019-03-21-17.47.29-150x85.jpg 150w, https:\/\/www.andreas-edler.de\/blog\/wp-content\/uploads\/2019\/03\/2019-03-21-17.47.29-200x113.jpg 200w, https:\/\/www.andreas-edler.de\/blog\/wp-content\/uploads\/2019\/03\/2019-03-21-17.47.29-300x170.jpg 300w, https:\/\/www.andreas-edler.de\/blog\/wp-content\/uploads\/2019\/03\/2019-03-21-17.47.29-450x255.jpg 450w, https:\/\/www.andreas-edler.de\/blog\/wp-content\/uploads\/2019\/03\/2019-03-21-17.47.29-600x339.jpg 600w, https:\/\/www.andreas-edler.de\/blog\/wp-content\/uploads\/2019\/03\/2019-03-21-17.47.29-900x509.jpg 900w, https:\/\/www.andreas-edler.de\/blog\/wp-content\/uploads\/2019\/03\/2019-03-21-17.47.29.jpg 1280w\" sizes=\"auto, (max-width: 470px) 100vw, 470px\" \/><\/a><figcaption id=\"caption-attachment-164912\" class=\"wp-caption-text\">Poller quer zum Weserradweg<\/figcaption><\/figure> <!--more--><br \/>\nMir wurde dann zugesagt, dass sich die Verwaltung die Situation vor Ort mal ansieht. Das ist jetzt geschehen und gestern erhielt ich per Mail die R\u00fcckmeldung, dass die Pfosten quer \u00fcber den Weserradweg abgebaut werden und daf\u00fcr die Adam-Opel-Stra\u00dfe abgepollert wird! Hervorragend, genau das, was seit 2008 gefordert wurde. Warum mir erst 11 Jahre sp\u00e4ter f\u00fcr den konstruktiven Vorschlag gedankt wird und im vergangenen Jahrzehnt lediglich der Kopf gesch\u00fcttelt wurde, verstehe ich nicht. Aber sei&#8217;s drum. Die Pfosten kommen weg.<br \/>\n<figure id=\"attachment_164913\" aria-describedby=\"caption-attachment-164913\" style=\"width: 470px\" class=\"wp-caption aligncenter\"><a href=\"http:\/\/www.andreas-edler.de\/blog\/wp-content\/uploads\/2019\/03\/2019-03-21-17.46.21.jpg\"><img loading=\"lazy\" decoding=\"async\" src=\"http:\/\/www.andreas-edler.de\/blog\/wp-content\/uploads\/2019\/03\/2019-03-21-17.46.21-470x266.jpg\" alt=\"\" width=\"470\" height=\"266\" class=\"size-large wp-image-164913\" srcset=\"https:\/\/www.andreas-edler.de\/blog\/wp-content\/uploads\/2019\/03\/2019-03-21-17.46.21-470x266.jpg 470w, https:\/\/www.andreas-edler.de\/blog\/wp-content\/uploads\/2019\/03\/2019-03-21-17.46.21-250x141.jpg 250w, https:\/\/www.andreas-edler.de\/blog\/wp-content\/uploads\/2019\/03\/2019-03-21-17.46.21-768x434.jpg 768w, https:\/\/www.andreas-edler.de\/blog\/wp-content\/uploads\/2019\/03\/2019-03-21-17.46.21-100x57.jpg 100w, https:\/\/www.andreas-edler.de\/blog\/wp-content\/uploads\/2019\/03\/2019-03-21-17.46.21-150x85.jpg 150w, https:\/\/www.andreas-edler.de\/blog\/wp-content\/uploads\/2019\/03\/2019-03-21-17.46.21-200x113.jpg 200w, https:\/\/www.andreas-edler.de\/blog\/wp-content\/uploads\/2019\/03\/2019-03-21-17.46.21-300x170.jpg 300w, https:\/\/www.andreas-edler.de\/blog\/wp-content\/uploads\/2019\/03\/2019-03-21-17.46.21-450x255.jpg 450w, https:\/\/www.andreas-edler.de\/blog\/wp-content\/uploads\/2019\/03\/2019-03-21-17.46.21-600x339.jpg 600w, https:\/\/www.andreas-edler.de\/blog\/wp-content\/uploads\/2019\/03\/2019-03-21-17.46.21-900x509.jpg 900w, https:\/\/www.andreas-edler.de\/blog\/wp-content\/uploads\/2019\/03\/2019-03-21-17.46.21.jpg 1280w\" sizes=\"auto, (max-width: 470px) 100vw, 470px\" \/><\/a><figcaption id=\"caption-attachment-164913\" class=\"wp-caption-text\">Adam-Opel-Stra\u00dfe<\/figcaption><\/figure><br \/>\nHier kommen dann hoffentlich die Sperrpfosten quer zur Adam-Opel-Stra\u00dfe hin. Damit wird ebenso effektiv verhindert, dass Menschen unten den Parkplatz zur Adam-Opel-Stra\u00dfe verlassen. Das war &#8211; soweit ich mich erinnere &#8211; der urspr\u00fcngliche Ansto\u00df, dort t\u00e4tig zu werden. Warum man das dann so schlecht gel\u00f6st hat, konnte mir nie erkl\u00e4rt werden. Aber nun wird es ja endlich besser gel\u00f6st. Prima, danke!<\/p>\n","protected":false},"excerpt":{"rendered":"<p>Endlich! Da habe ich ja nur \u00fcber ein Jahrzehnt reden m\u00fcssen. Zuletzt hatte ich im Sp\u00e4tsommer 2018 dazu eine Anfrage im Ausschuss f\u00fcr Stadtentwicklung gestellt auf welchen ich im Februar 2019 eine Antwort erhielt. Diese zog einen weiteren Mailverkehr nach &hellip;<\/p>\n<p class=\"read-more\"> <a class=\"more-link\" href=\"https:\/\/www.andreas-edler.de\/blog\/2019\/03\/die-poller-im-weserradweg-kommen-weg\/\"> <span class=\"screen-reader-text\">Die Poller im Weserradweg kommen weg!<\/span> Weiterlesen &raquo;<\/a><\/p>\n","protected":false},"author":1,"featured_media":0,"comment_status":"open","ping_status":"open","sticky":false,"template":"","format":"standard","meta":{"ngg_post_thumbnail":0,"activitypub_content_warning":"","activitypub_content_visibility":"","activitypub_max_image_attachments":2,"activitypub_interaction_policy_quote":"anyone","activitypub_status":"","footnotes":""},"categories":[14,15,45,13],"tags":[400,109,237,110,352,251,207,108,77,72,301],"class_list":["post-164910","post","type-post","status-publish","format-standard","hentry","category-bad-oeynhausen","category-fahrrad","category-politik","category-verkehr","tag-adam-opel-strasse","tag-adfc","tag-ausschuss-fuer-stadtentwicklung","tag-fahrradfreundliche-stadt","tag-gruene","tag-infrastruktur","tag-radweg","tag-radwegparker","tag-stadtrat","tag-verwaltung","tag-weserradweg"],"share_on_mastodon":{"url":"","error":""},"_links":{"self":[{"href":"https:\/\/www.andreas-edler.de\/blog\/wp-json\/wp\/v2\/posts\/164910","targetHints":{"allow":["GET"]}}],"collection":[{"href":"https:\/\/www.andreas-edler.de\/blog\/wp-json\/wp\/v2\/posts"}],"about":[{"href":"https:\/\/www.andreas-edler.de\/blog\/wp-json\/wp\/v2\/types\/post"}],"author":[{"embeddable":true,"href":"https:\/\/www.andreas-edler.de\/blog\/wp-json\/wp\/v2\/users\/1"}],"replies":[{"embeddable":true,"href":"https:\/\/www.andreas-edler.de\/blog\/wp-json\/wp\/v2\/comments?post=164910"}],"version-history":[{"count":0,"href":"https:\/\/www.andreas-edler.de\/blog\/wp-json\/wp\/v2\/posts\/164910\/revisions"}],"wp:attachment":[{"href":"https:\/\/www.andreas-edler.de\/blog\/wp-json\/wp\/v2\/media?parent=164910"}],"wp:term":[{"taxonomy":"category","embeddable":true,"href":"https:\/\/www.andreas-edler.de\/blog\/wp-json\/wp\/v2\/categories?post=164910"},{"taxonomy":"post_tag","embeddable":true,"href":"https:\/\/www.andreas-edler.de\/blog\/wp-json\/wp\/v2\/tags?post=164910"}],"curies":[{"name":"wp","href":"https:\/\/api.w.org\/{rel}","templated":true}]}}