{"id":164904,"date":"2019-03-20T20:34:19","date_gmt":"2019-03-20T19:34:19","guid":{"rendered":"http:\/\/www.andreas-edler.de\/blog\/?p=164904"},"modified":"2019-03-20T20:34:19","modified_gmt":"2019-03-20T19:34:19","slug":"nokia-9-vs-nokia-8-allererste-eindruecke","status":"publish","type":"post","link":"https:\/\/www.andreas-edler.de\/blog\/2019\/03\/nokia-9-vs-nokia-8-allererste-eindruecke\/","title":{"rendered":"Nokia 9 vs. Nokia 8 &#8211; allererste Eindr\u00fccke"},"content":{"rendered":"<p>In der Mittagspause habe ich &#8211; ungeduldig wie ich bin &#8211; auf die DHL-App geschaut, ob die Lieferung des Nokia 9 bereits in der Packstation gelandet ist. Eigentlich gibt es ja eine SMS &#8230; aber nachgucken schadet ja nicht. Bestellt hatte ich es schon vor einem Monat und seitdem bin ich ganz gespannt. Und wirklich, die App behauptete, dass die Packstation voll sei und daher das Paket in der Postfiliale deponiert sei. Dann bekommt man die ersehnte Ware immer erst am n\u00e4chsten Tag. Bin dann aber trotzdem rein geschlendert und habe ganz vorsichtig angefragt, ob mein Paket schon da sei &#8211; nat\u00fcrlich mit der ganz zur\u00fcckhaltend vorgetragenen Erg\u00e4nzung, dass ich nat\u00fcrlich viel zu fr\u00fch dran w\u00e4re. Und netterweise wurde dann auch gleich hinten im Lager nachgesehen und mir mein Paket gebracht. Super, vielen Dank!<br \/>\n<figure id=\"attachment_164905\" aria-describedby=\"caption-attachment-164905\" style=\"width: 470px\" class=\"wp-caption aligncenter\"><a href=\"http:\/\/www.andreas-edler.de\/blog\/wp-content\/uploads\/2019\/03\/2019-03-20-14.24.16.jpg\"><img loading=\"lazy\" decoding=\"async\" src=\"http:\/\/www.andreas-edler.de\/blog\/wp-content\/uploads\/2019\/03\/2019-03-20-14.24.16-470x266.jpg\" alt=\"\" width=\"470\" height=\"266\" class=\"size-large wp-image-164905\" srcset=\"https:\/\/www.andreas-edler.de\/blog\/wp-content\/uploads\/2019\/03\/2019-03-20-14.24.16-470x266.jpg 470w, https:\/\/www.andreas-edler.de\/blog\/wp-content\/uploads\/2019\/03\/2019-03-20-14.24.16-250x141.jpg 250w, https:\/\/www.andreas-edler.de\/blog\/wp-content\/uploads\/2019\/03\/2019-03-20-14.24.16-768x434.jpg 768w, https:\/\/www.andreas-edler.de\/blog\/wp-content\/uploads\/2019\/03\/2019-03-20-14.24.16-100x57.jpg 100w, https:\/\/www.andreas-edler.de\/blog\/wp-content\/uploads\/2019\/03\/2019-03-20-14.24.16-150x85.jpg 150w, https:\/\/www.andreas-edler.de\/blog\/wp-content\/uploads\/2019\/03\/2019-03-20-14.24.16-200x113.jpg 200w, https:\/\/www.andreas-edler.de\/blog\/wp-content\/uploads\/2019\/03\/2019-03-20-14.24.16-300x170.jpg 300w, https:\/\/www.andreas-edler.de\/blog\/wp-content\/uploads\/2019\/03\/2019-03-20-14.24.16-450x255.jpg 450w, https:\/\/www.andreas-edler.de\/blog\/wp-content\/uploads\/2019\/03\/2019-03-20-14.24.16-600x339.jpg 600w, https:\/\/www.andreas-edler.de\/blog\/wp-content\/uploads\/2019\/03\/2019-03-20-14.24.16-900x509.jpg 900w, https:\/\/www.andreas-edler.de\/blog\/wp-content\/uploads\/2019\/03\/2019-03-20-14.24.16.jpg 1280w\" sizes=\"auto, (max-width: 470px) 100vw, 470px\" \/><\/a><figcaption id=\"caption-attachment-164905\" class=\"wp-caption-text\">Da ist das Ding!<\/figcaption><\/figure> <!--more--><br \/>\nNach dem Auspacken war ich ein bisschen &#8230; hm &#8230; ern\u00fcchtert. Das ist alles? Rein optisch macht das neue Nokia Flagschiff gar nicht soviel her. Ich finde mein &#8222;altes&#8220; Nokia 8 mit seiner geb\u00fcrsteten Aluminiumr\u00fcckseite sogar h\u00fcbscher. Es f\u00fchlt sich auch etwas wertiger an, finde ich. Daf\u00fcr kann man das Nokia 9 wegen der etwas dickeren Kante (insgesamt ist es aber genauso flach wie das 8er) besser vom Schreibtisch hoch heben. Das Display ist super. Sichtbar brillianter als das von meinem Vorg\u00e4ngertelefon. Ist ja auch ein OLED. Die Einrichtung ist v\u00f6llig unspektakul\u00e4r und problemlos. Google-Konto eingeben, Ger\u00e4t wiederherstellen &#8230; zack, alles wird runter geladen. Zu Hause noch schnell ein Backup von WhatsApp und Threema gemacht, die SIM-Karten getauscht und die Backups wieder eingespielt. Halbe Stunde und es sieht aus, wie vorher.<\/p>\n<p>Bis dahin f\u00fchlt sich das Nokia 9 nicht einen Fitzel besser an, als das Nokia 9. Weder ist es schneller, noch fl\u00fcssiger oder besser in der Grafik bei Spielen. Getestet habe ich das aber auch nur mit &#8222;The Walking Dead: Our World&#8220; und &#8222;Ingress Prime&#8220; &#8211; da erkenne ich keinen Unterschied. Die Bedienung ist dank dem puren Android (one) ebenfalls komplett gleich. Lediglich der Fingerabdrucksensor ist nun hinter dem Display eingebaut und reagiert etwas ungenauer\/tr\u00e4ger, als der gesondert im unteren Rand verbaute Sensor beim Nokia 8. Meistens klappte das Entsperren aber beim ersten Versuch. Trotzdem war ich immer noch unsicher, ob ich das nicht ganz billige Gadget behalten soll.<\/p>\n<p>Und dann habe ich drau\u00dfen bei nicht ganz so super Beleuchtung Fotos gemacht.<br \/>\n<figure id=\"attachment_164906\" aria-describedby=\"caption-attachment-164906\" style=\"width: 470px\" class=\"wp-caption aligncenter\"><a href=\"http:\/\/www.andreas-edler.de\/blog\/wp-content\/uploads\/2019\/03\/2019-03-20-14.33.32.jpg\"><img loading=\"lazy\" decoding=\"async\" src=\"http:\/\/www.andreas-edler.de\/blog\/wp-content\/uploads\/2019\/03\/2019-03-20-14.33.32-470x176.jpg\" alt=\"\" width=\"470\" height=\"176\" class=\"size-large wp-image-164906\" srcset=\"https:\/\/www.andreas-edler.de\/blog\/wp-content\/uploads\/2019\/03\/2019-03-20-14.33.32-470x176.jpg 470w, https:\/\/www.andreas-edler.de\/blog\/wp-content\/uploads\/2019\/03\/2019-03-20-14.33.32-250x93.jpg 250w, https:\/\/www.andreas-edler.de\/blog\/wp-content\/uploads\/2019\/03\/2019-03-20-14.33.32-768x287.jpg 768w, https:\/\/www.andreas-edler.de\/blog\/wp-content\/uploads\/2019\/03\/2019-03-20-14.33.32-100x37.jpg 100w, https:\/\/www.andreas-edler.de\/blog\/wp-content\/uploads\/2019\/03\/2019-03-20-14.33.32-150x56.jpg 150w, https:\/\/www.andreas-edler.de\/blog\/wp-content\/uploads\/2019\/03\/2019-03-20-14.33.32-200x75.jpg 200w, https:\/\/www.andreas-edler.de\/blog\/wp-content\/uploads\/2019\/03\/2019-03-20-14.33.32-300x112.jpg 300w, https:\/\/www.andreas-edler.de\/blog\/wp-content\/uploads\/2019\/03\/2019-03-20-14.33.32-450x168.jpg 450w, https:\/\/www.andreas-edler.de\/blog\/wp-content\/uploads\/2019\/03\/2019-03-20-14.33.32-600x224.jpg 600w, https:\/\/www.andreas-edler.de\/blog\/wp-content\/uploads\/2019\/03\/2019-03-20-14.33.32-900x336.jpg 900w\" sizes=\"auto, (max-width: 470px) 100vw, 470px\" \/><\/a><figcaption id=\"caption-attachment-164906\" class=\"wp-caption-text\">H\u00e4user in der Innenstadt von Bad Oeynhausen<\/figcaption><\/figure><br \/>\n<figure id=\"attachment_164907\" aria-describedby=\"caption-attachment-164907\" style=\"width: 470px\" class=\"wp-caption aligncenter\"><a href=\"http:\/\/www.andreas-edler.de\/blog\/wp-content\/uploads\/2019\/03\/2019-03-20-18.11.19.jpg\"><img loading=\"lazy\" decoding=\"async\" src=\"http:\/\/www.andreas-edler.de\/blog\/wp-content\/uploads\/2019\/03\/2019-03-20-18.11.19-470x176.jpg\" alt=\"\" width=\"470\" height=\"176\" class=\"size-large wp-image-164907\" srcset=\"https:\/\/www.andreas-edler.de\/blog\/wp-content\/uploads\/2019\/03\/2019-03-20-18.11.19-470x176.jpg 470w, https:\/\/www.andreas-edler.de\/blog\/wp-content\/uploads\/2019\/03\/2019-03-20-18.11.19-250x93.jpg 250w, https:\/\/www.andreas-edler.de\/blog\/wp-content\/uploads\/2019\/03\/2019-03-20-18.11.19-768x287.jpg 768w, https:\/\/www.andreas-edler.de\/blog\/wp-content\/uploads\/2019\/03\/2019-03-20-18.11.19-100x37.jpg 100w, https:\/\/www.andreas-edler.de\/blog\/wp-content\/uploads\/2019\/03\/2019-03-20-18.11.19-150x56.jpg 150w, https:\/\/www.andreas-edler.de\/blog\/wp-content\/uploads\/2019\/03\/2019-03-20-18.11.19-200x75.jpg 200w, https:\/\/www.andreas-edler.de\/blog\/wp-content\/uploads\/2019\/03\/2019-03-20-18.11.19-300x112.jpg 300w, https:\/\/www.andreas-edler.de\/blog\/wp-content\/uploads\/2019\/03\/2019-03-20-18.11.19-450x168.jpg 450w, https:\/\/www.andreas-edler.de\/blog\/wp-content\/uploads\/2019\/03\/2019-03-20-18.11.19-600x224.jpg 600w, https:\/\/www.andreas-edler.de\/blog\/wp-content\/uploads\/2019\/03\/2019-03-20-18.11.19-900x336.jpg 900w\" sizes=\"auto, (max-width: 470px) 100vw, 470px\" \/><\/a><figcaption id=\"caption-attachment-164907\" class=\"wp-caption-text\">Unsere Ponderosa im D\u00f6rgen<\/figcaption><\/figure><br \/>\n<figure id=\"attachment_164908\" aria-describedby=\"caption-attachment-164908\" style=\"width: 470px\" class=\"wp-caption aligncenter\"><a href=\"http:\/\/www.andreas-edler.de\/blog\/wp-content\/uploads\/2019\/03\/2019-03-20-18.14.14.jpg\"><img loading=\"lazy\" decoding=\"async\" src=\"http:\/\/www.andreas-edler.de\/blog\/wp-content\/uploads\/2019\/03\/2019-03-20-18.14.14-470x176.jpg\" alt=\"\" width=\"470\" height=\"176\" class=\"size-large wp-image-164908\" srcset=\"https:\/\/www.andreas-edler.de\/blog\/wp-content\/uploads\/2019\/03\/2019-03-20-18.14.14-470x176.jpg 470w, https:\/\/www.andreas-edler.de\/blog\/wp-content\/uploads\/2019\/03\/2019-03-20-18.14.14-250x93.jpg 250w, https:\/\/www.andreas-edler.de\/blog\/wp-content\/uploads\/2019\/03\/2019-03-20-18.14.14-768x287.jpg 768w, https:\/\/www.andreas-edler.de\/blog\/wp-content\/uploads\/2019\/03\/2019-03-20-18.14.14-100x37.jpg 100w, https:\/\/www.andreas-edler.de\/blog\/wp-content\/uploads\/2019\/03\/2019-03-20-18.14.14-150x56.jpg 150w, https:\/\/www.andreas-edler.de\/blog\/wp-content\/uploads\/2019\/03\/2019-03-20-18.14.14-200x75.jpg 200w, https:\/\/www.andreas-edler.de\/blog\/wp-content\/uploads\/2019\/03\/2019-03-20-18.14.14-300x112.jpg 300w, https:\/\/www.andreas-edler.de\/blog\/wp-content\/uploads\/2019\/03\/2019-03-20-18.14.14-450x168.jpg 450w, https:\/\/www.andreas-edler.de\/blog\/wp-content\/uploads\/2019\/03\/2019-03-20-18.14.14-600x224.jpg 600w, https:\/\/www.andreas-edler.de\/blog\/wp-content\/uploads\/2019\/03\/2019-03-20-18.14.14-900x336.jpg 900w\" sizes=\"auto, (max-width: 470px) 100vw, 470px\" \/><\/a><figcaption id=\"caption-attachment-164908\" class=\"wp-caption-text\">Bisschen Gr\u00fcnzeug im Garten<\/figcaption><\/figure><br \/>\nF\u00fcr die Beispiele habe ich nur die Gr\u00f6\u00dfe ver\u00e4ndert, sonst nichts. Den Bildern nach werde ich das neue Nokia behalten. Zumindest meine ich deutlich mehr Details zu erkennen, es ist mehr Kontrast drin und das mit der Scharfstellung funktionierte auch deutlich besser. Nur das &#8222;Entwickeln&#8220; der Bilder auf dem Ger\u00e4t dauert etwas. Ein paar Sekunden nimmt sich das Nokia, bis das endg\u00fcltige Bild aus den Aufnahmen der f\u00fcnf verbauten Linsen zusammengerechnet ist. Das wirkt auch mich dann aber auch schon deutlich besser, als die zwei Linsen des Nokia 8.<\/p>\n","protected":false},"excerpt":{"rendered":"<p>In der Mittagspause habe ich &#8211; ungeduldig wie ich bin &#8211; auf die DHL-App geschaut, ob die Lieferung des Nokia 9 bereits in der Packstation gelandet ist. Eigentlich gibt es ja eine SMS &#8230; aber nachgucken schadet ja nicht. Bestellt &hellip;<\/p>\n<p class=\"read-more\"> <a class=\"more-link\" href=\"https:\/\/www.andreas-edler.de\/blog\/2019\/03\/nokia-9-vs-nokia-8-allererste-eindruecke\/\"> <span class=\"screen-reader-text\">Nokia 9 vs. Nokia 8 &#8211; allererste Eindr\u00fccke<\/span> Weiterlesen &raquo;<\/a><\/p>\n","protected":false},"author":1,"featured_media":0,"comment_status":"open","ping_status":"open","sticky":false,"template":"","format":"standard","meta":{"ngg_post_thumbnail":0,"activitypub_content_warning":"","activitypub_content_visibility":"","activitypub_max_image_attachments":2,"activitypub_interaction_policy_quote":"anyone","activitypub_status":"","footnotes":""},"categories":[1],"tags":[107,4,49,64,309,189,30,28],"class_list":["post-164904","post","type-post","status-publish","format-standard","hentry","category-allgemein","tag-android","tag-foto","tag-hardware","tag-konsum","tag-nokia","tag-smartphone","tag-spielen","tag-test"],"share_on_mastodon":{"url":"","error":""},"_links":{"self":[{"href":"https:\/\/www.andreas-edler.de\/blog\/wp-json\/wp\/v2\/posts\/164904","targetHints":{"allow":["GET"]}}],"collection":[{"href":"https:\/\/www.andreas-edler.de\/blog\/wp-json\/wp\/v2\/posts"}],"about":[{"href":"https:\/\/www.andreas-edler.de\/blog\/wp-json\/wp\/v2\/types\/post"}],"author":[{"embeddable":true,"href":"https:\/\/www.andreas-edler.de\/blog\/wp-json\/wp\/v2\/users\/1"}],"replies":[{"embeddable":true,"href":"https:\/\/www.andreas-edler.de\/blog\/wp-json\/wp\/v2\/comments?post=164904"}],"version-history":[{"count":0,"href":"https:\/\/www.andreas-edler.de\/blog\/wp-json\/wp\/v2\/posts\/164904\/revisions"}],"wp:attachment":[{"href":"https:\/\/www.andreas-edler.de\/blog\/wp-json\/wp\/v2\/media?parent=164904"}],"wp:term":[{"taxonomy":"category","embeddable":true,"href":"https:\/\/www.andreas-edler.de\/blog\/wp-json\/wp\/v2\/categories?post=164904"},{"taxonomy":"post_tag","embeddable":true,"href":"https:\/\/www.andreas-edler.de\/blog\/wp-json\/wp\/v2\/tags?post=164904"}],"curies":[{"name":"wp","href":"https:\/\/api.w.org\/{rel}","templated":true}]}}