{"id":164848,"date":"2019-03-02T18:45:43","date_gmt":"2019-03-02T17:45:43","guid":{"rendered":"http:\/\/www.andreas-edler.de\/blog\/?p=164848"},"modified":"2019-03-02T18:45:43","modified_gmt":"2019-03-02T17:45:43","slug":"strom-fuer-den-dachzelt-unterstand","status":"publish","type":"post","link":"https:\/\/www.andreas-edler.de\/blog\/2019\/03\/strom-fuer-den-dachzelt-unterstand\/","title":{"rendered":"Strom f\u00fcr den Dachzelt-Unterstand"},"content":{"rendered":"<p>Ich habe schon ein paar Mal im Dachzelt \u00fcbernachtet. Trotz frostiger Temperaturen in der Nacht ist das erstaunlich gem\u00fctlich. Im Dezember h\u00e4tte ich mich aber schon etwas wohliger gef\u00fchlt, wenn ein kleiner Heizl\u00fcfter f\u00fcr noch mehr W\u00e4rme gesorgt h\u00e4tte. Und \u00fcberhaupt f\u00e4nde ich Licht an dem Unterstand oder eine Steckdose unabh\u00e4ngig vom dort gelagerten Dachzelt ganz angenehm. Also sind wir heute angefangen zu buddeln.<br \/>\n<figure id=\"attachment_164849\" aria-describedby=\"caption-attachment-164849\" style=\"width: 470px\" class=\"wp-caption aligncenter\"><a href=\"http:\/\/www.andreas-edler.de\/blog\/wp-content\/uploads\/2019\/03\/20190302_graben_ausheben.jpg\"><img loading=\"lazy\" decoding=\"async\" src=\"http:\/\/www.andreas-edler.de\/blog\/wp-content\/uploads\/2019\/03\/20190302_graben_ausheben-470x196.jpg\" alt=\"\" width=\"470\" height=\"196\" class=\"size-large wp-image-164849\" srcset=\"https:\/\/www.andreas-edler.de\/blog\/wp-content\/uploads\/2019\/03\/20190302_graben_ausheben-470x196.jpg 470w, https:\/\/www.andreas-edler.de\/blog\/wp-content\/uploads\/2019\/03\/20190302_graben_ausheben-250x104.jpg 250w, https:\/\/www.andreas-edler.de\/blog\/wp-content\/uploads\/2019\/03\/20190302_graben_ausheben-768x321.jpg 768w, https:\/\/www.andreas-edler.de\/blog\/wp-content\/uploads\/2019\/03\/20190302_graben_ausheben-100x42.jpg 100w, https:\/\/www.andreas-edler.de\/blog\/wp-content\/uploads\/2019\/03\/20190302_graben_ausheben-150x63.jpg 150w, https:\/\/www.andreas-edler.de\/blog\/wp-content\/uploads\/2019\/03\/20190302_graben_ausheben-200x84.jpg 200w, https:\/\/www.andreas-edler.de\/blog\/wp-content\/uploads\/2019\/03\/20190302_graben_ausheben-300x125.jpg 300w, https:\/\/www.andreas-edler.de\/blog\/wp-content\/uploads\/2019\/03\/20190302_graben_ausheben-450x188.jpg 450w, https:\/\/www.andreas-edler.de\/blog\/wp-content\/uploads\/2019\/03\/20190302_graben_ausheben-600x251.jpg 600w, https:\/\/www.andreas-edler.de\/blog\/wp-content\/uploads\/2019\/03\/20190302_graben_ausheben-900x376.jpg 900w, https:\/\/www.andreas-edler.de\/blog\/wp-content\/uploads\/2019\/03\/20190302_graben_ausheben.jpg 1280w\" sizes=\"auto, (max-width: 470px) 100vw, 470px\" \/><\/a><figcaption id=\"caption-attachment-164849\" class=\"wp-caption-text\">Tim muss mit ran<\/figcaption><\/figure> <!--more--><br \/>\nWir haben erstmal in Ruhe lange ausgeschlafen und uns um Nachwuchs 2.0 gek\u00fcmmert, der morgens immer noch ein wenig kr\u00e4nkelte und ziemlich hei\u00df war. Gegen 10 Uhr habe ich mich dann aber fertig gemacht, um drau\u00dfen zu schauen, wie es los gehen soll. Eigentlich wusste ich das schon, Graben buddeln, Sand rein, Kabel rein, nochmal Sand, zu sch\u00fctten, fertig. Bin also erstmal mit dem Spaten angefangen, die Grasnarbe abzustechen, damit ich nachher wieder halbwegs Rasen auf dem Graben habe. Und dann halt buddeln. Tim habe ich mit eingespannt, weil es zu zweit schneller geht. Ich habe 3\/5 der Strecke und Tim 2\/5 der Strecke vor die Sch\u00fcppe bekommen. Als ich meinen Teil fertig hatte, erw\u00e4hnte der ebenfalls im Garten werkelnde Nachbar, dass er passenderweise ein paar 100 Kilo Sand \u00fcbrig hat und ich gerne helfen d\u00fcrfte, den Bestand zu verringern. Prima, brauche ich das schon mal nicht mehr besorgen.<br \/>\n<figure id=\"attachment_164851\" aria-describedby=\"caption-attachment-164851\" style=\"width: 470px\" class=\"wp-caption aligncenter\"><a href=\"http:\/\/www.andreas-edler.de\/blog\/wp-content\/uploads\/2019\/03\/20190302_graben_schon_zu.jpg\"><img loading=\"lazy\" decoding=\"async\" src=\"http:\/\/www.andreas-edler.de\/blog\/wp-content\/uploads\/2019\/03\/20190302_graben_schon_zu-470x224.jpg\" alt=\"\" width=\"470\" height=\"224\" class=\"size-large wp-image-164851\" srcset=\"https:\/\/www.andreas-edler.de\/blog\/wp-content\/uploads\/2019\/03\/20190302_graben_schon_zu-470x224.jpg 470w, https:\/\/www.andreas-edler.de\/blog\/wp-content\/uploads\/2019\/03\/20190302_graben_schon_zu-250x119.jpg 250w, https:\/\/www.andreas-edler.de\/blog\/wp-content\/uploads\/2019\/03\/20190302_graben_schon_zu-768x365.jpg 768w, https:\/\/www.andreas-edler.de\/blog\/wp-content\/uploads\/2019\/03\/20190302_graben_schon_zu-100x48.jpg 100w, https:\/\/www.andreas-edler.de\/blog\/wp-content\/uploads\/2019\/03\/20190302_graben_schon_zu-150x71.jpg 150w, https:\/\/www.andreas-edler.de\/blog\/wp-content\/uploads\/2019\/03\/20190302_graben_schon_zu-200x95.jpg 200w, https:\/\/www.andreas-edler.de\/blog\/wp-content\/uploads\/2019\/03\/20190302_graben_schon_zu-300x143.jpg 300w, https:\/\/www.andreas-edler.de\/blog\/wp-content\/uploads\/2019\/03\/20190302_graben_schon_zu-450x214.jpg 450w, https:\/\/www.andreas-edler.de\/blog\/wp-content\/uploads\/2019\/03\/20190302_graben_schon_zu-600x285.jpg 600w, https:\/\/www.andreas-edler.de\/blog\/wp-content\/uploads\/2019\/03\/20190302_graben_schon_zu-900x428.jpg 900w, https:\/\/www.andreas-edler.de\/blog\/wp-content\/uploads\/2019\/03\/20190302_graben_schon_zu.jpg 1280w\" sizes=\"auto, (max-width: 470px) 100vw, 470px\" \/><\/a><figcaption id=\"caption-attachment-164851\" class=\"wp-caption-text\">Kabel schon drin, Sand schon drauf.<\/figcaption><\/figure><br \/>\nIch habe dann im Baumarkt um die Ecke schnell noch etwas Erdkabel gekauft, ein paar Steckdosen und Schutzrohre, w\u00e4hrenddessen Tim auch mit seinem Graben fertig war. Dann ging&#8217;s recht fix. Kabel rein, im Unterstand noch einen Pflasterstein mit der riesigen Flex bearbeitet, damit ich mit dem Kabel auch aus dem Boden komme, Sand verteilen, schnell noch ein Absperrband dr\u00fcber, falls mal jemand dort gr\u00e4bt und nicht wei\u00df, dass dort ein Kabel liegt. Und dann kann auch schon die Erde wieder drauf. Die Rasenst\u00fccke lagen sch\u00f6n sauber neben dem Graben, so dass Tim und ich nur ein bisschen puzzeln mussten, bis es fast wieder wie vorher aussah.<br \/>\n<figure id=\"attachment_164852\" aria-describedby=\"caption-attachment-164852\" style=\"width: 470px\" class=\"wp-caption aligncenter\"><a href=\"http:\/\/www.andreas-edler.de\/blog\/wp-content\/uploads\/2019\/03\/20190302_mit_dras_drauf.jpg\"><img loading=\"lazy\" decoding=\"async\" src=\"http:\/\/www.andreas-edler.de\/blog\/wp-content\/uploads\/2019\/03\/20190302_mit_dras_drauf-470x224.jpg\" alt=\"\" width=\"470\" height=\"224\" class=\"size-large wp-image-164852\" srcset=\"https:\/\/www.andreas-edler.de\/blog\/wp-content\/uploads\/2019\/03\/20190302_mit_dras_drauf-470x224.jpg 470w, https:\/\/www.andreas-edler.de\/blog\/wp-content\/uploads\/2019\/03\/20190302_mit_dras_drauf-250x119.jpg 250w, https:\/\/www.andreas-edler.de\/blog\/wp-content\/uploads\/2019\/03\/20190302_mit_dras_drauf-768x365.jpg 768w, https:\/\/www.andreas-edler.de\/blog\/wp-content\/uploads\/2019\/03\/20190302_mit_dras_drauf-100x48.jpg 100w, https:\/\/www.andreas-edler.de\/blog\/wp-content\/uploads\/2019\/03\/20190302_mit_dras_drauf-150x71.jpg 150w, https:\/\/www.andreas-edler.de\/blog\/wp-content\/uploads\/2019\/03\/20190302_mit_dras_drauf-200x95.jpg 200w, https:\/\/www.andreas-edler.de\/blog\/wp-content\/uploads\/2019\/03\/20190302_mit_dras_drauf-300x143.jpg 300w, https:\/\/www.andreas-edler.de\/blog\/wp-content\/uploads\/2019\/03\/20190302_mit_dras_drauf-450x214.jpg 450w, https:\/\/www.andreas-edler.de\/blog\/wp-content\/uploads\/2019\/03\/20190302_mit_dras_drauf-600x285.jpg 600w, https:\/\/www.andreas-edler.de\/blog\/wp-content\/uploads\/2019\/03\/20190302_mit_dras_drauf-900x428.jpg 900w, https:\/\/www.andreas-edler.de\/blog\/wp-content\/uploads\/2019\/03\/20190302_mit_dras_drauf.jpg 1280w\" sizes=\"auto, (max-width: 470px) 100vw, 470px\" \/><\/a><figcaption id=\"caption-attachment-164852\" class=\"wp-caption-text\">Fast wie 8 Stunden vorher.<\/figcaption><\/figure><br \/>\nDa ich drei Schubkarren voll Sand in den Garten gekarrt habe, waren hinterher ca. zwei Karren voll Erde \u00fcbrig. Die liegen nun erstmal auf einem Haufen. Das siebe ich durch und verteile es sp\u00e4ter auf dem Rasen. Der ist nicht sonderlich eben und wenn man die Erde nur d\u00fcnn streut, w\u00e4chst das Gras da fix von alleine durch.<\/p>\n<p>Zum Strom anschlie\u00dfen komme ich aber fr\u00fchestens n\u00e4chstes Wochenende. Dazu muss ich auch erst noch durch die Wand nach drau\u00dfen bohren.<\/p>\n","protected":false},"excerpt":{"rendered":"<p>Ich habe schon ein paar Mal im Dachzelt \u00fcbernachtet. Trotz frostiger Temperaturen in der Nacht ist das erstaunlich gem\u00fctlich. Im Dezember h\u00e4tte ich mich aber schon etwas wohliger gef\u00fchlt, wenn ein kleiner Heizl\u00fcfter f\u00fcr noch mehr W\u00e4rme gesorgt h\u00e4tte. Und &hellip;<\/p>\n<p class=\"read-more\"> <a class=\"more-link\" href=\"https:\/\/www.andreas-edler.de\/blog\/2019\/03\/strom-fuer-den-dachzelt-unterstand\/\"> <span class=\"screen-reader-text\">Strom f\u00fcr den Dachzelt-Unterstand<\/span> Weiterlesen &raquo;<\/a><\/p>\n","protected":false},"author":1,"featured_media":0,"comment_status":"open","ping_status":"open","sticky":false,"template":"","format":"standard","meta":{"ngg_post_thumbnail":0,"activitypub_content_warning":"","activitypub_content_visibility":"","activitypub_max_image_attachments":2,"activitypub_interaction_policy_quote":"anyone","activitypub_status":"","footnotes":""},"categories":[22],"tags":[386,385,31,64,182],"class_list":["post-164848","post","type-post","status-publish","format-standard","hentry","category-basteln","tag-airtop","tag-dachzelt","tag-garten","tag-konsum","tag-nachwuchs-1-0"],"share_on_mastodon":{"url":"","error":""},"_links":{"self":[{"href":"https:\/\/www.andreas-edler.de\/blog\/wp-json\/wp\/v2\/posts\/164848","targetHints":{"allow":["GET"]}}],"collection":[{"href":"https:\/\/www.andreas-edler.de\/blog\/wp-json\/wp\/v2\/posts"}],"about":[{"href":"https:\/\/www.andreas-edler.de\/blog\/wp-json\/wp\/v2\/types\/post"}],"author":[{"embeddable":true,"href":"https:\/\/www.andreas-edler.de\/blog\/wp-json\/wp\/v2\/users\/1"}],"replies":[{"embeddable":true,"href":"https:\/\/www.andreas-edler.de\/blog\/wp-json\/wp\/v2\/comments?post=164848"}],"version-history":[{"count":0,"href":"https:\/\/www.andreas-edler.de\/blog\/wp-json\/wp\/v2\/posts\/164848\/revisions"}],"wp:attachment":[{"href":"https:\/\/www.andreas-edler.de\/blog\/wp-json\/wp\/v2\/media?parent=164848"}],"wp:term":[{"taxonomy":"category","embeddable":true,"href":"https:\/\/www.andreas-edler.de\/blog\/wp-json\/wp\/v2\/categories?post=164848"},{"taxonomy":"post_tag","embeddable":true,"href":"https:\/\/www.andreas-edler.de\/blog\/wp-json\/wp\/v2\/tags?post=164848"}],"curies":[{"name":"wp","href":"https:\/\/api.w.org\/{rel}","templated":true}]}}