{"id":164841,"date":"2019-02-28T21:10:26","date_gmt":"2019-02-28T20:10:26","guid":{"rendered":"http:\/\/www.andreas-edler.de\/blog\/?p=164841"},"modified":"2019-02-28T21:10:26","modified_gmt":"2019-02-28T20:10:26","slug":"verkehrsmittel-und-wetterlage-im-februar-2019","status":"publish","type":"post","link":"https:\/\/www.andreas-edler.de\/blog\/2019\/02\/verkehrsmittel-und-wetterlage-im-februar-2019\/","title":{"rendered":"Verkehrsmittel und Wetterlage im Februar 2019"},"content":{"rendered":"<p>F\u00fcr die Februarstatistik gibt es nichts Aufregendes zu vermelden. Leider musste ich eine Woche pausieren und konnte nicht mit dem Fahrrad zur Arbeit &#8211; allerdings auch mit keinem anderen Verkehrsmittel. Ich habe das Bett geh\u00fctet. An den restlichen Tagen bin ich ausnahmslos mit dem Fahrrad unterwegs gewesen, so dass ich f\u00fcr die ersten zwei Monate des Jahres auf eine saubere 100%-Quote komme.<br \/>\n<figure id=\"attachment_164842\" aria-describedby=\"caption-attachment-164842\" style=\"width: 470px\" class=\"wp-caption aligncenter\"><a href=\"http:\/\/www.andreas-edler.de\/blog\/wp-content\/uploads\/2019\/02\/20190228_verkehrsmittel.png\"><img loading=\"lazy\" decoding=\"async\" src=\"http:\/\/www.andreas-edler.de\/blog\/wp-content\/uploads\/2019\/02\/20190228_verkehrsmittel-470x276.png\" alt=\"\" width=\"470\" height=\"276\" class=\"size-large wp-image-164842\" srcset=\"https:\/\/www.andreas-edler.de\/blog\/wp-content\/uploads\/2019\/02\/20190228_verkehrsmittel-470x276.png 470w, https:\/\/www.andreas-edler.de\/blog\/wp-content\/uploads\/2019\/02\/20190228_verkehrsmittel-250x147.png 250w, https:\/\/www.andreas-edler.de\/blog\/wp-content\/uploads\/2019\/02\/20190228_verkehrsmittel-100x59.png 100w, https:\/\/www.andreas-edler.de\/blog\/wp-content\/uploads\/2019\/02\/20190228_verkehrsmittel-150x88.png 150w, https:\/\/www.andreas-edler.de\/blog\/wp-content\/uploads\/2019\/02\/20190228_verkehrsmittel-200x117.png 200w, https:\/\/www.andreas-edler.de\/blog\/wp-content\/uploads\/2019\/02\/20190228_verkehrsmittel-300x176.png 300w, https:\/\/www.andreas-edler.de\/blog\/wp-content\/uploads\/2019\/02\/20190228_verkehrsmittel-450x264.png 450w, https:\/\/www.andreas-edler.de\/blog\/wp-content\/uploads\/2019\/02\/20190228_verkehrsmittel-600x352.png 600w, https:\/\/www.andreas-edler.de\/blog\/wp-content\/uploads\/2019\/02\/20190228_verkehrsmittel.png 644w\" sizes=\"auto, (max-width: 470px) 100vw, 470px\" \/><\/a><figcaption id=\"caption-attachment-164842\" class=\"wp-caption-text\">benutzte Verkehrsmittel Januar bis Februar 2019<\/figcaption><\/figure> <!--more--><br \/>\nDas Wetter war auch durchg\u00e4ngig &#8222;gut&#8220; im Sinne von &#8222;trocken&#8220;. Es h\u00e4tte auch keine Ausreden f\u00fcr Fahrten mit dem Auto gegeben.<br \/>\n<figure id=\"attachment_164843\" aria-describedby=\"caption-attachment-164843\" style=\"width: 470px\" class=\"wp-caption aligncenter\"><a href=\"http:\/\/www.andreas-edler.de\/blog\/wp-content\/uploads\/2019\/02\/20190228_wetterlage.png\"><img loading=\"lazy\" decoding=\"async\" src=\"http:\/\/www.andreas-edler.de\/blog\/wp-content\/uploads\/2019\/02\/20190228_wetterlage-470x201.png\" alt=\"\" width=\"470\" height=\"201\" class=\"size-large wp-image-164843\" srcset=\"https:\/\/www.andreas-edler.de\/blog\/wp-content\/uploads\/2019\/02\/20190228_wetterlage-470x201.png 470w, https:\/\/www.andreas-edler.de\/blog\/wp-content\/uploads\/2019\/02\/20190228_wetterlage-250x107.png 250w, https:\/\/www.andreas-edler.de\/blog\/wp-content\/uploads\/2019\/02\/20190228_wetterlage-100x43.png 100w, https:\/\/www.andreas-edler.de\/blog\/wp-content\/uploads\/2019\/02\/20190228_wetterlage-150x64.png 150w, https:\/\/www.andreas-edler.de\/blog\/wp-content\/uploads\/2019\/02\/20190228_wetterlage-200x86.png 200w, https:\/\/www.andreas-edler.de\/blog\/wp-content\/uploads\/2019\/02\/20190228_wetterlage-300x129.png 300w, https:\/\/www.andreas-edler.de\/blog\/wp-content\/uploads\/2019\/02\/20190228_wetterlage-450x193.png 450w, https:\/\/www.andreas-edler.de\/blog\/wp-content\/uploads\/2019\/02\/20190228_wetterlage-600x257.png 600w, https:\/\/www.andreas-edler.de\/blog\/wp-content\/uploads\/2019\/02\/20190228_wetterlage.png 651w\" sizes=\"auto, (max-width: 470px) 100vw, 470px\" \/><\/a><figcaption id=\"caption-attachment-164843\" class=\"wp-caption-text\">Wetterlage Januar bis Februar 2019<\/figcaption><\/figure><br \/>\n<figure id=\"attachment_164844\" aria-describedby=\"caption-attachment-164844\" style=\"width: 470px\" class=\"wp-caption aligncenter\"><a href=\"http:\/\/www.andreas-edler.de\/blog\/wp-content\/uploads\/2019\/02\/20190228_gefahrene_kilometer.png\"><img loading=\"lazy\" decoding=\"async\" src=\"http:\/\/www.andreas-edler.de\/blog\/wp-content\/uploads\/2019\/02\/20190228_gefahrene_kilometer-470x272.png\" alt=\"\" width=\"470\" height=\"272\" class=\"size-large wp-image-164844\" srcset=\"https:\/\/www.andreas-edler.de\/blog\/wp-content\/uploads\/2019\/02\/20190228_gefahrene_kilometer-470x272.png 470w, https:\/\/www.andreas-edler.de\/blog\/wp-content\/uploads\/2019\/02\/20190228_gefahrene_kilometer-250x145.png 250w, https:\/\/www.andreas-edler.de\/blog\/wp-content\/uploads\/2019\/02\/20190228_gefahrene_kilometer-100x58.png 100w, https:\/\/www.andreas-edler.de\/blog\/wp-content\/uploads\/2019\/02\/20190228_gefahrene_kilometer-150x87.png 150w, https:\/\/www.andreas-edler.de\/blog\/wp-content\/uploads\/2019\/02\/20190228_gefahrene_kilometer-200x116.png 200w, https:\/\/www.andreas-edler.de\/blog\/wp-content\/uploads\/2019\/02\/20190228_gefahrene_kilometer-300x174.png 300w, https:\/\/www.andreas-edler.de\/blog\/wp-content\/uploads\/2019\/02\/20190228_gefahrene_kilometer-450x260.png 450w, https:\/\/www.andreas-edler.de\/blog\/wp-content\/uploads\/2019\/02\/20190228_gefahrene_kilometer-600x347.png 600w, https:\/\/www.andreas-edler.de\/blog\/wp-content\/uploads\/2019\/02\/20190228_gefahrene_kilometer.png 648w\" sizes=\"auto, (max-width: 470px) 100vw, 470px\" \/><\/a><figcaption id=\"caption-attachment-164844\" class=\"wp-caption-text\">gefahrene Kilometer je Verkehrsmittel &#8211; Januar bis Februar 2019<\/figcaption><\/figure><br \/>\n<figure id=\"attachment_164845\" aria-describedby=\"caption-attachment-164845\" style=\"width: 470px\" class=\"wp-caption aligncenter\"><a href=\"http:\/\/www.andreas-edler.de\/blog\/wp-content\/uploads\/2019\/02\/20190228_statistik.png\"><img loading=\"lazy\" decoding=\"async\" src=\"http:\/\/www.andreas-edler.de\/blog\/wp-content\/uploads\/2019\/02\/20190228_statistik-470x231.png\" alt=\"\" width=\"470\" height=\"231\" class=\"size-large wp-image-164845\" srcset=\"https:\/\/www.andreas-edler.de\/blog\/wp-content\/uploads\/2019\/02\/20190228_statistik-470x231.png 470w, https:\/\/www.andreas-edler.de\/blog\/wp-content\/uploads\/2019\/02\/20190228_statistik-250x123.png 250w, https:\/\/www.andreas-edler.de\/blog\/wp-content\/uploads\/2019\/02\/20190228_statistik-100x49.png 100w, https:\/\/www.andreas-edler.de\/blog\/wp-content\/uploads\/2019\/02\/20190228_statistik-150x74.png 150w, https:\/\/www.andreas-edler.de\/blog\/wp-content\/uploads\/2019\/02\/20190228_statistik-200x98.png 200w, https:\/\/www.andreas-edler.de\/blog\/wp-content\/uploads\/2019\/02\/20190228_statistik-300x148.png 300w, https:\/\/www.andreas-edler.de\/blog\/wp-content\/uploads\/2019\/02\/20190228_statistik-450x221.png 450w, https:\/\/www.andreas-edler.de\/blog\/wp-content\/uploads\/2019\/02\/20190228_statistik.png 561w\" sizes=\"auto, (max-width: 470px) 100vw, 470px\" \/><\/a><figcaption id=\"caption-attachment-164845\" class=\"wp-caption-text\">Zahlen von Januar bis Februar 2019<\/figcaption><\/figure><\/p>\n","protected":false},"excerpt":{"rendered":"<p>F\u00fcr die Februarstatistik gibt es nichts Aufregendes zu vermelden. Leider musste ich eine Woche pausieren und konnte nicht mit dem Fahrrad zur Arbeit &#8211; allerdings auch mit keinem anderen Verkehrsmittel. Ich habe das Bett geh\u00fctet. An den restlichen Tagen bin &hellip;<\/p>\n<p class=\"read-more\"> <a class=\"more-link\" href=\"https:\/\/www.andreas-edler.de\/blog\/2019\/02\/verkehrsmittel-und-wetterlage-im-februar-2019\/\"> <span class=\"screen-reader-text\">Verkehrsmittel und Wetterlage im Februar 2019<\/span> Weiterlesen &raquo;<\/a><\/p>\n","protected":false},"author":1,"featured_media":0,"comment_status":"open","ping_status":"open","sticky":false,"template":"","format":"standard","meta":{"ngg_post_thumbnail":0,"activitypub_content_warning":"","activitypub_content_visibility":"","activitypub_max_image_attachments":2,"activitypub_interaction_policy_quote":"anyone","activitypub_status":"","footnotes":""},"categories":[15],"tags":[158,244],"class_list":["post-164841","post","type-post","status-publish","format-standard","hentry","category-fahrrad","tag-mit-dem-rad-zur-arbeit","tag-verkehrsmittel-und-wetterlage"],"share_on_mastodon":{"url":"","error":""},"_links":{"self":[{"href":"https:\/\/www.andreas-edler.de\/blog\/wp-json\/wp\/v2\/posts\/164841","targetHints":{"allow":["GET"]}}],"collection":[{"href":"https:\/\/www.andreas-edler.de\/blog\/wp-json\/wp\/v2\/posts"}],"about":[{"href":"https:\/\/www.andreas-edler.de\/blog\/wp-json\/wp\/v2\/types\/post"}],"author":[{"embeddable":true,"href":"https:\/\/www.andreas-edler.de\/blog\/wp-json\/wp\/v2\/users\/1"}],"replies":[{"embeddable":true,"href":"https:\/\/www.andreas-edler.de\/blog\/wp-json\/wp\/v2\/comments?post=164841"}],"version-history":[{"count":0,"href":"https:\/\/www.andreas-edler.de\/blog\/wp-json\/wp\/v2\/posts\/164841\/revisions"}],"wp:attachment":[{"href":"https:\/\/www.andreas-edler.de\/blog\/wp-json\/wp\/v2\/media?parent=164841"}],"wp:term":[{"taxonomy":"category","embeddable":true,"href":"https:\/\/www.andreas-edler.de\/blog\/wp-json\/wp\/v2\/categories?post=164841"},{"taxonomy":"post_tag","embeddable":true,"href":"https:\/\/www.andreas-edler.de\/blog\/wp-json\/wp\/v2\/tags?post=164841"}],"curies":[{"name":"wp","href":"https:\/\/api.w.org\/{rel}","templated":true}]}}