{"id":164727,"date":"2019-01-31T21:49:22","date_gmt":"2019-01-31T20:49:22","guid":{"rendered":"http:\/\/www.andreas-edler.de\/blog\/?p=164727"},"modified":"2019-01-31T21:49:22","modified_gmt":"2019-01-31T20:49:22","slug":"verkehrsmittel-und-wetterlage-im-januar-2019","status":"publish","type":"post","link":"https:\/\/www.andreas-edler.de\/blog\/2019\/01\/verkehrsmittel-und-wetterlage-im-januar-2019\/","title":{"rendered":"Verkehrsmittel und Wetterlage im Januar 2019"},"content":{"rendered":"<p>Neues Jahr, gleiche Statistik. Mal sehen wie sich das Wetter in diesem Jahr verhalten wird und wie oft ich es mit dem Rad ins B\u00fcro schaffe. Der Januar war schonmal super!<br \/>\n<figure id=\"attachment_164728\" aria-describedby=\"caption-attachment-164728\" style=\"width: 470px\" class=\"wp-caption aligncenter\"><a href=\"http:\/\/www.andreas-edler.de\/blog\/wp-content\/uploads\/2019\/01\/20190131_statistik.png\"><img loading=\"lazy\" decoding=\"async\" src=\"http:\/\/www.andreas-edler.de\/blog\/wp-content\/uploads\/2019\/01\/20190131_statistik-470x164.png\" alt=\"\" width=\"470\" height=\"164\" class=\"size-large wp-image-164728\" srcset=\"https:\/\/www.andreas-edler.de\/blog\/wp-content\/uploads\/2019\/01\/20190131_statistik-470x164.png 470w, https:\/\/www.andreas-edler.de\/blog\/wp-content\/uploads\/2019\/01\/20190131_statistik-250x87.png 250w, https:\/\/www.andreas-edler.de\/blog\/wp-content\/uploads\/2019\/01\/20190131_statistik-100x35.png 100w, https:\/\/www.andreas-edler.de\/blog\/wp-content\/uploads\/2019\/01\/20190131_statistik-150x52.png 150w, https:\/\/www.andreas-edler.de\/blog\/wp-content\/uploads\/2019\/01\/20190131_statistik-200x70.png 200w, https:\/\/www.andreas-edler.de\/blog\/wp-content\/uploads\/2019\/01\/20190131_statistik-300x105.png 300w, https:\/\/www.andreas-edler.de\/blog\/wp-content\/uploads\/2019\/01\/20190131_statistik-450x157.png 450w, https:\/\/www.andreas-edler.de\/blog\/wp-content\/uploads\/2019\/01\/20190131_statistik-600x210.png 600w, https:\/\/www.andreas-edler.de\/blog\/wp-content\/uploads\/2019\/01\/20190131_statistik.png 738w\" sizes=\"auto, (max-width: 470px) 100vw, 470px\" \/><\/a><figcaption id=\"caption-attachment-164728\" class=\"wp-caption-text\">Die Zahlen 2019 bis Januar<\/figcaption><\/figure> <!--more--><\/p>\n<p>Zweiundzwanzig Werktage, an 22 Tagen bin ich mit dem Fahrrad gefahren &#8211; nur zwei Tage davon hat es geregnet. Allerdings nicht besonders stark, so dass ich nur einmal auf dem Heimweg die Beinlinge angelegt habe. Mehr wegen der K\u00e4lte als wegen der N\u00e4sse. Knapp 130 Kilometer sind dabei zusammengekommen und ich habe \u00fcer 30 Kg fossiles CO2 nicht in die Luft gepustet.<br \/>\n<figure id=\"attachment_164729\" aria-describedby=\"caption-attachment-164729\" style=\"width: 470px\" class=\"wp-caption aligncenter\"><a href=\"http:\/\/www.andreas-edler.de\/blog\/wp-content\/uploads\/2019\/01\/20190131_wetterlage.png\"><img loading=\"lazy\" decoding=\"async\" src=\"http:\/\/www.andreas-edler.de\/blog\/wp-content\/uploads\/2019\/01\/20190131_wetterlage-470x204.png\" alt=\"\" width=\"470\" height=\"204\" class=\"size-large wp-image-164729\" srcset=\"https:\/\/www.andreas-edler.de\/blog\/wp-content\/uploads\/2019\/01\/20190131_wetterlage-470x204.png 470w, https:\/\/www.andreas-edler.de\/blog\/wp-content\/uploads\/2019\/01\/20190131_wetterlage-250x108.png 250w, https:\/\/www.andreas-edler.de\/blog\/wp-content\/uploads\/2019\/01\/20190131_wetterlage-100x43.png 100w, https:\/\/www.andreas-edler.de\/blog\/wp-content\/uploads\/2019\/01\/20190131_wetterlage-150x65.png 150w, https:\/\/www.andreas-edler.de\/blog\/wp-content\/uploads\/2019\/01\/20190131_wetterlage-200x87.png 200w, https:\/\/www.andreas-edler.de\/blog\/wp-content\/uploads\/2019\/01\/20190131_wetterlage-300x130.png 300w, https:\/\/www.andreas-edler.de\/blog\/wp-content\/uploads\/2019\/01\/20190131_wetterlage-450x195.png 450w, https:\/\/www.andreas-edler.de\/blog\/wp-content\/uploads\/2019\/01\/20190131_wetterlage-600x260.png 600w, https:\/\/www.andreas-edler.de\/blog\/wp-content\/uploads\/2019\/01\/20190131_wetterlage.png 651w\" sizes=\"auto, (max-width: 470px) 100vw, 470px\" \/><\/a><figcaption id=\"caption-attachment-164729\" class=\"wp-caption-text\">Das Wetter 2019 bis Januar<\/figcaption><\/figure><br \/>\n\u00dcberwiegend trocken, aber teilweise ganz sch\u00f6n nass-kalt. An einem Tag hat der Nachwuchs mal gestreikt und fand es f\u00fcr&#8217;s Rad zu kalt. Ist aber trotzdem zur Schule pedaliert :-) Selsbt im &#8222;tiefen Winter&#8220; ist es also problemlos m\u00f6glich, auf so kurzen Strecken das Auto stehen zu lassen. Und die kalte Luft im Gesicht macht morgens auch so richtig wach :-)<br \/>\n<figure id=\"attachment_164730\" aria-describedby=\"caption-attachment-164730\" style=\"width: 470px\" class=\"wp-caption aligncenter\"><a href=\"http:\/\/www.andreas-edler.de\/blog\/wp-content\/uploads\/2019\/01\/20190131_verkehrsmittel.png\"><img loading=\"lazy\" decoding=\"async\" src=\"http:\/\/www.andreas-edler.de\/blog\/wp-content\/uploads\/2019\/01\/20190131_verkehrsmittel-470x283.png\" alt=\"\" width=\"470\" height=\"283\" class=\"size-large wp-image-164730\" srcset=\"https:\/\/www.andreas-edler.de\/blog\/wp-content\/uploads\/2019\/01\/20190131_verkehrsmittel-470x283.png 470w, https:\/\/www.andreas-edler.de\/blog\/wp-content\/uploads\/2019\/01\/20190131_verkehrsmittel-250x150.png 250w, https:\/\/www.andreas-edler.de\/blog\/wp-content\/uploads\/2019\/01\/20190131_verkehrsmittel-100x60.png 100w, https:\/\/www.andreas-edler.de\/blog\/wp-content\/uploads\/2019\/01\/20190131_verkehrsmittel-150x90.png 150w, https:\/\/www.andreas-edler.de\/blog\/wp-content\/uploads\/2019\/01\/20190131_verkehrsmittel-200x120.png 200w, https:\/\/www.andreas-edler.de\/blog\/wp-content\/uploads\/2019\/01\/20190131_verkehrsmittel-300x181.png 300w, https:\/\/www.andreas-edler.de\/blog\/wp-content\/uploads\/2019\/01\/20190131_verkehrsmittel-450x271.png 450w, https:\/\/www.andreas-edler.de\/blog\/wp-content\/uploads\/2019\/01\/20190131_verkehrsmittel-600x361.png 600w, https:\/\/www.andreas-edler.de\/blog\/wp-content\/uploads\/2019\/01\/20190131_verkehrsmittel.png 648w\" sizes=\"auto, (max-width: 470px) 100vw, 470px\" \/><\/a><figcaption id=\"caption-attachment-164730\" class=\"wp-caption-text\">Genutzte Verkehrsmittel in 2019 bis Januar<\/figcaption><\/figure><br \/>\nIns B\u00fcro bin ich ausschlie\u00dflich mit dem Fahrrad gefahren.<br \/>\n<figure id=\"attachment_164731\" aria-describedby=\"caption-attachment-164731\" style=\"width: 470px\" class=\"wp-caption aligncenter\"><a href=\"http:\/\/www.andreas-edler.de\/blog\/wp-content\/uploads\/2019\/01\/20190131_gefahrene_kilometer.png\"><img loading=\"lazy\" decoding=\"async\" src=\"http:\/\/www.andreas-edler.de\/blog\/wp-content\/uploads\/2019\/01\/20190131_gefahrene_kilometer-470x269.png\" alt=\"\" width=\"470\" height=\"269\" class=\"size-large wp-image-164731\" srcset=\"https:\/\/www.andreas-edler.de\/blog\/wp-content\/uploads\/2019\/01\/20190131_gefahrene_kilometer-470x269.png 470w, https:\/\/www.andreas-edler.de\/blog\/wp-content\/uploads\/2019\/01\/20190131_gefahrene_kilometer-250x143.png 250w, https:\/\/www.andreas-edler.de\/blog\/wp-content\/uploads\/2019\/01\/20190131_gefahrene_kilometer-100x57.png 100w, https:\/\/www.andreas-edler.de\/blog\/wp-content\/uploads\/2019\/01\/20190131_gefahrene_kilometer-150x86.png 150w, https:\/\/www.andreas-edler.de\/blog\/wp-content\/uploads\/2019\/01\/20190131_gefahrene_kilometer-200x115.png 200w, https:\/\/www.andreas-edler.de\/blog\/wp-content\/uploads\/2019\/01\/20190131_gefahrene_kilometer-300x172.png 300w, https:\/\/www.andreas-edler.de\/blog\/wp-content\/uploads\/2019\/01\/20190131_gefahrene_kilometer-450x258.png 450w, https:\/\/www.andreas-edler.de\/blog\/wp-content\/uploads\/2019\/01\/20190131_gefahrene_kilometer-600x344.png 600w, https:\/\/www.andreas-edler.de\/blog\/wp-content\/uploads\/2019\/01\/20190131_gefahrene_kilometer.png 644w\" sizes=\"auto, (max-width: 470px) 100vw, 470px\" \/><\/a><figcaption id=\"caption-attachment-164731\" class=\"wp-caption-text\">Verkehrsmittelmix in 2019 bis Januar<\/figcaption><\/figure><br \/>\nDementsprechend sieht auch der Verkehrsmittelmix aus: nur eine Sorte. <\/p>\n","protected":false},"excerpt":{"rendered":"<p>Neues Jahr, gleiche Statistik. Mal sehen wie sich das Wetter in diesem Jahr verhalten wird und wie oft ich es mit dem Rad ins B\u00fcro schaffe. Der Januar war schonmal super!<\/p>\n","protected":false},"author":1,"featured_media":0,"comment_status":"open","ping_status":"open","sticky":false,"template":"","format":"standard","meta":{"ngg_post_thumbnail":0,"activitypub_content_warning":"","activitypub_content_visibility":"","activitypub_max_image_attachments":2,"activitypub_interaction_policy_quote":"anyone","activitypub_status":"","footnotes":""},"categories":[15],"tags":[244,53],"class_list":["post-164727","post","type-post","status-publish","format-standard","hentry","category-fahrrad","tag-verkehrsmittel-und-wetterlage","tag-wetter"],"share_on_mastodon":{"url":"","error":""},"_links":{"self":[{"href":"https:\/\/www.andreas-edler.de\/blog\/wp-json\/wp\/v2\/posts\/164727","targetHints":{"allow":["GET"]}}],"collection":[{"href":"https:\/\/www.andreas-edler.de\/blog\/wp-json\/wp\/v2\/posts"}],"about":[{"href":"https:\/\/www.andreas-edler.de\/blog\/wp-json\/wp\/v2\/types\/post"}],"author":[{"embeddable":true,"href":"https:\/\/www.andreas-edler.de\/blog\/wp-json\/wp\/v2\/users\/1"}],"replies":[{"embeddable":true,"href":"https:\/\/www.andreas-edler.de\/blog\/wp-json\/wp\/v2\/comments?post=164727"}],"version-history":[{"count":0,"href":"https:\/\/www.andreas-edler.de\/blog\/wp-json\/wp\/v2\/posts\/164727\/revisions"}],"wp:attachment":[{"href":"https:\/\/www.andreas-edler.de\/blog\/wp-json\/wp\/v2\/media?parent=164727"}],"wp:term":[{"taxonomy":"category","embeddable":true,"href":"https:\/\/www.andreas-edler.de\/blog\/wp-json\/wp\/v2\/categories?post=164727"},{"taxonomy":"post_tag","embeddable":true,"href":"https:\/\/www.andreas-edler.de\/blog\/wp-json\/wp\/v2\/tags?post=164727"}],"curies":[{"name":"wp","href":"https:\/\/api.w.org\/{rel}","templated":true}]}}