{"id":164713,"date":"2019-01-25T22:12:31","date_gmt":"2019-01-25T21:12:31","guid":{"rendered":"http:\/\/www.andreas-edler.de\/blog\/?p=164713"},"modified":"2019-01-25T22:22:46","modified_gmt":"2019-01-25T21:22:46","slug":"hindernisse-auf-den-radwegen","status":"publish","type":"post","link":"https:\/\/www.andreas-edler.de\/blog\/2019\/01\/hindernisse-auf-den-radwegen\/","title":{"rendered":"Hindernisse auf den Radwegen"},"content":{"rendered":"<p>Jaja, schon wieder Radweg ;-) Neulich beim Fr\u00fchst\u00fcck wurde im Gesp\u00e4rch gesagt, dass doch nicht wirklich jeden Tag irgendwer auf dem Radweg die Vorfahrt nimmt oder dort rumsteht. Und in Wirklichkeit stimmt das auch. Es gibt durchaus Tage, an denen man an jeder Einm\u00fcndung vorbei fahren kann, ohne dass da jemand quer steht, ohne dass die M\u00fclltonnen mitten auf dem Radweg abgestellt werden oder jemand sein Fahrzeug zur H\u00e4lfte auf der Fl\u00e4che f\u00fcr den Radverkehr geparkt hat. Heute war so ein Tag nicht.<br \/>\n<figure id=\"attachment_164714\" aria-describedby=\"caption-attachment-164714\" style=\"width: 470px\" class=\"wp-caption aligncenter\"><a href=\"http:\/\/www.andreas-edler.de\/blog\/wp-content\/uploads\/2019\/01\/2019-01-25-07.53.06.jpg\"><img loading=\"lazy\" decoding=\"async\" src=\"http:\/\/www.andreas-edler.de\/blog\/wp-content\/uploads\/2019\/01\/2019-01-25-07.53.06-470x284.jpg\" alt=\"\" width=\"470\" height=\"284\" class=\"size-large wp-image-164714\" srcset=\"https:\/\/www.andreas-edler.de\/blog\/wp-content\/uploads\/2019\/01\/2019-01-25-07.53.06-470x284.jpg 470w, https:\/\/www.andreas-edler.de\/blog\/wp-content\/uploads\/2019\/01\/2019-01-25-07.53.06-250x151.jpg 250w, https:\/\/www.andreas-edler.de\/blog\/wp-content\/uploads\/2019\/01\/2019-01-25-07.53.06-768x464.jpg 768w, https:\/\/www.andreas-edler.de\/blog\/wp-content\/uploads\/2019\/01\/2019-01-25-07.53.06-100x60.jpg 100w, https:\/\/www.andreas-edler.de\/blog\/wp-content\/uploads\/2019\/01\/2019-01-25-07.53.06-150x91.jpg 150w, https:\/\/www.andreas-edler.de\/blog\/wp-content\/uploads\/2019\/01\/2019-01-25-07.53.06-200x121.jpg 200w, https:\/\/www.andreas-edler.de\/blog\/wp-content\/uploads\/2019\/01\/2019-01-25-07.53.06-300x181.jpg 300w, https:\/\/www.andreas-edler.de\/blog\/wp-content\/uploads\/2019\/01\/2019-01-25-07.53.06-450x272.jpg 450w, https:\/\/www.andreas-edler.de\/blog\/wp-content\/uploads\/2019\/01\/2019-01-25-07.53.06-600x363.jpg 600w, https:\/\/www.andreas-edler.de\/blog\/wp-content\/uploads\/2019\/01\/2019-01-25-07.53.06-900x544.jpg 900w, https:\/\/www.andreas-edler.de\/blog\/wp-content\/uploads\/2019\/01\/2019-01-25-07.53.06.jpg 1280w\" sizes=\"auto, (max-width: 470px) 100vw, 470px\" \/><\/a><figcaption id=\"caption-attachment-164714\" class=\"wp-caption-text\">Transporter wartet auf dem Radweg<\/figcaption><\/figure> <!--more--><\/p>\n<p>Zun\u00e4chst kam aus der Buschwiese eine Frau sehr z\u00fcgig gefahren, die keine Anzeichen machte, zu bremsen und immer weiter auf den Radweg zurollte. Da bekommt man schon mal einen Adrenalinschub.<\/p>\n<p>Ein paar hundert Meter weiter stand der Transporter mit dem Bagger auf der Ladefl\u00e4che komplett auf dem Radweg. Und nicht nur kurz. Die ganze Ampelphase, welche ich an der Bl\u00f6baumkreuzung wartete, konnte ich das gelbe Rundumlicht stehen sehen. Am Hindernis angekommen stand schon ein Radfahrer mit Kinderanh\u00e4nger hinten am Rad und konnte nicht vorbei. Er ist dann vorsichtig auf die Fahnbahn gewechselt, um auf der Fahrbahn vorbei zu gelangen. Habe ich auch gemacht und den Fahrer gefragt, was er glaubt dort zu tun? Er m\u00fcsse warten, weil er r\u00fcckw\u00e4rts in eine Einfahrt wollte. Dass er dort nicht stehen durfte, wusste er &#8211; w\u00e4re ihm aber egal. Als ich ihm erkl\u00e4rte, er h\u00e4tte genauso auf der Fahrbahn stehen bleiben k\u00f6nnen (dann ist er auch ratzfatz r\u00fcckw\u00e4rts in der Einfahrt &#8211; die Autos werden ihn dann schon reinlassen) hat er nur mitleidig gel\u00e4chelt. Er blieb auch seelenruhig sitzen, als ich wieder vor ihm auf den Radweg fuhr. Ich bin dann abgestiegen und habe das Handy rausgeholt &#8230; und pl\u00f6tzlich war es kein Problem, auf die Fahrbahn zu fahren und zu rangieren.<br \/>\n<figure id=\"attachment_164715\" aria-describedby=\"caption-attachment-164715\" style=\"width: 470px\" class=\"wp-caption aligncenter\"><a href=\"http:\/\/www.andreas-edler.de\/blog\/wp-content\/uploads\/2019\/01\/2019-01-25-16.51.10.jpg\"><img loading=\"lazy\" decoding=\"async\" src=\"http:\/\/www.andreas-edler.de\/blog\/wp-content\/uploads\/2019\/01\/2019-01-25-16.51.10-470x185.jpg\" alt=\"\" width=\"470\" height=\"185\" class=\"size-large wp-image-164715\" srcset=\"https:\/\/www.andreas-edler.de\/blog\/wp-content\/uploads\/2019\/01\/2019-01-25-16.51.10-470x185.jpg 470w, https:\/\/www.andreas-edler.de\/blog\/wp-content\/uploads\/2019\/01\/2019-01-25-16.51.10-250x98.jpg 250w, https:\/\/www.andreas-edler.de\/blog\/wp-content\/uploads\/2019\/01\/2019-01-25-16.51.10-768x302.jpg 768w, https:\/\/www.andreas-edler.de\/blog\/wp-content\/uploads\/2019\/01\/2019-01-25-16.51.10-100x39.jpg 100w, https:\/\/www.andreas-edler.de\/blog\/wp-content\/uploads\/2019\/01\/2019-01-25-16.51.10-150x59.jpg 150w, https:\/\/www.andreas-edler.de\/blog\/wp-content\/uploads\/2019\/01\/2019-01-25-16.51.10-200x79.jpg 200w, https:\/\/www.andreas-edler.de\/blog\/wp-content\/uploads\/2019\/01\/2019-01-25-16.51.10-300x118.jpg 300w, https:\/\/www.andreas-edler.de\/blog\/wp-content\/uploads\/2019\/01\/2019-01-25-16.51.10-450x177.jpg 450w, https:\/\/www.andreas-edler.de\/blog\/wp-content\/uploads\/2019\/01\/2019-01-25-16.51.10-600x236.jpg 600w, https:\/\/www.andreas-edler.de\/blog\/wp-content\/uploads\/2019\/01\/2019-01-25-16.51.10-900x354.jpg 900w, https:\/\/www.andreas-edler.de\/blog\/wp-content\/uploads\/2019\/01\/2019-01-25-16.51.10.jpg 1280w\" sizes=\"auto, (max-width: 470px) 100vw, 470px\" \/><\/a><figcaption id=\"caption-attachment-164715\" class=\"wp-caption-text\">Man kann dort problemlos auf dem Seitenstreifen stehen.<\/figcaption><\/figure><br \/>\nAuf dem Nachhauseweg stand wie immer jemand bei Stahls um die Ecke auf dem Radweg. Da reagiere ich eigentlich schon gar nicht mehr drauf, es sei denn, <a href=\"http:\/\/www.andreas-edler.de\/blog\/2019\/01\/hinweis-an-radwegparker-lkw\/\">es ist ein LKW<\/a> oder der Fahrer sitzt im Auto und telefoniert lautstark ;-) Habe f\u00fcr den Fahrer gut wahrnehmbar ein Foto gemacht, was ihn dann auch wie beabsichtigt zu einem Gespr\u00e4ch bewogen hat. In dessen Verlauf war er erstaunt, dass man so nicht stehen d\u00fcrfte und er w\u00e4re ganz neu in der Gegend. Meine Erkl\u00e4rung, dass diese Regeln genauso in Hannover, M\u00fcnchen, Berlin, Stuttgart oder Bielefeld gelten w\u00fcrden, fand er etwas doof, glaube ich. Nach einigen weiteren Worten ist er dann aber tats\u00e4chlich vom Radweg runter und hat auf dem Seitenstreifen geparkt. Geht doch. Danach bin ich wieder zur Ampel und er fragte mich auf dem Weg zur Pommes-Bude, warum ich denn was gesagt h\u00e4tte, obwohl ich da gar nicht lang wollte? Hat sich dann bedankt, als ich ihm sagte, dass ich keine Lust habe, st\u00e4ndig dem Ordnungsamt Bilder zu schicken, sondern es den Leuten lieber direkt sage. Ich hoffe, er meinte es ernst &#8230; und vielleicht bleibt was h\u00e4ngen.<br \/>\n<figure id=\"attachment_164716\" aria-describedby=\"caption-attachment-164716\" style=\"width: 470px\" class=\"wp-caption aligncenter\"><a href=\"http:\/\/www.andreas-edler.de\/blog\/wp-content\/uploads\/2019\/01\/2019-01-25-16.57.17.jpg\"><img loading=\"lazy\" decoding=\"async\" src=\"http:\/\/www.andreas-edler.de\/blog\/wp-content\/uploads\/2019\/01\/2019-01-25-16.57.17-470x307.jpg\" alt=\"\" width=\"470\" height=\"307\" class=\"size-large wp-image-164716\" srcset=\"https:\/\/www.andreas-edler.de\/blog\/wp-content\/uploads\/2019\/01\/2019-01-25-16.57.17-470x307.jpg 470w, https:\/\/www.andreas-edler.de\/blog\/wp-content\/uploads\/2019\/01\/2019-01-25-16.57.17-250x163.jpg 250w, https:\/\/www.andreas-edler.de\/blog\/wp-content\/uploads\/2019\/01\/2019-01-25-16.57.17-768x502.jpg 768w, https:\/\/www.andreas-edler.de\/blog\/wp-content\/uploads\/2019\/01\/2019-01-25-16.57.17-100x65.jpg 100w, https:\/\/www.andreas-edler.de\/blog\/wp-content\/uploads\/2019\/01\/2019-01-25-16.57.17-150x98.jpg 150w, https:\/\/www.andreas-edler.de\/blog\/wp-content\/uploads\/2019\/01\/2019-01-25-16.57.17-200x131.jpg 200w, https:\/\/www.andreas-edler.de\/blog\/wp-content\/uploads\/2019\/01\/2019-01-25-16.57.17-300x196.jpg 300w, https:\/\/www.andreas-edler.de\/blog\/wp-content\/uploads\/2019\/01\/2019-01-25-16.57.17-450x294.jpg 450w, https:\/\/www.andreas-edler.de\/blog\/wp-content\/uploads\/2019\/01\/2019-01-25-16.57.17-600x392.jpg 600w, https:\/\/www.andreas-edler.de\/blog\/wp-content\/uploads\/2019\/01\/2019-01-25-16.57.17-900x588.jpg 900w, https:\/\/www.andreas-edler.de\/blog\/wp-content\/uploads\/2019\/01\/2019-01-25-16.57.17.jpg 1280w\" sizes=\"auto, (max-width: 470px) 100vw, 470px\" \/><\/a><figcaption id=\"caption-attachment-164716\" class=\"wp-caption-text\">SUV auf dem Radweg<\/figcaption><\/figure><br \/>\nWahrscheinlich gar nichts h\u00e4ngen geblieben ist bei dem Fahrer dieses SUV, der nicht abwarten konnte bis er als Rechtsabbieger von der Eidinghausener Stra\u00dfe auf die Werster Stra\u00dfe fahren konnte. Als ich am Stau vorbei auf die rote Ampel zu fuhr, hatte er die Vorderr\u00e4der schon eingeschlagen, um auf den Hochbordradweg zu fahren und dann auf dem Radweg am Stau vorbei zu gelangen. Da er mich aber dann doch nicht rammen wollte, tat er das erst hinter mir. Zeitersparnis war es f\u00fcr ihn letztendlich aber nicht, weil ich auf dem Fahrrad nicht so schnell war und auch noch gucken wollte, wer da hinter mir so dicht dr\u00e4ngelt. Hat mich aus dem offenen Fenster ein wenig beschimpft. Was genau konnte ich nicht verstehen. Nur das letzte &#8222;Arschloch&#8220; war laut genug.<\/p>\n<p>Die Frau, welche an der Werrestra\u00dfe meine Weiterfahrt mit der Motorhaube ihres Fahrzeugs arg ausbremste war da nur noch \u00fcbliches Tagesgeschehen. Diese t\u00e4glichen Geschehnisse sind auch der Grund, warum ich der These, eine Freigabe von Fahrradstra\u00dfen w\u00fcrde das Miteinander st\u00e4rken und das Verst\u00e4ndnis der KFZ-Fahrenden gegen\u00fcber dem Radverkehr st\u00e4rken, so gar nichts abgewinnen kann. Das Gegenteil ist der Fall! <\/p>\n","protected":false},"excerpt":{"rendered":"<p>Jaja, schon wieder Radweg ;-) Neulich beim Fr\u00fchst\u00fcck wurde im Gesp\u00e4rch gesagt, dass doch nicht wirklich jeden Tag irgendwer auf dem Radweg die Vorfahrt nimmt oder dort rumsteht. Und in Wirklichkeit stimmt das auch. Es gibt durchaus Tage, an denen &hellip;<\/p>\n<p class=\"read-more\"> <a class=\"more-link\" href=\"https:\/\/www.andreas-edler.de\/blog\/2019\/01\/hindernisse-auf-den-radwegen\/\"> <span class=\"screen-reader-text\">Hindernisse auf den Radwegen<\/span> Weiterlesen &raquo;<\/a><\/p>\n","protected":false},"author":1,"featured_media":0,"comment_status":"open","ping_status":"open","sticky":false,"template":"","format":"standard","meta":{"ngg_post_thumbnail":0,"activitypub_content_warning":"","activitypub_content_visibility":"","activitypub_max_image_attachments":2,"activitypub_interaction_policy_quote":"anyone","activitypub_status":"","footnotes":""},"categories":[14,15,13],"tags":[37,63,262,251,34,270,108,71],"class_list":["post-164713","post","type-post","status-publish","format-standard","hentry","category-bad-oeynhausen","category-fahrrad","category-verkehr","tag-auto","tag-benehmen","tag-eidinghausener-strasse","tag-infrastruktur","tag-kommunikation","tag-mindener-strasse","tag-radwegparker","tag-regeln"],"share_on_mastodon":{"url":"","error":""},"_links":{"self":[{"href":"https:\/\/www.andreas-edler.de\/blog\/wp-json\/wp\/v2\/posts\/164713","targetHints":{"allow":["GET"]}}],"collection":[{"href":"https:\/\/www.andreas-edler.de\/blog\/wp-json\/wp\/v2\/posts"}],"about":[{"href":"https:\/\/www.andreas-edler.de\/blog\/wp-json\/wp\/v2\/types\/post"}],"author":[{"embeddable":true,"href":"https:\/\/www.andreas-edler.de\/blog\/wp-json\/wp\/v2\/users\/1"}],"replies":[{"embeddable":true,"href":"https:\/\/www.andreas-edler.de\/blog\/wp-json\/wp\/v2\/comments?post=164713"}],"version-history":[{"count":0,"href":"https:\/\/www.andreas-edler.de\/blog\/wp-json\/wp\/v2\/posts\/164713\/revisions"}],"wp:attachment":[{"href":"https:\/\/www.andreas-edler.de\/blog\/wp-json\/wp\/v2\/media?parent=164713"}],"wp:term":[{"taxonomy":"category","embeddable":true,"href":"https:\/\/www.andreas-edler.de\/blog\/wp-json\/wp\/v2\/categories?post=164713"},{"taxonomy":"post_tag","embeddable":true,"href":"https:\/\/www.andreas-edler.de\/blog\/wp-json\/wp\/v2\/tags?post=164713"}],"curies":[{"name":"wp","href":"https:\/\/api.w.org\/{rel}","templated":true}]}}