{"id":164683,"date":"2019-01-19T13:09:15","date_gmt":"2019-01-19T12:09:15","guid":{"rendered":"http:\/\/www.andreas-edler.de\/blog\/?p=164683"},"modified":"2019-01-19T13:09:15","modified_gmt":"2019-01-19T12:09:15","slug":"man-kann-die-polizeimeldungen-sogar-noch-ungenauer-machen","status":"publish","type":"post","link":"https:\/\/www.andreas-edler.de\/blog\/2019\/01\/man-kann-die-polizeimeldungen-sogar-noch-ungenauer-machen\/","title":{"rendered":"Man kann die Polizeimeldungen sogar noch ungenauer machen"},"content":{"rendered":"<p>Die Polizei Bielefeld hat am 16.01. eine Meldung ver\u00f6ffentlicht, bei dem eine zw\u00f6lfj\u00e4hrige Sch\u00fclerin von einem Autofahrer gerammt wurde:<\/p>\n<p><cite><strong><a href=\"https:\/\/www.presseportal.de\/blaulicht\/pm\/12522\/4167414\">Unfall auf dem Schulweg &#8211; Polizei sucht beteiligten Pkw und Zeugen<\/a><\/strong><br \/>\n&#8230; Eine 12-j\u00e4hrige Sch\u00fclerin war mit ihrem Fahrrad auf der Potsdamer Stra\u00dfe in Richtung Alter Postweg unterwegs. Als sie den Einm\u00fcndungsbereich des Heinrich-Horstmann-Wegs passieren wollte, kam ein bislang unbekannter Pkw aus dem Weg gefahren. Das Auto touchierte die Sch\u00fclerin im Beinbereich, so dass sie zu Fall kam. <\/cite> <!--more--><br \/>\nNat\u00fcrlich wird nicht erw\u00e4hnt, dass die Sch\u00fclerin den sp\u00e4rlichen Informationen nach <a href=\"https:\/\/goo.gl\/maps\/NLeNwfkaRnQ2\">auf der richtigen Seite<\/a> fuhr und Vorfahrt hatte. Selbstverst\u00e4ndlich war es auch ein selbsfahrendes Fahrezug, denn kein Fahrer wird hier aktiv erw\u00e4hnt. Und es war auch gar nicht schlimm, weil das Auto ja nur &#8222;touchiert&#8220; hat. Die Formulierung<\/p>\n<p><cite>Der Fahrer eines wei\u00dfen VW Golf missachtete die Vorfahrt der auf der Potsdamer Stra\u00dfe in Richtung Alter Postweg fahrenden zw\u00f6lfj\u00e4hrigen Fahrradfahrerin, als er aus dem Heinrich-Horstmann-Weg in die Potsdammer Stra\u00dfe einfahren wollte. Er rammte das M\u00e4dchen mit seinem Auto, wodurch sie zu Fall kam und leicht verletzt wurde.<\/cite><br \/>\nist genauso sachlich und korrekt, w\u00fcrde aber deutlich machen, wo das Problem der allermeisten Unf\u00e4lle zwischen Autofahrenden und Radfahrenden liegt.<\/p>\n<p>In der Regel ver\u00f6ffentlichen die Lokalzeitungen die Pressemeldungen der Polizei wortgleich ohne eigene \u00c4nderungen, Recherche oder vielleicht auch Hinweisen zur Umgebung. Nun gibt es aber auch Portale, welche solche Meldungen umschreiben und durch diese eigene redaktionelle &#8222;Arbeit&#8220; Reichweite erzeugen m\u00f6chten (nehme ich an, man k\u00f6nnte ja auch einfach auf die Polizeimeldungen verlinken). Auf OWL24.de wurde unter anderem auch die oben beschriebene Polizeimeldung verarbeitet.<\/p>\n<p>Die Autoren dort scheinen sich auf die Fahnen geschrieben zu haben, einfache Sprache zu verwenden. Leider ist das was dabei heraus kommt oft recht holperig und plump. In jedem Fall werden die wenigen S\u00e4tze der Polizei aber auf die vierfache L\u00e4nge aufgeblasen, ohne weitere Informationen zu liefern. In diesem Fall wird aber neben all dem, was die Polizei nicht mitteilte, die Sch\u00fclerin auch noch als der aktive Part dargestellt!<\/p>\n<p><cite><b><a href=\"https:\/\/www.owl24.de\/bielefeld\/bielefeld-maedchen-12-angefahren-und-verursacher-gefluechtet-zeugen-gesucht-11256560.html\">Ungl\u00fcck in Bielefeld<\/a><\/b><br \/>\n&#8230; Eine M\u00e4dchen war heute Morgen (Mittwoch 16. Januar) auf dem Weg zur Schule &#8230; Gegen 7.45 stie\u00df sie pl\u00f6tzlich mit einem Wagen zusammen &#8230;<\/cite><\/p>\n<p>Hier ist die Sch\u00fclerin diejenige, welche das Auto rammt. Einen Satz vorher heisst es noch &#8222;Ein Kind wurde in Bielefeld von einem Wagen erfasst.&#8220; &#8211; mithin exakt das Gegenteil. Trotzdem die Meldung so volumin\u00f6s gemacht wurde, fehlen meine obigen Kritikpunkte ebenfalls und sie ist sogar noch in sich widerspr\u00fcchlich. Im zitierten Satz wird sogar die Sch\u00fclerin noch zur Verursacherin.<\/p>\n<p>Und <b>nein<\/b>, der Vorfall war auch kein &#8222;Ungl\u00fcck&#8220;. Das hat mit Gl\u00fcck oder Ungl\u00fcck nichts zu tun. Ein Autofahrer hat die Vorfahrt ignoriert und jemanden gerammt. Es war also vielleicht Unwissen, nicht angepasste Geschwindigkeit, Vorsatz, Dummmheit, Ablenkung &#8230; wei\u00df man alles nicht. Aber kein &#8222;Ungl\u00fcck&#8220;!<\/p>\n<p>Ich wiederhole mich: durch diese &#8211; nicht nur m.M.n. tendenzi\u00f6sen &#8211; Meldungen der Polizei wird den Autofahrern ihre &#8222;Da kann man nichts machen&#8220;-Unschuld eingetrichtert. Das ist kontraproduktiv f\u00fcr die Sicherheit im Verkehr. Gepaart mit einem <a href=\"https:\/\/twitter.com\/BMVI\/status\/1086276615758172160\">BMVI, welches z.B. ein Tempolimit als asozial ansieht<\/a>, wird sich bei uns leider nichts zum Besseren wenden.<\/p>\n","protected":false},"excerpt":{"rendered":"<p>Die Polizei Bielefeld hat am 16.01. eine Meldung ver\u00f6ffentlicht, bei dem eine zw\u00f6lfj\u00e4hrige Sch\u00fclerin von einem Autofahrer gerammt wurde: Unfall auf dem Schulweg &#8211; Polizei sucht beteiligten Pkw und Zeugen &#8230; Eine 12-j\u00e4hrige Sch\u00fclerin war mit ihrem Fahrrad auf der &hellip;<\/p>\n<p class=\"read-more\"> <a class=\"more-link\" href=\"https:\/\/www.andreas-edler.de\/blog\/2019\/01\/man-kann-die-polizeimeldungen-sogar-noch-ungenauer-machen\/\"> <span class=\"screen-reader-text\">Man kann die Polizeimeldungen sogar noch ungenauer machen<\/span> Weiterlesen &raquo;<\/a><\/p>\n","protected":false},"author":1,"featured_media":0,"comment_status":"open","ping_status":"open","sticky":false,"template":"","format":"standard","meta":{"ngg_post_thumbnail":0,"activitypub_content_warning":"","activitypub_content_visibility":"","activitypub_max_image_attachments":2,"activitypub_interaction_policy_quote":"anyone","activitypub_status":"","footnotes":""},"categories":[15,18,13],"tags":[109,34,127,59,71,76],"class_list":["post-164683","post","type-post","status-publish","format-standard","hentry","category-fahrrad","category-fraglich","category-verkehr","tag-adfc","tag-kommunikation","tag-polizei","tag-presse","tag-regeln","tag-sicherheit"],"share_on_mastodon":{"url":"","error":""},"_links":{"self":[{"href":"https:\/\/www.andreas-edler.de\/blog\/wp-json\/wp\/v2\/posts\/164683","targetHints":{"allow":["GET"]}}],"collection":[{"href":"https:\/\/www.andreas-edler.de\/blog\/wp-json\/wp\/v2\/posts"}],"about":[{"href":"https:\/\/www.andreas-edler.de\/blog\/wp-json\/wp\/v2\/types\/post"}],"author":[{"embeddable":true,"href":"https:\/\/www.andreas-edler.de\/blog\/wp-json\/wp\/v2\/users\/1"}],"replies":[{"embeddable":true,"href":"https:\/\/www.andreas-edler.de\/blog\/wp-json\/wp\/v2\/comments?post=164683"}],"version-history":[{"count":0,"href":"https:\/\/www.andreas-edler.de\/blog\/wp-json\/wp\/v2\/posts\/164683\/revisions"}],"wp:attachment":[{"href":"https:\/\/www.andreas-edler.de\/blog\/wp-json\/wp\/v2\/media?parent=164683"}],"wp:term":[{"taxonomy":"category","embeddable":true,"href":"https:\/\/www.andreas-edler.de\/blog\/wp-json\/wp\/v2\/categories?post=164683"},{"taxonomy":"post_tag","embeddable":true,"href":"https:\/\/www.andreas-edler.de\/blog\/wp-json\/wp\/v2\/tags?post=164683"}],"curies":[{"name":"wp","href":"https:\/\/api.w.org\/{rel}","templated":true}]}}