{"id":164671,"date":"2019-01-11T23:45:30","date_gmt":"2019-01-11T22:45:30","guid":{"rendered":"http:\/\/www.andreas-edler.de\/blog\/?p=164671"},"modified":"2019-01-13T10:16:55","modified_gmt":"2019-01-13T09:16:55","slug":"radverkehr-und-mobilitaet","status":"publish","type":"post","link":"https:\/\/www.andreas-edler.de\/blog\/2019\/01\/radverkehr-und-mobilitaet\/","title":{"rendered":"Radverkehr und Mobilit\u00e4t"},"content":{"rendered":"<div class=\"bild\" style=\"font-size: smaller;\"><img decoding=\"async\" src=\"http:\/\/www.andreas-edler.de\/grafik\/logo_rad.png\" alt=\"Logo: Fahrrad\" title=\"Logo: Fahrrad\" width=\"250\" border=\"0\"><\/div>\n<p> Heute fand ein ca. vierst\u00fcndiger Workshop zu verschiedensten Themen statt. Wir haben uns in einer Teilgruppe des Rates \u00fcber zuk\u00fcnftige Dinge ausgetauscht und u.a. war eines der Oberthemen auch Mobilit\u00e4t, Radverkehr und \u00d6PNV. Leider war ich nach dem wirklich konstruktiven Austausch trotzdem weiter desillusioniert, was die Verkehrswende in Bad Oeynhausen angeht. Dass der Radverkehr &#8211; egal ob mit oder ohne zus\u00e4tzliche Unterst\u00fctzung &#8211; der einzige Weg ist, um das Infrastrukturproblem der St\u00e4dte zu l\u00f6sen, ist offensichtlich noch nicht wirklich durchgedrungen. Sehr schade. <!--more--><\/p>\n<p>W\u00e4hrend wir in der Runde diskutierten, erreichte mich die Mail eines B\u00fcrgers, welcher sich v\u00f6llig zu Recht \u00fcber einige Stellen im Radverkehrsnetz beschwerte und gleichzeitig die nicht nur m.E. v\u00f6llig willk\u00fcrliche Regel\u00e4nderung einiger Fahrradstra\u00dfenteile in der Stadt kritisierte. W\u00e4hrend wir also den Radverkehr politisch so gut wie v\u00f6llig au\u00dfer acht lassen, erkennen B\u00fcrger dessen Notwendigkeit und den mangelhaften Umgang damit. Und wie man an den Abstellanlagen am Bahnhof sieht, wird das Verkehrsmittel sogar im Winter und bei dem vermeintlich schlechten Wetter genutzt.<\/p>\n<p>Ich frage mich, wann wir hier und in vielen anderen Kommunen endlich erkennen, dass Stau, kaputte Stra\u00dfen, Parkplatznot und verletzte Fu\u00dfg\u00e4nger- und Radfahrer von Autofahrenden verursacht werden und nicht vom Fu\u00df- und Radverkehr.<\/p>\n","protected":false},"excerpt":{"rendered":"<p>Heute fand ein ca. vierst\u00fcndiger Workshop zu verschiedensten Themen statt. Wir haben uns in einer Teilgruppe des Rates \u00fcber zuk\u00fcnftige Dinge ausgetauscht und u.a. war eines der Oberthemen auch Mobilit\u00e4t, Radverkehr und \u00d6PNV. Leider war ich nach dem wirklich konstruktiven &hellip;<\/p>\n<p class=\"read-more\"> <a class=\"more-link\" href=\"https:\/\/www.andreas-edler.de\/blog\/2019\/01\/radverkehr-und-mobilitaet\/\"> <span class=\"screen-reader-text\">Radverkehr und Mobilit\u00e4t<\/span> Weiterlesen &raquo;<\/a><\/p>\n","protected":false},"author":1,"featured_media":0,"comment_status":"open","ping_status":"open","sticky":false,"template":"","format":"standard","meta":{"ngg_post_thumbnail":0,"activitypub_content_warning":"","activitypub_content_visibility":"","activitypub_max_image_attachments":2,"activitypub_interaction_policy_quote":"anyone","activitypub_status":"","footnotes":""},"categories":[14,15,45,13],"tags":[77,72],"class_list":["post-164671","post","type-post","status-publish","format-standard","hentry","category-bad-oeynhausen","category-fahrrad","category-politik","category-verkehr","tag-stadtrat","tag-verwaltung"],"share_on_mastodon":{"url":"","error":""},"_links":{"self":[{"href":"https:\/\/www.andreas-edler.de\/blog\/wp-json\/wp\/v2\/posts\/164671","targetHints":{"allow":["GET"]}}],"collection":[{"href":"https:\/\/www.andreas-edler.de\/blog\/wp-json\/wp\/v2\/posts"}],"about":[{"href":"https:\/\/www.andreas-edler.de\/blog\/wp-json\/wp\/v2\/types\/post"}],"author":[{"embeddable":true,"href":"https:\/\/www.andreas-edler.de\/blog\/wp-json\/wp\/v2\/users\/1"}],"replies":[{"embeddable":true,"href":"https:\/\/www.andreas-edler.de\/blog\/wp-json\/wp\/v2\/comments?post=164671"}],"version-history":[{"count":0,"href":"https:\/\/www.andreas-edler.de\/blog\/wp-json\/wp\/v2\/posts\/164671\/revisions"}],"wp:attachment":[{"href":"https:\/\/www.andreas-edler.de\/blog\/wp-json\/wp\/v2\/media?parent=164671"}],"wp:term":[{"taxonomy":"category","embeddable":true,"href":"https:\/\/www.andreas-edler.de\/blog\/wp-json\/wp\/v2\/categories?post=164671"},{"taxonomy":"post_tag","embeddable":true,"href":"https:\/\/www.andreas-edler.de\/blog\/wp-json\/wp\/v2\/tags?post=164671"}],"curies":[{"name":"wp","href":"https:\/\/api.w.org\/{rel}","templated":true}]}}