{"id":164654,"date":"2019-01-04T19:02:25","date_gmt":"2019-01-04T18:02:25","guid":{"rendered":"http:\/\/www.andreas-edler.de\/blog\/?p=164654"},"modified":"2019-01-04T19:13:42","modified_gmt":"2019-01-04T18:13:42","slug":"wie-man-im-winter-mit-fahrraedern-umgehen-sollte","status":"publish","type":"post","link":"https:\/\/www.andreas-edler.de\/blog\/2019\/01\/wie-man-im-winter-mit-fahrraedern-umgehen-sollte\/","title":{"rendered":"Wie man im Winter mit Fahrr\u00e4dern umgehen sollte"},"content":{"rendered":"<p>Nat\u00fcrlich gibt es in dieser Jahreszeit wieder alle Nase lang Artikel, was man als Fahrradfahrer alles beachten und machen muss, wenn man so verr\u00fcckt ist, jetzt per Pedalkraft am Verkehr teilzunehmen. Ich habe dazu eben auf Facebook einen entsprechenden Beitrag kommentiert und mag den Kommentar hier auch ver\u00f6ffentlichen. So m\u00fcsste der korrekte Hinweis f\u00fcr das Verhalten bei Fahrradfahrenden im Winter lauten: <!--more--><br \/>\n<cite>Auch in der dunklen Jahreszeit nutzen Menschen das Fahrrad als Fortbewegungsmittel im Verkehr. Bitte achten Sie im Auto noch mehr als sonst auf ihre Umgebung. Der Schulterblick beim Abbiegen und\/oder dem Spurwechsel ist obligatorisch! Bei einer gelben Ampel darf man schon Bremsen und wenn die maximale zul\u00e4ssige H\u00f6chstgeschwindigkeit z.B. 50 Km\/h betr\u00e4gt, sind im KFZ im Zweifel 40 auch v\u00f6llig in Ordnung!<br \/>\n<br \/>\nDenken Sie daran, dass sie ihr K\u00f6rpergewicht mit 1.5 Tonnen Stahl fortbewegen und die 15 Kilogramm eines Fahrrades da nichts entgegensetzen k\u00f6nnen! Sie sitzen im gef\u00e4hrlicheren Verkehrsmittel &#8211; agieren Sie entsprechend!<\/cite><\/p>\n<p>Gleichzeitig wurde auf einer anderen Seite der Start der Radsaison am 13.04.2019 beworben. Auch da konnte ich mich nicht zur\u00fcckhalten ;-) Und da es allgemeing\u00fcltig ist auch hier:<br \/>\n<cite> Die Fahrradsaison 2019 fing am 01.01. bereits an. Genau wie die Auto-, Fu\u00dfg\u00e4nger-, Bus- und Bahnsaison!<br \/>\n<br \/>\nLeider brennt dieses Saisongerede den Leuten nachdr\u00fccklich ein, dass man im Winter kein Fahrrad f\u00e4hrt. Schlechte Werbung.<\/cite><br \/>\nIch \u00e4ndere an meinem Fahrrad das ganze Jahr \u00fcber exakt gar nichts! Ich fahre einfach damit. Die Pflichten sind im Fr\u00fchling, Sommer, Herbst und Winter exakt dieselben. Es gibt auch keine &#8222;Radsaison&#8220; &#8211; warum sollte man jetzt kein Fahrrad fahren? Jack Wolfskin, The Northface, Vaude und Konsorten verkaufen wie bl\u00f6d Klamotten, mit denen man am S\u00fcdpol \u00fcbernachten kann und bei unseren milden Temperaturen ist keine &#8222;Fahrradsaison&#8220;? Wof\u00fcr ben\u00f6tigen die Menschen die Kleidung?<\/p>\n<p>Ich kann dann immer nur seufzen &#8230;<\/p>\n","protected":false},"excerpt":{"rendered":"<p>Nat\u00fcrlich gibt es in dieser Jahreszeit wieder alle Nase lang Artikel, was man als Fahrradfahrer alles beachten und machen muss, wenn man so verr\u00fcckt ist, jetzt per Pedalkraft am Verkehr teilzunehmen. Ich habe dazu eben auf Facebook einen entsprechenden Beitrag &hellip;<\/p>\n<p class=\"read-more\"> <a class=\"more-link\" href=\"https:\/\/www.andreas-edler.de\/blog\/2019\/01\/wie-man-im-winter-mit-fahrraedern-umgehen-sollte\/\"> <span class=\"screen-reader-text\">Wie man im Winter mit Fahrr\u00e4dern umgehen sollte<\/span> Weiterlesen &raquo;<\/a><\/p>\n","protected":false},"author":1,"featured_media":0,"comment_status":"open","ping_status":"open","sticky":false,"template":"","format":"standard","meta":{"ngg_post_thumbnail":0,"activitypub_content_warning":"","activitypub_content_visibility":"","activitypub_max_image_attachments":2,"activitypub_interaction_policy_quote":"anyone","activitypub_status":"","footnotes":""},"categories":[15,13],"tags":[37,34,71,76,53],"class_list":["post-164654","post","type-post","status-publish","format-standard","hentry","category-fahrrad","category-verkehr","tag-auto","tag-kommunikation","tag-regeln","tag-sicherheit","tag-wetter"],"share_on_mastodon":{"url":"","error":""},"_links":{"self":[{"href":"https:\/\/www.andreas-edler.de\/blog\/wp-json\/wp\/v2\/posts\/164654","targetHints":{"allow":["GET"]}}],"collection":[{"href":"https:\/\/www.andreas-edler.de\/blog\/wp-json\/wp\/v2\/posts"}],"about":[{"href":"https:\/\/www.andreas-edler.de\/blog\/wp-json\/wp\/v2\/types\/post"}],"author":[{"embeddable":true,"href":"https:\/\/www.andreas-edler.de\/blog\/wp-json\/wp\/v2\/users\/1"}],"replies":[{"embeddable":true,"href":"https:\/\/www.andreas-edler.de\/blog\/wp-json\/wp\/v2\/comments?post=164654"}],"version-history":[{"count":0,"href":"https:\/\/www.andreas-edler.de\/blog\/wp-json\/wp\/v2\/posts\/164654\/revisions"}],"wp:attachment":[{"href":"https:\/\/www.andreas-edler.de\/blog\/wp-json\/wp\/v2\/media?parent=164654"}],"wp:term":[{"taxonomy":"category","embeddable":true,"href":"https:\/\/www.andreas-edler.de\/blog\/wp-json\/wp\/v2\/categories?post=164654"},{"taxonomy":"post_tag","embeddable":true,"href":"https:\/\/www.andreas-edler.de\/blog\/wp-json\/wp\/v2\/tags?post=164654"}],"curies":[{"name":"wp","href":"https:\/\/api.w.org\/{rel}","templated":true}]}}