{"id":164641,"date":"2019-01-01T18:22:12","date_gmt":"2019-01-01T17:22:12","guid":{"rendered":"http:\/\/www.andreas-edler.de\/blog\/?p=164641"},"modified":"2019-01-02T13:31:23","modified_gmt":"2019-01-02T12:31:23","slug":"luftdatensensor-selbst-gebaut","status":"publish","type":"post","link":"https:\/\/www.andreas-edler.de\/blog\/2019\/01\/luftdatensensor-selbst-gebaut\/","title":{"rendered":"Luftdatensensor selbst gebaut"},"content":{"rendered":"<p>Auf Twitter lief vor einigen Tagen eine Nachricht durch den Stream, dass sich jemand in Bad Oeynhausen einen Luftdatensensor gebastelt hat. Ich hatte das auch schon immer vor, letztlich hat aber dieser Tweet (vom gleichen Twitterer, der damals auch Freifunk zwei Tage vor mir installiert hat ;-) den Ausschlag gegeben, eine Bestellung mit Elektronikged\u00f6ns aufzugeben. Eine wirklich ausgezeichnete Anleitung zum Bau inklusive der Einkaufsliste gibt es auf <a href=\"https:\/\/luftdaten.info\/\">https:\/\/luftdaten.info\/<\/a> in der <a href=\"https:\/\/luftdaten.info\/feinstaubsensor-bauen\/\">Bauanleitung<\/a>! <figure id=\"attachment_164642\" aria-describedby=\"caption-attachment-164642\" style=\"width: 470px\" class=\"wp-caption aligncenter\"><a href=\"http:\/\/www.andreas-edler.de\/blog\/wp-content\/uploads\/2019\/01\/20190101_einzelteile.jpg\"><img loading=\"lazy\" decoding=\"async\" src=\"http:\/\/www.andreas-edler.de\/blog\/wp-content\/uploads\/2019\/01\/20190101_einzelteile-470x249.jpg\" alt=\"\" width=\"470\" height=\"249\" class=\"size-large wp-image-164642\" srcset=\"https:\/\/www.andreas-edler.de\/blog\/wp-content\/uploads\/2019\/01\/20190101_einzelteile-470x249.jpg 470w, https:\/\/www.andreas-edler.de\/blog\/wp-content\/uploads\/2019\/01\/20190101_einzelteile-250x132.jpg 250w, https:\/\/www.andreas-edler.de\/blog\/wp-content\/uploads\/2019\/01\/20190101_einzelteile-768x407.jpg 768w, https:\/\/www.andreas-edler.de\/blog\/wp-content\/uploads\/2019\/01\/20190101_einzelteile-100x53.jpg 100w, https:\/\/www.andreas-edler.de\/blog\/wp-content\/uploads\/2019\/01\/20190101_einzelteile-150x79.jpg 150w, https:\/\/www.andreas-edler.de\/blog\/wp-content\/uploads\/2019\/01\/20190101_einzelteile-200x106.jpg 200w, https:\/\/www.andreas-edler.de\/blog\/wp-content\/uploads\/2019\/01\/20190101_einzelteile-300x159.jpg 300w, https:\/\/www.andreas-edler.de\/blog\/wp-content\/uploads\/2019\/01\/20190101_einzelteile-450x238.jpg 450w, https:\/\/www.andreas-edler.de\/blog\/wp-content\/uploads\/2019\/01\/20190101_einzelteile-600x318.jpg 600w, https:\/\/www.andreas-edler.de\/blog\/wp-content\/uploads\/2019\/01\/20190101_einzelteile-900x477.jpg 900w, https:\/\/www.andreas-edler.de\/blog\/wp-content\/uploads\/2019\/01\/20190101_einzelteile.jpg 1280w\" sizes=\"auto, (max-width: 470px) 100vw, 470px\" \/><\/a><figcaption id=\"caption-attachment-164642\" class=\"wp-caption-text\">Mehr Teile sind das pro Sensor gar nicht!<\/figcaption><\/figure> <!--more--><\/p>\n<p>Wie das so ist, konnte ich mich aber nicht so richtig aufraffen, mit dem Basteln anzufangen und die Teile lagen einige Zeit auf dem Schreibtisch im Kellerb\u00fcro (<a href=\"https:\/\/www.andreas-edler.de\/blog\/2013\/08\/kellerkind\/\">auch schon wieder f\u00fcnf Jahre her, dass wir das umgebaut haben<\/a>). Aber da Silvester anstand, wollte ich doch mal wissen, wie sich die B\u00f6llerei auswirkt und ich habe am Sonntag den ersten Sensor zusammengesteckt. <figure id=\"attachment_164644\" aria-describedby=\"caption-attachment-164644\" style=\"width: 470px\" class=\"wp-caption aligncenter\"><a href=\"http:\/\/www.andreas-edler.de\/blog\/wp-content\/uploads\/2019\/01\/20190101_zusammen_getackert.jpg\"><img loading=\"lazy\" decoding=\"async\" src=\"http:\/\/www.andreas-edler.de\/blog\/wp-content\/uploads\/2019\/01\/20190101_zusammen_getackert-470x135.jpg\" alt=\"\" width=\"470\" height=\"135\" class=\"size-large wp-image-164644\" srcset=\"https:\/\/www.andreas-edler.de\/blog\/wp-content\/uploads\/2019\/01\/20190101_zusammen_getackert-470x135.jpg 470w, https:\/\/www.andreas-edler.de\/blog\/wp-content\/uploads\/2019\/01\/20190101_zusammen_getackert-250x72.jpg 250w, https:\/\/www.andreas-edler.de\/blog\/wp-content\/uploads\/2019\/01\/20190101_zusammen_getackert-768x220.jpg 768w, https:\/\/www.andreas-edler.de\/blog\/wp-content\/uploads\/2019\/01\/20190101_zusammen_getackert-100x29.jpg 100w, https:\/\/www.andreas-edler.de\/blog\/wp-content\/uploads\/2019\/01\/20190101_zusammen_getackert-150x43.jpg 150w, https:\/\/www.andreas-edler.de\/blog\/wp-content\/uploads\/2019\/01\/20190101_zusammen_getackert-200x57.jpg 200w, https:\/\/www.andreas-edler.de\/blog\/wp-content\/uploads\/2019\/01\/20190101_zusammen_getackert-300x86.jpg 300w, https:\/\/www.andreas-edler.de\/blog\/wp-content\/uploads\/2019\/01\/20190101_zusammen_getackert-450x129.jpg 450w, https:\/\/www.andreas-edler.de\/blog\/wp-content\/uploads\/2019\/01\/20190101_zusammen_getackert-600x172.jpg 600w, https:\/\/www.andreas-edler.de\/blog\/wp-content\/uploads\/2019\/01\/20190101_zusammen_getackert-900x258.jpg 900w, https:\/\/www.andreas-edler.de\/blog\/wp-content\/uploads\/2019\/01\/20190101_zusammen_getackert.jpg 1280w\" sizes=\"auto, (max-width: 470px) 100vw, 470px\" \/><\/a><figcaption id=\"caption-attachment-164644\" class=\"wp-caption-text\">Alles zusammen gebaut.<\/figcaption><\/figure><\/p>\n<p>Das ist kein Hexenwerk. Die <a href=\"https:\/\/luftdaten.info\/feinstaubsensor-bauen\/\">Anleitung<\/a> ist sehr genau und wenn man sich da Punkt f\u00fcr Punkt durchhangelt, klappt das einwandfrei. Als kleine Erg\u00e4nzung sei erw\u00e4hnt, dass man unter Windows 10 bitte nicht die App aus dem Store nehmen sollte, da ansonsten die in der Anleitung angegebenen Pfade nicht passen. Und auch an einem USB-Hub wurde der Arduino von meinem Windows nicht erkannt. Also besser gleich an einen eigenen USB-Port st\u00f6pseln &#8211; das spart ein paar Minuten Sucherei. <figure id=\"attachment_164645\" aria-describedby=\"caption-attachment-164645\" style=\"width: 470px\" class=\"wp-caption aligncenter\"><a href=\"http:\/\/www.andreas-edler.de\/blog\/wp-content\/uploads\/2019\/01\/20190101_ab_ins_rohr.jpg\"><img loading=\"lazy\" decoding=\"async\" src=\"http:\/\/www.andreas-edler.de\/blog\/wp-content\/uploads\/2019\/01\/20190101_ab_ins_rohr-470x202.jpg\" alt=\"\" width=\"470\" height=\"202\" class=\"size-large wp-image-164645\" srcset=\"https:\/\/www.andreas-edler.de\/blog\/wp-content\/uploads\/2019\/01\/20190101_ab_ins_rohr-470x202.jpg 470w, https:\/\/www.andreas-edler.de\/blog\/wp-content\/uploads\/2019\/01\/20190101_ab_ins_rohr-250x107.jpg 250w, https:\/\/www.andreas-edler.de\/blog\/wp-content\/uploads\/2019\/01\/20190101_ab_ins_rohr-768x329.jpg 768w, https:\/\/www.andreas-edler.de\/blog\/wp-content\/uploads\/2019\/01\/20190101_ab_ins_rohr-100x43.jpg 100w, https:\/\/www.andreas-edler.de\/blog\/wp-content\/uploads\/2019\/01\/20190101_ab_ins_rohr-150x64.jpg 150w, https:\/\/www.andreas-edler.de\/blog\/wp-content\/uploads\/2019\/01\/20190101_ab_ins_rohr-200x86.jpg 200w, https:\/\/www.andreas-edler.de\/blog\/wp-content\/uploads\/2019\/01\/20190101_ab_ins_rohr-300x129.jpg 300w, https:\/\/www.andreas-edler.de\/blog\/wp-content\/uploads\/2019\/01\/20190101_ab_ins_rohr-450x193.jpg 450w, https:\/\/www.andreas-edler.de\/blog\/wp-content\/uploads\/2019\/01\/20190101_ab_ins_rohr-600x257.jpg 600w, https:\/\/www.andreas-edler.de\/blog\/wp-content\/uploads\/2019\/01\/20190101_ab_ins_rohr-900x386.jpg 900w, https:\/\/www.andreas-edler.de\/blog\/wp-content\/uploads\/2019\/01\/20190101_ab_ins_rohr.jpg 1280w\" sizes=\"auto, (max-width: 470px) 100vw, 470px\" \/><\/a><figcaption id=\"caption-attachment-164645\" class=\"wp-caption-text\">Ab in die R\u00f6hre &#8230;<\/figcaption><\/figure><\/p>\n<p>Die Sachen passen wirklich wie angegossen in die bestellten Teile. Es gab keine \u00dcberraschungen und auch die anschlie\u00dfende Konfiguration verlief exakt wie in der Anleitung aufgef\u00fchrt. <figure id=\"attachment_164647\" aria-describedby=\"caption-attachment-164647\" style=\"width: 470px\" class=\"wp-caption aligncenter\"><a href=\"http:\/\/www.andreas-edler.de\/blog\/wp-content\/uploads\/2019\/01\/20190101_im_rohr.jpg\"><img loading=\"lazy\" decoding=\"async\" src=\"http:\/\/www.andreas-edler.de\/blog\/wp-content\/uploads\/2019\/01\/20190101_im_rohr-470x252.jpg\" alt=\"\" width=\"470\" height=\"252\" class=\"size-large wp-image-164647\" srcset=\"https:\/\/www.andreas-edler.de\/blog\/wp-content\/uploads\/2019\/01\/20190101_im_rohr-470x252.jpg 470w, https:\/\/www.andreas-edler.de\/blog\/wp-content\/uploads\/2019\/01\/20190101_im_rohr-250x134.jpg 250w, https:\/\/www.andreas-edler.de\/blog\/wp-content\/uploads\/2019\/01\/20190101_im_rohr-768x411.jpg 768w, https:\/\/www.andreas-edler.de\/blog\/wp-content\/uploads\/2019\/01\/20190101_im_rohr-100x54.jpg 100w, https:\/\/www.andreas-edler.de\/blog\/wp-content\/uploads\/2019\/01\/20190101_im_rohr-150x80.jpg 150w, https:\/\/www.andreas-edler.de\/blog\/wp-content\/uploads\/2019\/01\/20190101_im_rohr-200x107.jpg 200w, https:\/\/www.andreas-edler.de\/blog\/wp-content\/uploads\/2019\/01\/20190101_im_rohr-300x161.jpg 300w, https:\/\/www.andreas-edler.de\/blog\/wp-content\/uploads\/2019\/01\/20190101_im_rohr-450x241.jpg 450w, https:\/\/www.andreas-edler.de\/blog\/wp-content\/uploads\/2019\/01\/20190101_im_rohr-600x321.jpg 600w, https:\/\/www.andreas-edler.de\/blog\/wp-content\/uploads\/2019\/01\/20190101_im_rohr-900x482.jpg 900w, https:\/\/www.andreas-edler.de\/blog\/wp-content\/uploads\/2019\/01\/20190101_im_rohr.jpg 1280w\" sizes=\"auto, (max-width: 470px) 100vw, 470px\" \/><\/a><figcaption id=\"caption-attachment-164647\" class=\"wp-caption-text\">So sieht das Ger\u00e4t dann aus, wenn man von unten in die R\u00f6hre schaut.<\/figcaption><\/figure><\/p>\n<p>Nach der Einrichtung kann man sich sehr schnell seine Daten sowohl auf einer Webseite, als auch auf der lokalen Konfigurationsseite ansehen. Bis der Sensor in der Karte erscheint, kann es ein paar Tage dauern. Da wird bei luftdaten.info <a href=\"http:\/\/deutschland.maps.luftdaten.info\/#13\/52.2095\/8.7656\">die Karte<\/a> ganz offensichtlich von Hand gepflegt. <figure id=\"attachment_164648\" aria-describedby=\"caption-attachment-164648\" style=\"width: 470px\" class=\"wp-caption aligncenter\"><a href=\"http:\/\/www.andreas-edler.de\/blog\/wp-content\/uploads\/2019\/01\/20190101_doergen.jpg\"><img loading=\"lazy\" decoding=\"async\" src=\"http:\/\/www.andreas-edler.de\/blog\/wp-content\/uploads\/2019\/01\/20190101_doergen-470x249.jpg\" alt=\"\" width=\"470\" height=\"249\" class=\"size-large wp-image-164648\" srcset=\"https:\/\/www.andreas-edler.de\/blog\/wp-content\/uploads\/2019\/01\/20190101_doergen-470x249.jpg 470w, https:\/\/www.andreas-edler.de\/blog\/wp-content\/uploads\/2019\/01\/20190101_doergen-250x132.jpg 250w, https:\/\/www.andreas-edler.de\/blog\/wp-content\/uploads\/2019\/01\/20190101_doergen-768x407.jpg 768w, https:\/\/www.andreas-edler.de\/blog\/wp-content\/uploads\/2019\/01\/20190101_doergen-100x53.jpg 100w, https:\/\/www.andreas-edler.de\/blog\/wp-content\/uploads\/2019\/01\/20190101_doergen-150x79.jpg 150w, https:\/\/www.andreas-edler.de\/blog\/wp-content\/uploads\/2019\/01\/20190101_doergen-200x106.jpg 200w, https:\/\/www.andreas-edler.de\/blog\/wp-content\/uploads\/2019\/01\/20190101_doergen-300x159.jpg 300w, https:\/\/www.andreas-edler.de\/blog\/wp-content\/uploads\/2019\/01\/20190101_doergen-450x238.jpg 450w, https:\/\/www.andreas-edler.de\/blog\/wp-content\/uploads\/2019\/01\/20190101_doergen-600x318.jpg 600w, https:\/\/www.andreas-edler.de\/blog\/wp-content\/uploads\/2019\/01\/20190101_doergen-900x477.jpg 900w, https:\/\/www.andreas-edler.de\/blog\/wp-content\/uploads\/2019\/01\/20190101_doergen.jpg 1280w\" sizes=\"auto, (max-width: 470px) 100vw, 470px\" \/><\/a><figcaption id=\"caption-attachment-164648\" class=\"wp-caption-text\">So h\u00e4ngt der Senor bei uns an der Ponderosa.<\/figcaption><\/figure><\/p>\n<p>Ein wenig Lesen sp\u00e4ter, habe ich aber auch herausgefunden, dass man in der Konfiguration des Sensors die M\u00f6glichkeit hat, seine Daten zu weiteren Plattformen zu senden. So z.B. zur Luftdaten-App (das ist nur ein weiterer Haken) und zur <a href=\"https:\/\/opensensemap.org\/\">opensensemap.org<\/a>. Dazu muss man sich einen Account auf der Plattform anlegen und seinen Sensor registrieren. Die dort erhaltene ID in der Konfiguration seines Sensors eintragen und fertig. Der Messpunkt erscheint dann sofort auf der Karte! <figure id=\"attachment_164650\" aria-describedby=\"caption-attachment-164650\" style=\"width: 470px\" class=\"wp-caption aligncenter\"><a href=\"http:\/\/www.andreas-edler.de\/blog\/wp-content\/uploads\/2019\/01\/20190101_suedweg.jpg\"><img loading=\"lazy\" decoding=\"async\" src=\"http:\/\/www.andreas-edler.de\/blog\/wp-content\/uploads\/2019\/01\/20190101_suedweg-470x288.jpg\" alt=\"\" width=\"470\" height=\"288\" class=\"size-large wp-image-164650\" srcset=\"https:\/\/www.andreas-edler.de\/blog\/wp-content\/uploads\/2019\/01\/20190101_suedweg-470x288.jpg 470w, https:\/\/www.andreas-edler.de\/blog\/wp-content\/uploads\/2019\/01\/20190101_suedweg-250x153.jpg 250w, https:\/\/www.andreas-edler.de\/blog\/wp-content\/uploads\/2019\/01\/20190101_suedweg-768x471.jpg 768w, https:\/\/www.andreas-edler.de\/blog\/wp-content\/uploads\/2019\/01\/20190101_suedweg-100x61.jpg 100w, https:\/\/www.andreas-edler.de\/blog\/wp-content\/uploads\/2019\/01\/20190101_suedweg-150x92.jpg 150w, https:\/\/www.andreas-edler.de\/blog\/wp-content\/uploads\/2019\/01\/20190101_suedweg-200x123.jpg 200w, https:\/\/www.andreas-edler.de\/blog\/wp-content\/uploads\/2019\/01\/20190101_suedweg-300x184.jpg 300w, https:\/\/www.andreas-edler.de\/blog\/wp-content\/uploads\/2019\/01\/20190101_suedweg-450x276.jpg 450w, https:\/\/www.andreas-edler.de\/blog\/wp-content\/uploads\/2019\/01\/20190101_suedweg-600x368.jpg 600w, https:\/\/www.andreas-edler.de\/blog\/wp-content\/uploads\/2019\/01\/20190101_suedweg-900x552.jpg 900w, https:\/\/www.andreas-edler.de\/blog\/wp-content\/uploads\/2019\/01\/20190101_suedweg.jpg 1280w\" sizes=\"auto, (max-width: 470px) 100vw, 470px\" \/><\/a><figcaption id=\"caption-attachment-164650\" class=\"wp-caption-text\">Messstation in Oberbecksen<\/figcaption><\/figure><\/p>\n<p>Und weil ich so ein Spielkind bin, habe ich nat\u00fcrlich nicht nur einen Satz bestellt, sondern alles doppelt. Den zweiten Sensor habe ich bei meine Schwester in Oberbecksen aufgestellt. Mal sehen, wie die Luft da oben in der Tucht ist. Das Teil habe ich allerdings erst heute zusammen gesteckt, so dass der Silvester-Peak dort nicht gemessen werden konnte. <\/p>\n","protected":false},"excerpt":{"rendered":"<p>Auf Twitter lief vor einigen Tagen eine Nachricht durch den Stream, dass sich jemand in Bad Oeynhausen einen Luftdatensensor gebastelt hat. Ich hatte das auch schon immer vor, letztlich hat aber dieser Tweet (vom gleichen Twitterer, der damals auch Freifunk &hellip;<\/p>\n<p class=\"read-more\"> <a class=\"more-link\" href=\"https:\/\/www.andreas-edler.de\/blog\/2019\/01\/luftdatensensor-selbst-gebaut\/\"> <span class=\"screen-reader-text\">Luftdatensensor selbst gebaut<\/span> Weiterlesen &raquo;<\/a><\/p>\n","protected":false},"author":1,"featured_media":0,"comment_status":"open","ping_status":"open","sticky":false,"template":"","format":"standard","meta":{"ngg_post_thumbnail":0,"activitypub_content_warning":"","activitypub_content_visibility":"","activitypub_max_image_attachments":2,"activitypub_interaction_policy_quote":"anyone","activitypub_status":"","footnotes":""},"categories":[22],"tags":[389,75,49,388,46,70,380],"class_list":["post-164641","post","type-post","status-publish","format-standard","hentry","category-basteln","tag-feinstaub","tag-grun","tag-hardware","tag-luftdaten","tag-technik","tag-umwelt","tag-umweltschutz"],"share_on_mastodon":{"url":"","error":""},"_links":{"self":[{"href":"https:\/\/www.andreas-edler.de\/blog\/wp-json\/wp\/v2\/posts\/164641","targetHints":{"allow":["GET"]}}],"collection":[{"href":"https:\/\/www.andreas-edler.de\/blog\/wp-json\/wp\/v2\/posts"}],"about":[{"href":"https:\/\/www.andreas-edler.de\/blog\/wp-json\/wp\/v2\/types\/post"}],"author":[{"embeddable":true,"href":"https:\/\/www.andreas-edler.de\/blog\/wp-json\/wp\/v2\/users\/1"}],"replies":[{"embeddable":true,"href":"https:\/\/www.andreas-edler.de\/blog\/wp-json\/wp\/v2\/comments?post=164641"}],"version-history":[{"count":0,"href":"https:\/\/www.andreas-edler.de\/blog\/wp-json\/wp\/v2\/posts\/164641\/revisions"}],"wp:attachment":[{"href":"https:\/\/www.andreas-edler.de\/blog\/wp-json\/wp\/v2\/media?parent=164641"}],"wp:term":[{"taxonomy":"category","embeddable":true,"href":"https:\/\/www.andreas-edler.de\/blog\/wp-json\/wp\/v2\/categories?post=164641"},{"taxonomy":"post_tag","embeddable":true,"href":"https:\/\/www.andreas-edler.de\/blog\/wp-json\/wp\/v2\/tags?post=164641"}],"curies":[{"name":"wp","href":"https:\/\/api.w.org\/{rel}","templated":true}]}}