{"id":164623,"date":"2018-12-26T19:46:46","date_gmt":"2018-12-26T18:46:46","guid":{"rendered":"http:\/\/www.andreas-edler.de\/blog\/?p=164623"},"modified":"2018-12-26T19:46:46","modified_gmt":"2018-12-26T18:46:46","slug":"amazons-echos","status":"publish","type":"post","link":"https:\/\/www.andreas-edler.de\/blog\/2018\/12\/amazons-echos\/","title":{"rendered":"Amazons Echos"},"content":{"rendered":"<p>Ich bin ein kleines Spielkind. Und darum musste ich auch unbedingt den Echo von Amazon haben, als das Ding hier bei uns raus kam. <a href=\"https:\/\/www.andreas-edler.de\/blog\/2017\/01\/amazon-echo-alexa\/\">Vor zwei Jahren war das<\/a> und Alex fand es total doof. Inzwischen findet sie es doof, dass wir nicht in jedem Raum einen haben. Ist schon bequem, damit das Licht damit zu steuern, Radio oder andere Musik zu h\u00f6ren, sich Fragen beantworten zu lassen und damit rum zu kaspern.<br \/>\n<figure id=\"attachment_164624\" aria-describedby=\"caption-attachment-164624\" style=\"width: 470px\" class=\"wp-caption aligncenter\"><a href=\"http:\/\/www.andreas-edler.de\/blog\/wp-content\/uploads\/2018\/12\/2018-12-25-11.36.55.jpg\"><img loading=\"lazy\" decoding=\"async\" src=\"http:\/\/www.andreas-edler.de\/blog\/wp-content\/uploads\/2018\/12\/2018-12-25-11.36.55-470x264.jpg\" alt=\"\" width=\"470\" height=\"264\" class=\"size-large wp-image-164624\" srcset=\"https:\/\/www.andreas-edler.de\/blog\/wp-content\/uploads\/2018\/12\/2018-12-25-11.36.55-470x264.jpg 470w, https:\/\/www.andreas-edler.de\/blog\/wp-content\/uploads\/2018\/12\/2018-12-25-11.36.55-250x141.jpg 250w, https:\/\/www.andreas-edler.de\/blog\/wp-content\/uploads\/2018\/12\/2018-12-25-11.36.55-768x432.jpg 768w, https:\/\/www.andreas-edler.de\/blog\/wp-content\/uploads\/2018\/12\/2018-12-25-11.36.55-100x56.jpg 100w, https:\/\/www.andreas-edler.de\/blog\/wp-content\/uploads\/2018\/12\/2018-12-25-11.36.55-150x84.jpg 150w, https:\/\/www.andreas-edler.de\/blog\/wp-content\/uploads\/2018\/12\/2018-12-25-11.36.55-200x113.jpg 200w, https:\/\/www.andreas-edler.de\/blog\/wp-content\/uploads\/2018\/12\/2018-12-25-11.36.55-300x169.jpg 300w, https:\/\/www.andreas-edler.de\/blog\/wp-content\/uploads\/2018\/12\/2018-12-25-11.36.55-450x253.jpg 450w, https:\/\/www.andreas-edler.de\/blog\/wp-content\/uploads\/2018\/12\/2018-12-25-11.36.55-600x338.jpg 600w, https:\/\/www.andreas-edler.de\/blog\/wp-content\/uploads\/2018\/12\/2018-12-25-11.36.55-900x506.jpg 900w, https:\/\/www.andreas-edler.de\/blog\/wp-content\/uploads\/2018\/12\/2018-12-25-11.36.55.jpg 1280w\" sizes=\"auto, (max-width: 470px) 100vw, 470px\" \/><\/a><figcaption id=\"caption-attachment-164624\" class=\"wp-caption-text\">Ein paar unserer digitalen Helfer<\/figcaption><\/figure> <!--more--><\/p>\n<p>Es fehlen allerdings nicht mehr viele R\u00e4ume, die nicht per Sprachsteuerung beleuchtet werden k\u00f6nnen. Klanglich sind die verschiedenen Modelle ziemlich unterschiedlich. Der gro\u00dfe Echo klingt sehr entspannt und kein bisschen wummerig, hat aber auch keinen wirklichen Bass. Man kann damit sehr angenehm l\u00e4ngere Zeit Radio h\u00f6ren. Das Teil steht inzwischen in der K\u00fcche &#8230; wird aber dort sicher mittelfristig durch einen Dot ersetzt, der dann an einen Verst\u00e4rker kommt und dann statt <a href=\"https:\/\/www.andreas-edler.de\/blog\/2011\/10\/kuchenradio-pioneer-deh-p77mp\/\">dem alten Autoradio<\/a> die CT193 antreibt.<\/p>\n<p>Die Dots der zweiten Genereation klingen ziemlich qu\u00e4kig. Das reicht wirklich nur zur Best\u00e4tigung der gegebenen Befehle. Darum sind auch alle dieser Ger\u00e4te hier im Haus an einen Verst\u00e4rker angeschlossen und machen dar\u00fcbr Musik. Der Dot 3 dagegen ist klanglich \u00fcberraschend gut. Fast genauso volumin\u00f6s wie der gro\u00dfe Echo in der K\u00fcche. Von den Dreiern haben wir aber nur einen bei Nachwuchs 2.0 im Zimmer. <\/p>\n<p>Der Echo Spot steht bei mir auf dem Nachttisch und dient als Radiowecker. Klanglich ist er ungef\u00e4hr so, wie der Dot 3 &#8230; jedenfalls deutlich angenehmer als ein Dot 2.<\/p>\n<p>Ganz neu in der Reihe ist der kleine Google Mini &#8211; den gab es in einem Mitarbeitershop zu sehr g\u00fcnstigen Konditionen, so dass ich nicht widerstehen konnte. Der Klang ist ganz gut, die Bedienung finde ich l\u00e4ngst nicht so gelungen wie bei Amazon. Noch dazu der Mini jeden Befehl mit einem Kommentar begleitet. Total witzig. Au\u00dferdem kommt er nicht mit der <a href=\"https:\/\/www.andreas-edler.de\/blog\/2017\/01\/yamaha-av-receiver-mit-amazon-echo-steuern\/\">HA-Bridge<\/a> klar, weil Google an der Kommunikation gedreht hat. Da geht alles nur noch per Internet und nicht mehr im lokalen Netz. Und das Abspielen meiner in Standard-Google-Play-Musik gespeicherten Titel ist auch eher Gl\u00fcckssache.<\/p>\n<p>Man kann nun \u00fcber \u00dcberwachung und Datenspeicherung trefflich diskutieren. Es macht aber in jedem Fall richtig Spa\u00df und man gew\u00f6hnt sich ratz-fatz an diese Annehmlichkeit!<\/p>\n","protected":false},"excerpt":{"rendered":"<p>Ich bin ein kleines Spielkind. Und darum musste ich auch unbedingt den Echo von Amazon haben, als das Ding hier bei uns raus kam. Vor zwei Jahren war das und Alex fand es total doof. Inzwischen findet sie es doof, &hellip;<\/p>\n<p class=\"read-more\"> <a class=\"more-link\" href=\"https:\/\/www.andreas-edler.de\/blog\/2018\/12\/amazons-echos\/\"> <span class=\"screen-reader-text\">Amazons Echos<\/span> Weiterlesen &raquo;<\/a><\/p>\n","protected":false},"author":1,"featured_media":0,"comment_status":"open","ping_status":"open","sticky":false,"template":"","format":"standard","meta":{"ngg_post_thumbnail":0,"activitypub_content_warning":"","activitypub_content_visibility":"","activitypub_max_image_attachments":2,"activitypub_interaction_policy_quote":"anyone","activitypub_status":"","footnotes":""},"categories":[22,1],"tags":[269,124,190,64,46],"class_list":["post-164623","post","type-post","status-publish","format-standard","hentry","category-basteln","category-allgemein","tag-amazon-echo","tag-datensicherheit","tag-gimmick","tag-konsum","tag-technik"],"share_on_mastodon":{"url":"","error":""},"_links":{"self":[{"href":"https:\/\/www.andreas-edler.de\/blog\/wp-json\/wp\/v2\/posts\/164623","targetHints":{"allow":["GET"]}}],"collection":[{"href":"https:\/\/www.andreas-edler.de\/blog\/wp-json\/wp\/v2\/posts"}],"about":[{"href":"https:\/\/www.andreas-edler.de\/blog\/wp-json\/wp\/v2\/types\/post"}],"author":[{"embeddable":true,"href":"https:\/\/www.andreas-edler.de\/blog\/wp-json\/wp\/v2\/users\/1"}],"replies":[{"embeddable":true,"href":"https:\/\/www.andreas-edler.de\/blog\/wp-json\/wp\/v2\/comments?post=164623"}],"version-history":[{"count":0,"href":"https:\/\/www.andreas-edler.de\/blog\/wp-json\/wp\/v2\/posts\/164623\/revisions"}],"wp:attachment":[{"href":"https:\/\/www.andreas-edler.de\/blog\/wp-json\/wp\/v2\/media?parent=164623"}],"wp:term":[{"taxonomy":"category","embeddable":true,"href":"https:\/\/www.andreas-edler.de\/blog\/wp-json\/wp\/v2\/categories?post=164623"},{"taxonomy":"post_tag","embeddable":true,"href":"https:\/\/www.andreas-edler.de\/blog\/wp-json\/wp\/v2\/tags?post=164623"}],"curies":[{"name":"wp","href":"https:\/\/api.w.org\/{rel}","templated":true}]}}