{"id":164594,"date":"2018-12-22T12:18:31","date_gmt":"2018-12-22T11:18:31","guid":{"rendered":"http:\/\/www.andreas-edler.de\/blog\/?p=164594"},"modified":"2023-09-25T17:55:44","modified_gmt":"2023-09-25T15:55:44","slug":"wohin-mit-dem-dachzelt","status":"publish","type":"post","link":"https:\/\/www.andreas-edler.de\/blog\/2018\/12\/wohin-mit-dem-dachzelt\/","title":{"rendered":"Wohin mit dem Dachzelt?"},"content":{"rendered":"<p><a href=\"https:\/\/www.andreas-edler.de\/blog\/2018\/11\/autohome-airtop-range-360\/\">Vor einem Monat<\/a> haben wir endlich unser Dachzelt aus Italien geliefert bekommen. Seitdem kutschiere ich die nicht gerade kleine Dachbox auf dem Yeti durch die Gegend. Merkt man so gut wie gar nicht, au\u00dfer dass es auf der Autobahn ein wenig lauter ist und der Wagen in Kurven etwas mehr Seitenneigung hat. <figure id=\"attachment_164595\" aria-describedby=\"caption-attachment-164595\" style=\"width: 470px\" class=\"wp-caption aligncenter\"><a href=\"http:\/\/www.andreas-edler.de\/blog\/wp-content\/uploads\/2018\/12\/yeti_airtop_oberbecksen_klein.jpg\"><img loading=\"lazy\" decoding=\"async\" src=\"http:\/\/www.andreas-edler.de\/blog\/wp-content\/uploads\/2018\/12\/yeti_airtop_oberbecksen_klein-470x147.jpg\" alt=\"\" width=\"470\" height=\"147\" class=\"size-large wp-image-164595\" srcset=\"https:\/\/www.andreas-edler.de\/blog\/wp-content\/uploads\/2018\/12\/yeti_airtop_oberbecksen_klein-470x147.jpg 470w, https:\/\/www.andreas-edler.de\/blog\/wp-content\/uploads\/2018\/12\/yeti_airtop_oberbecksen_klein-250x78.jpg 250w, https:\/\/www.andreas-edler.de\/blog\/wp-content\/uploads\/2018\/12\/yeti_airtop_oberbecksen_klein-768x241.jpg 768w, https:\/\/www.andreas-edler.de\/blog\/wp-content\/uploads\/2018\/12\/yeti_airtop_oberbecksen_klein-100x31.jpg 100w, https:\/\/www.andreas-edler.de\/blog\/wp-content\/uploads\/2018\/12\/yeti_airtop_oberbecksen_klein-150x47.jpg 150w, https:\/\/www.andreas-edler.de\/blog\/wp-content\/uploads\/2018\/12\/yeti_airtop_oberbecksen_klein-200x63.jpg 200w, https:\/\/www.andreas-edler.de\/blog\/wp-content\/uploads\/2018\/12\/yeti_airtop_oberbecksen_klein-300x94.jpg 300w, https:\/\/www.andreas-edler.de\/blog\/wp-content\/uploads\/2018\/12\/yeti_airtop_oberbecksen_klein-450x141.jpg 450w, https:\/\/www.andreas-edler.de\/blog\/wp-content\/uploads\/2018\/12\/yeti_airtop_oberbecksen_klein-600x188.jpg 600w, https:\/\/www.andreas-edler.de\/blog\/wp-content\/uploads\/2018\/12\/yeti_airtop_oberbecksen_klein-900x282.jpg 900w, https:\/\/www.andreas-edler.de\/blog\/wp-content\/uploads\/2018\/12\/yeti_airtop_oberbecksen_klein.jpg 1280w\" sizes=\"auto, (max-width: 470px) 100vw, 470px\" \/><\/a><figcaption id=\"caption-attachment-164595\" class=\"wp-caption-text\">Yeti mit Airtop in Oberbecksen<\/figcaption><\/figure> <!--more--><\/p>\n<p>Bei dem Wetter probiere ich die eigentliche Funktion des Zeltes &#8211; \u00dcbernachten &#8211; aber nicht aus. Ist mir zu nass und vielleicht auch zu kalt. Da w\u00e4re es schon praktisch, wenn es irgendwo verstaut werden k\u00f6nnte. Eigentlich hatte ich gedacht, ich k\u00f6nnte es im Carport unter die Decke h\u00e4ngen. Zu dem Zweck steht auch schon ein Thule Boxlift in der Ecke. Dieser erwies sich als ein bisschen zu schmal und ein bisschen zu hoch auftragend. Wenn das Zelt dsamit unter der Decke h\u00e4ngt, kann man darunter nicht mehr stehen. Sieht doof aus und ist unpraktisch. <figure id=\"attachment_164596\" aria-describedby=\"caption-attachment-164596\" style=\"width: 470px\" class=\"wp-caption aligncenter\"><a href=\"http:\/\/www.andreas-edler.de\/blog\/wp-content\/uploads\/2018\/12\/2018-11-25-10.40.41.jpg\"><img loading=\"lazy\" decoding=\"async\" src=\"http:\/\/www.andreas-edler.de\/blog\/wp-content\/uploads\/2018\/12\/2018-11-25-10.40.41-470x235.jpg\" alt=\"\" width=\"470\" height=\"235\" class=\"size-large wp-image-164596\" srcset=\"https:\/\/www.andreas-edler.de\/blog\/wp-content\/uploads\/2018\/12\/2018-11-25-10.40.41-470x235.jpg 470w, https:\/\/www.andreas-edler.de\/blog\/wp-content\/uploads\/2018\/12\/2018-11-25-10.40.41-250x125.jpg 250w, https:\/\/www.andreas-edler.de\/blog\/wp-content\/uploads\/2018\/12\/2018-11-25-10.40.41-768x383.jpg 768w, https:\/\/www.andreas-edler.de\/blog\/wp-content\/uploads\/2018\/12\/2018-11-25-10.40.41-100x50.jpg 100w, https:\/\/www.andreas-edler.de\/blog\/wp-content\/uploads\/2018\/12\/2018-11-25-10.40.41-150x75.jpg 150w, https:\/\/www.andreas-edler.de\/blog\/wp-content\/uploads\/2018\/12\/2018-11-25-10.40.41-200x100.jpg 200w, https:\/\/www.andreas-edler.de\/blog\/wp-content\/uploads\/2018\/12\/2018-11-25-10.40.41-300x150.jpg 300w, https:\/\/www.andreas-edler.de\/blog\/wp-content\/uploads\/2018\/12\/2018-11-25-10.40.41-450x225.jpg 450w, https:\/\/www.andreas-edler.de\/blog\/wp-content\/uploads\/2018\/12\/2018-11-25-10.40.41-600x300.jpg 600w, https:\/\/www.andreas-edler.de\/blog\/wp-content\/uploads\/2018\/12\/2018-11-25-10.40.41-900x449.jpg 900w, https:\/\/www.andreas-edler.de\/blog\/wp-content\/uploads\/2018\/12\/2018-11-25-10.40.41.jpg 1280w\" sizes=\"auto, (max-width: 470px) 100vw, 470px\" \/><\/a><figcaption id=\"caption-attachment-164596\" class=\"wp-caption-text\">Das Carport ist zu niedrig.<\/figcaption><\/figure><\/p>\n<p>Zuf\u00e4llig brauche ich im Garten auch noch eine kleine H\u00fctte f\u00fcr die Ladestation vom Rasenm\u00e4herroboter und Alex w\u00fcrde gerne ihre H\u00e4ngematte auch bei Regen nicht wegr\u00e4umen m\u00fcssen. Was liegt da n\u00e4her, als in einer freien Ecke des Grundst\u00fccks einen kleinen Unterstand zu bauen. <figure id=\"attachment_164598\" aria-describedby=\"caption-attachment-164598\" style=\"width: 470px\" class=\"wp-caption aligncenter\"><a href=\"http:\/\/www.andreas-edler.de\/blog\/wp-content\/uploads\/2018\/12\/2018-12-01-14.49.37-1.jpg\"><img loading=\"lazy\" decoding=\"async\" src=\"http:\/\/www.andreas-edler.de\/blog\/wp-content\/uploads\/2018\/12\/2018-12-01-14.49.37-1-470x235.jpg\" alt=\"\" width=\"470\" height=\"235\" class=\"size-large wp-image-164598\" srcset=\"https:\/\/www.andreas-edler.de\/blog\/wp-content\/uploads\/2018\/12\/2018-12-01-14.49.37-1-470x235.jpg 470w, https:\/\/www.andreas-edler.de\/blog\/wp-content\/uploads\/2018\/12\/2018-12-01-14.49.37-1-250x125.jpg 250w, https:\/\/www.andreas-edler.de\/blog\/wp-content\/uploads\/2018\/12\/2018-12-01-14.49.37-1-768x383.jpg 768w, https:\/\/www.andreas-edler.de\/blog\/wp-content\/uploads\/2018\/12\/2018-12-01-14.49.37-1-100x50.jpg 100w, https:\/\/www.andreas-edler.de\/blog\/wp-content\/uploads\/2018\/12\/2018-12-01-14.49.37-1-150x75.jpg 150w, https:\/\/www.andreas-edler.de\/blog\/wp-content\/uploads\/2018\/12\/2018-12-01-14.49.37-1-200x100.jpg 200w, https:\/\/www.andreas-edler.de\/blog\/wp-content\/uploads\/2018\/12\/2018-12-01-14.49.37-1-300x150.jpg 300w, https:\/\/www.andreas-edler.de\/blog\/wp-content\/uploads\/2018\/12\/2018-12-01-14.49.37-1-450x225.jpg 450w, https:\/\/www.andreas-edler.de\/blog\/wp-content\/uploads\/2018\/12\/2018-12-01-14.49.37-1-600x300.jpg 600w, https:\/\/www.andreas-edler.de\/blog\/wp-content\/uploads\/2018\/12\/2018-12-01-14.49.37-1-900x449.jpg 900w, https:\/\/www.andreas-edler.de\/blog\/wp-content\/uploads\/2018\/12\/2018-12-01-14.49.37-1.jpg 1280w\" sizes=\"auto, (max-width: 470px) 100vw, 470px\" \/><\/a><figcaption id=\"caption-attachment-164598\" class=\"wp-caption-text\">Bodeneinschlagh\u00fclsen in die Erde rammen<\/figcaption><\/figure><\/p>\n<p>In einer Ecke des Grundst\u00fccks hatte ich vor Jahren schon mal die Pflastersteine, die den Gem\u00fcsegarten der Vorbesitzerin umrandeten, <a href=\"https:\/\/www.andreas-edler.de\/blog\/2005\/06\/tagewerk\/\">zu einer kleinen Sitzecke angeordnet<\/a>. Da ist es halbwegs gerade und beide Nachbarn hatten auch keine Einw\u00e4nde gegen das Dach an der Stelle. Dann los. Schnell in den Obi und Material besorgt. Im Kopf habe ich das Teil schon seit Jahren fertig, muss ich es nur noch zusammen setzen. An diesem Samstag habe ich die H\u00fclsen in den Boden bekommen und die St\u00fctzen lose rein gestellt. Und dann war es auch schon dunkel. <figure id=\"attachment_164599\" aria-describedby=\"caption-attachment-164599\" style=\"width: 470px\" class=\"wp-caption aligncenter\"><a href=\"http:\/\/www.andreas-edler.de\/blog\/wp-content\/uploads\/2018\/12\/2018-12-04-16.09.51.jpg\"><img loading=\"lazy\" decoding=\"async\" src=\"http:\/\/www.andreas-edler.de\/blog\/wp-content\/uploads\/2018\/12\/2018-12-04-16.09.51-470x250.jpg\" alt=\"\" width=\"470\" height=\"250\" class=\"size-large wp-image-164599\" srcset=\"https:\/\/www.andreas-edler.de\/blog\/wp-content\/uploads\/2018\/12\/2018-12-04-16.09.51-470x250.jpg 470w, https:\/\/www.andreas-edler.de\/blog\/wp-content\/uploads\/2018\/12\/2018-12-04-16.09.51-250x133.jpg 250w, https:\/\/www.andreas-edler.de\/blog\/wp-content\/uploads\/2018\/12\/2018-12-04-16.09.51-768x408.jpg 768w, https:\/\/www.andreas-edler.de\/blog\/wp-content\/uploads\/2018\/12\/2018-12-04-16.09.51-100x53.jpg 100w, https:\/\/www.andreas-edler.de\/blog\/wp-content\/uploads\/2018\/12\/2018-12-04-16.09.51-150x80.jpg 150w, https:\/\/www.andreas-edler.de\/blog\/wp-content\/uploads\/2018\/12\/2018-12-04-16.09.51-200x106.jpg 200w, https:\/\/www.andreas-edler.de\/blog\/wp-content\/uploads\/2018\/12\/2018-12-04-16.09.51-300x159.jpg 300w, https:\/\/www.andreas-edler.de\/blog\/wp-content\/uploads\/2018\/12\/2018-12-04-16.09.51-450x239.jpg 450w, https:\/\/www.andreas-edler.de\/blog\/wp-content\/uploads\/2018\/12\/2018-12-04-16.09.51-600x319.jpg 600w, https:\/\/www.andreas-edler.de\/blog\/wp-content\/uploads\/2018\/12\/2018-12-04-16.09.51-900x478.jpg 900w, https:\/\/www.andreas-edler.de\/blog\/wp-content\/uploads\/2018\/12\/2018-12-04-16.09.51.jpg 1280w\" sizes=\"auto, (max-width: 470px) 100vw, 470px\" \/><\/a><figcaption id=\"caption-attachment-164599\" class=\"wp-caption-text\">Grundger\u00fcst steht<\/figcaption><\/figure><\/p>\n<p>Am darauffolgenden Dienstag habe ich mir Urlaub genommen und weiter gebastelt. Das Gef\u00e4lle schnell festgelegt und dann die Dachkonstruktion fast fertig gestellt. das ging ganz gut von der Hand. Alex hat das ganze Holz \u00fcbrigens prima gestrichen, so dass ich mich ganz aufs S\u00e4gen und schrauben konzentrieren konnte. <figure id=\"attachment_164600\" aria-describedby=\"caption-attachment-164600\" style=\"width: 470px\" class=\"wp-caption aligncenter\"><a href=\"http:\/\/www.andreas-edler.de\/blog\/wp-content\/uploads\/2018\/12\/2018-12-08-12.32.26.jpg\"><img loading=\"lazy\" decoding=\"async\" src=\"http:\/\/www.andreas-edler.de\/blog\/wp-content\/uploads\/2018\/12\/2018-12-08-12.32.26-470x240.jpg\" alt=\"\" width=\"470\" height=\"240\" class=\"size-large wp-image-164600\" srcset=\"https:\/\/www.andreas-edler.de\/blog\/wp-content\/uploads\/2018\/12\/2018-12-08-12.32.26-470x240.jpg 470w, https:\/\/www.andreas-edler.de\/blog\/wp-content\/uploads\/2018\/12\/2018-12-08-12.32.26-250x128.jpg 250w, https:\/\/www.andreas-edler.de\/blog\/wp-content\/uploads\/2018\/12\/2018-12-08-12.32.26-768x392.jpg 768w, https:\/\/www.andreas-edler.de\/blog\/wp-content\/uploads\/2018\/12\/2018-12-08-12.32.26-100x51.jpg 100w, https:\/\/www.andreas-edler.de\/blog\/wp-content\/uploads\/2018\/12\/2018-12-08-12.32.26-150x77.jpg 150w, https:\/\/www.andreas-edler.de\/blog\/wp-content\/uploads\/2018\/12\/2018-12-08-12.32.26-200x102.jpg 200w, https:\/\/www.andreas-edler.de\/blog\/wp-content\/uploads\/2018\/12\/2018-12-08-12.32.26-300x153.jpg 300w, https:\/\/www.andreas-edler.de\/blog\/wp-content\/uploads\/2018\/12\/2018-12-08-12.32.26-450x230.jpg 450w, https:\/\/www.andreas-edler.de\/blog\/wp-content\/uploads\/2018\/12\/2018-12-08-12.32.26-600x306.jpg 600w, https:\/\/www.andreas-edler.de\/blog\/wp-content\/uploads\/2018\/12\/2018-12-08-12.32.26-900x459.jpg 900w, https:\/\/www.andreas-edler.de\/blog\/wp-content\/uploads\/2018\/12\/2018-12-08-12.32.26.jpg 1280w\" sizes=\"auto, (max-width: 470px) 100vw, 470px\" \/><\/a><figcaption id=\"caption-attachment-164600\" class=\"wp-caption-text\">Querbretter auf dem Dach<\/figcaption><\/figure><\/p>\n<p>Leider war das Wetter eher bescheiden, so dass ich in der Woche nichts machen konnte. War aber auch immer schon dunkel, wenn ich zu Hause ankam. Am Samstag hat es aus K\u00fcbeln gegossen und wir haben es in den Regenpausen gerade so hinbekommen, die Unterkonstruktion f\u00fcr das Welldach zu befestigen und danach noch fix dicht zu machen. <figure id=\"attachment_164601\" aria-describedby=\"caption-attachment-164601\" style=\"width: 470px\" class=\"wp-caption aligncenter\"><a href=\"http:\/\/www.andreas-edler.de\/blog\/wp-content\/uploads\/2018\/12\/2018-12-08-14.02.52.jpg\"><img loading=\"lazy\" decoding=\"async\" src=\"http:\/\/www.andreas-edler.de\/blog\/wp-content\/uploads\/2018\/12\/2018-12-08-14.02.52-470x354.jpg\" alt=\"\" width=\"470\" height=\"354\" class=\"size-large wp-image-164601\" srcset=\"https:\/\/www.andreas-edler.de\/blog\/wp-content\/uploads\/2018\/12\/2018-12-08-14.02.52-470x354.jpg 470w, https:\/\/www.andreas-edler.de\/blog\/wp-content\/uploads\/2018\/12\/2018-12-08-14.02.52-250x188.jpg 250w, https:\/\/www.andreas-edler.de\/blog\/wp-content\/uploads\/2018\/12\/2018-12-08-14.02.52-768x579.jpg 768w, https:\/\/www.andreas-edler.de\/blog\/wp-content\/uploads\/2018\/12\/2018-12-08-14.02.52-100x75.jpg 100w, https:\/\/www.andreas-edler.de\/blog\/wp-content\/uploads\/2018\/12\/2018-12-08-14.02.52-150x113.jpg 150w, https:\/\/www.andreas-edler.de\/blog\/wp-content\/uploads\/2018\/12\/2018-12-08-14.02.52-200x151.jpg 200w, https:\/\/www.andreas-edler.de\/blog\/wp-content\/uploads\/2018\/12\/2018-12-08-14.02.52-300x226.jpg 300w, https:\/\/www.andreas-edler.de\/blog\/wp-content\/uploads\/2018\/12\/2018-12-08-14.02.52-450x339.jpg 450w, https:\/\/www.andreas-edler.de\/blog\/wp-content\/uploads\/2018\/12\/2018-12-08-14.02.52-600x452.jpg 600w, https:\/\/www.andreas-edler.de\/blog\/wp-content\/uploads\/2018\/12\/2018-12-08-14.02.52-900x679.jpg 900w, https:\/\/www.andreas-edler.de\/blog\/wp-content\/uploads\/2018\/12\/2018-12-08-14.02.52.jpg 1280w\" sizes=\"auto, (max-width: 470px) 100vw, 470px\" \/><\/a><figcaption id=\"caption-attachment-164601\" class=\"wp-caption-text\">Nicht mein Lieblingsplatz, das ist schon fast zu hoch!<\/figcaption><\/figure><\/p>\n<p>Wenigstens ist es nun schon mal von oben dicht! Am Montag meldete der Wetterbericht mildes Wetter und ich habe meinen vorletzten Urlaubstag genommen, um noch ein wenig Holz zu besorgen. Nicht vergessen, wir wollen das Dachzelt da unter bringen  <b>und<\/b> auch nutzen! Zu dem Zweck braucht es eine ausreichend gro\u00dfe Plattform unter dem Dach, welche darunter noch Stauraum f\u00fcr die Terrassenm\u00f6bel bieten sollte. Und das habe ich dann auch noch zusammen gedengelt. <figure id=\"attachment_164603\" aria-describedby=\"caption-attachment-164603\" style=\"width: 470px\" class=\"wp-caption aligncenter\"><a href=\"http:\/\/www.andreas-edler.de\/blog\/wp-content\/uploads\/2018\/12\/2018-12-11-15.21.12.jpg\"><img loading=\"lazy\" decoding=\"async\" src=\"http:\/\/www.andreas-edler.de\/blog\/wp-content\/uploads\/2018\/12\/2018-12-11-15.21.12-470x264.jpg\" alt=\"\" width=\"470\" height=\"264\" class=\"size-large wp-image-164603\" srcset=\"https:\/\/www.andreas-edler.de\/blog\/wp-content\/uploads\/2018\/12\/2018-12-11-15.21.12-470x264.jpg 470w, https:\/\/www.andreas-edler.de\/blog\/wp-content\/uploads\/2018\/12\/2018-12-11-15.21.12-250x141.jpg 250w, https:\/\/www.andreas-edler.de\/blog\/wp-content\/uploads\/2018\/12\/2018-12-11-15.21.12-768x432.jpg 768w, https:\/\/www.andreas-edler.de\/blog\/wp-content\/uploads\/2018\/12\/2018-12-11-15.21.12-100x56.jpg 100w, https:\/\/www.andreas-edler.de\/blog\/wp-content\/uploads\/2018\/12\/2018-12-11-15.21.12-150x84.jpg 150w, https:\/\/www.andreas-edler.de\/blog\/wp-content\/uploads\/2018\/12\/2018-12-11-15.21.12-200x113.jpg 200w, https:\/\/www.andreas-edler.de\/blog\/wp-content\/uploads\/2018\/12\/2018-12-11-15.21.12-300x169.jpg 300w, https:\/\/www.andreas-edler.de\/blog\/wp-content\/uploads\/2018\/12\/2018-12-11-15.21.12-450x253.jpg 450w, https:\/\/www.andreas-edler.de\/blog\/wp-content\/uploads\/2018\/12\/2018-12-11-15.21.12-600x338.jpg 600w, https:\/\/www.andreas-edler.de\/blog\/wp-content\/uploads\/2018\/12\/2018-12-11-15.21.12-900x506.jpg 900w, https:\/\/www.andreas-edler.de\/blog\/wp-content\/uploads\/2018\/12\/2018-12-11-15.21.12.jpg 1280w\" sizes=\"auto, (max-width: 470px) 100vw, 470px\" \/><\/a><figcaption id=\"caption-attachment-164603\" class=\"wp-caption-text\">Zumindest ich wei\u00df schon, wie es kommen soll!<\/figcaption><\/figure><\/p>\n<p>Wie gesagt hat Alex w\u00e4hrenddessen immer fleissig gepinselt und das Holz im Carport zum trocknen drapiert. <figure id=\"attachment_164604\" aria-describedby=\"caption-attachment-164604\" style=\"width: 470px\" class=\"wp-caption aligncenter\"><a href=\"http:\/\/www.andreas-edler.de\/blog\/wp-content\/uploads\/2018\/12\/2018-12-11-17.19.16.jpg\"><img loading=\"lazy\" decoding=\"async\" src=\"http:\/\/www.andreas-edler.de\/blog\/wp-content\/uploads\/2018\/12\/2018-12-11-17.19.16-470x264.jpg\" alt=\"\" width=\"470\" height=\"264\" class=\"size-large wp-image-164604\" srcset=\"https:\/\/www.andreas-edler.de\/blog\/wp-content\/uploads\/2018\/12\/2018-12-11-17.19.16-470x264.jpg 470w, https:\/\/www.andreas-edler.de\/blog\/wp-content\/uploads\/2018\/12\/2018-12-11-17.19.16-250x141.jpg 250w, https:\/\/www.andreas-edler.de\/blog\/wp-content\/uploads\/2018\/12\/2018-12-11-17.19.16-768x432.jpg 768w, https:\/\/www.andreas-edler.de\/blog\/wp-content\/uploads\/2018\/12\/2018-12-11-17.19.16-100x56.jpg 100w, https:\/\/www.andreas-edler.de\/blog\/wp-content\/uploads\/2018\/12\/2018-12-11-17.19.16-150x84.jpg 150w, https:\/\/www.andreas-edler.de\/blog\/wp-content\/uploads\/2018\/12\/2018-12-11-17.19.16-200x113.jpg 200w, https:\/\/www.andreas-edler.de\/blog\/wp-content\/uploads\/2018\/12\/2018-12-11-17.19.16-300x169.jpg 300w, https:\/\/www.andreas-edler.de\/blog\/wp-content\/uploads\/2018\/12\/2018-12-11-17.19.16-450x253.jpg 450w, https:\/\/www.andreas-edler.de\/blog\/wp-content\/uploads\/2018\/12\/2018-12-11-17.19.16-600x338.jpg 600w, https:\/\/www.andreas-edler.de\/blog\/wp-content\/uploads\/2018\/12\/2018-12-11-17.19.16-900x506.jpg 900w, https:\/\/www.andreas-edler.de\/blog\/wp-content\/uploads\/2018\/12\/2018-12-11-17.19.16.jpg 1280w\" sizes=\"auto, (max-width: 470px) 100vw, 470px\" \/><\/a><figcaption id=\"caption-attachment-164604\" class=\"wp-caption-text\">Das soll mal den Wind abhalten.<\/figcaption><\/figure><\/p>\n<p>Derweil wurden die Planken f\u00fcr die Plattform auf die passende L\u00e4nge gek\u00fcrzt und verschraubt. Das lief alles Hand in Hand, so dass am Samstag den 15. die R\u00fcckwand bereits einen Windschutz bildete. Nach S\u00fcden hin sollte die Seitenwand zur H\u00e4lfte dicht sein und zwei Fenster aus noch rumliegenden Duschabtrennungen bekommen. Leider waren die zu gro\u00df. Also erstmal nachdenken. <figure id=\"attachment_164605\" aria-describedby=\"caption-attachment-164605\" style=\"width: 470px\" class=\"wp-caption aligncenter\"><a href=\"http:\/\/www.andreas-edler.de\/blog\/wp-content\/uploads\/2018\/12\/2018-12-15-14.26.16.jpg\"><img loading=\"lazy\" decoding=\"async\" src=\"http:\/\/www.andreas-edler.de\/blog\/wp-content\/uploads\/2018\/12\/2018-12-15-14.26.16-470x198.jpg\" alt=\"\" width=\"470\" height=\"198\" class=\"size-large wp-image-164605\" srcset=\"https:\/\/www.andreas-edler.de\/blog\/wp-content\/uploads\/2018\/12\/2018-12-15-14.26.16-470x198.jpg 470w, https:\/\/www.andreas-edler.de\/blog\/wp-content\/uploads\/2018\/12\/2018-12-15-14.26.16-250x105.jpg 250w, https:\/\/www.andreas-edler.de\/blog\/wp-content\/uploads\/2018\/12\/2018-12-15-14.26.16-768x324.jpg 768w, https:\/\/www.andreas-edler.de\/blog\/wp-content\/uploads\/2018\/12\/2018-12-15-14.26.16-100x42.jpg 100w, https:\/\/www.andreas-edler.de\/blog\/wp-content\/uploads\/2018\/12\/2018-12-15-14.26.16-150x63.jpg 150w, https:\/\/www.andreas-edler.de\/blog\/wp-content\/uploads\/2018\/12\/2018-12-15-14.26.16-200x84.jpg 200w, https:\/\/www.andreas-edler.de\/blog\/wp-content\/uploads\/2018\/12\/2018-12-15-14.26.16-300x127.jpg 300w, https:\/\/www.andreas-edler.de\/blog\/wp-content\/uploads\/2018\/12\/2018-12-15-14.26.16-450x190.jpg 450w, https:\/\/www.andreas-edler.de\/blog\/wp-content\/uploads\/2018\/12\/2018-12-15-14.26.16-600x253.jpg 600w, https:\/\/www.andreas-edler.de\/blog\/wp-content\/uploads\/2018\/12\/2018-12-15-14.26.16-900x380.jpg 900w, https:\/\/www.andreas-edler.de\/blog\/wp-content\/uploads\/2018\/12\/2018-12-15-14.26.16.jpg 1280w\" sizes=\"auto, (max-width: 470px) 100vw, 470px\" \/><\/a><figcaption id=\"caption-attachment-164605\" class=\"wp-caption-text\">Plattform fertig, R\u00fcckwand drin.<\/figcaption><\/figure><br \/>\n<figure id=\"attachment_164607\" aria-describedby=\"caption-attachment-164607\" style=\"width: 470px\" class=\"wp-caption aligncenter\"><a href=\"http:\/\/www.andreas-edler.de\/blog\/wp-content\/uploads\/2018\/12\/2018-12-16-11.46.07.jpg\"><img loading=\"lazy\" decoding=\"async\" src=\"http:\/\/www.andreas-edler.de\/blog\/wp-content\/uploads\/2018\/12\/2018-12-16-11.46.07-470x166.jpg\" alt=\"\" width=\"470\" height=\"166\" class=\"size-large wp-image-164607\" srcset=\"https:\/\/www.andreas-edler.de\/blog\/wp-content\/uploads\/2018\/12\/2018-12-16-11.46.07-470x166.jpg 470w, https:\/\/www.andreas-edler.de\/blog\/wp-content\/uploads\/2018\/12\/2018-12-16-11.46.07-250x88.jpg 250w, https:\/\/www.andreas-edler.de\/blog\/wp-content\/uploads\/2018\/12\/2018-12-16-11.46.07-768x271.jpg 768w, https:\/\/www.andreas-edler.de\/blog\/wp-content\/uploads\/2018\/12\/2018-12-16-11.46.07-100x35.jpg 100w, https:\/\/www.andreas-edler.de\/blog\/wp-content\/uploads\/2018\/12\/2018-12-16-11.46.07-150x53.jpg 150w, https:\/\/www.andreas-edler.de\/blog\/wp-content\/uploads\/2018\/12\/2018-12-16-11.46.07-200x70.jpg 200w, https:\/\/www.andreas-edler.de\/blog\/wp-content\/uploads\/2018\/12\/2018-12-16-11.46.07-300x106.jpg 300w, https:\/\/www.andreas-edler.de\/blog\/wp-content\/uploads\/2018\/12\/2018-12-16-11.46.07-450x159.jpg 450w, https:\/\/www.andreas-edler.de\/blog\/wp-content\/uploads\/2018\/12\/2018-12-16-11.46.07-600x211.jpg 600w, https:\/\/www.andreas-edler.de\/blog\/wp-content\/uploads\/2018\/12\/2018-12-16-11.46.07-900x317.jpg 900w, https:\/\/www.andreas-edler.de\/blog\/wp-content\/uploads\/2018\/12\/2018-12-16-11.46.07.jpg 1280w\" sizes=\"auto, (max-width: 470px) 100vw, 470px\" \/><\/a><figcaption id=\"caption-attachment-164607\" class=\"wp-caption-text\">Winter 2018 &#8211; wir waren dabei!<\/figcaption><\/figure><\/p>\n<p>Weitere Bastelarbeiten mussten dann immer nach der Arbeit bei Restlicht stattfinden. Bis zum 21.12. werden die Tage ja immer k\u00fcrzer. Mir sind noch ein paar Fenster eingefallen, die bei meiner Mutter auf dem Schuppenboden schlummern. Mein Papa hatte die eingelagert, nachdem im Elternhaus renoviert wurde und wollte da irgendetwas draus basteln. <a href=\"http:\/\/www.andreas-edler.de\/blog\/2013\/07\/speiseroehrenkrebs\/\">Hat nicht geklappt.<\/a> Aber die Fenster sind halt noch in Ordnung und haben das perfekte Ma\u00df f\u00fcr meinen Zweck &#8211; haben durfte ich sie auch. Also schnell eine Halterung ausgedacht und eingebaut! <figure id=\"attachment_164608\" aria-describedby=\"caption-attachment-164608\" style=\"width: 470px\" class=\"wp-caption aligncenter\"><a href=\"http:\/\/www.andreas-edler.de\/blog\/wp-content\/uploads\/2018\/12\/2018-12-17-18.51.20.jpg\"><img loading=\"lazy\" decoding=\"async\" src=\"http:\/\/www.andreas-edler.de\/blog\/wp-content\/uploads\/2018\/12\/2018-12-17-18.51.20-470x215.jpg\" alt=\"\" width=\"470\" height=\"215\" class=\"size-large wp-image-164608\" srcset=\"https:\/\/www.andreas-edler.de\/blog\/wp-content\/uploads\/2018\/12\/2018-12-17-18.51.20-470x215.jpg 470w, https:\/\/www.andreas-edler.de\/blog\/wp-content\/uploads\/2018\/12\/2018-12-17-18.51.20-250x114.jpg 250w, https:\/\/www.andreas-edler.de\/blog\/wp-content\/uploads\/2018\/12\/2018-12-17-18.51.20-768x351.jpg 768w, https:\/\/www.andreas-edler.de\/blog\/wp-content\/uploads\/2018\/12\/2018-12-17-18.51.20-100x46.jpg 100w, https:\/\/www.andreas-edler.de\/blog\/wp-content\/uploads\/2018\/12\/2018-12-17-18.51.20-150x69.jpg 150w, https:\/\/www.andreas-edler.de\/blog\/wp-content\/uploads\/2018\/12\/2018-12-17-18.51.20-200x91.jpg 200w, https:\/\/www.andreas-edler.de\/blog\/wp-content\/uploads\/2018\/12\/2018-12-17-18.51.20-300x137.jpg 300w, https:\/\/www.andreas-edler.de\/blog\/wp-content\/uploads\/2018\/12\/2018-12-17-18.51.20-450x206.jpg 450w, https:\/\/www.andreas-edler.de\/blog\/wp-content\/uploads\/2018\/12\/2018-12-17-18.51.20-600x274.jpg 600w, https:\/\/www.andreas-edler.de\/blog\/wp-content\/uploads\/2018\/12\/2018-12-17-18.51.20-900x411.jpg 900w, https:\/\/www.andreas-edler.de\/blog\/wp-content\/uploads\/2018\/12\/2018-12-17-18.51.20.jpg 1280w\" sizes=\"auto, (max-width: 470px) 100vw, 470px\" \/><\/a><figcaption id=\"caption-attachment-164608\" class=\"wp-caption-text\">Ein Fenster ist drin.<\/figcaption><\/figure><\/p>\n<p>Zwei Tage sp\u00e4ter haben wir abends noch schnell die Fensterseite mit den restlichen Brettern verkleidet. <figure id=\"attachment_164609\" aria-describedby=\"caption-attachment-164609\" style=\"width: 470px\" class=\"wp-caption aligncenter\"><a href=\"http:\/\/www.andreas-edler.de\/blog\/wp-content\/uploads\/2018\/12\/2018-12-21-15.07.11.jpg\"><img loading=\"lazy\" decoding=\"async\" src=\"http:\/\/www.andreas-edler.de\/blog\/wp-content\/uploads\/2018\/12\/2018-12-21-15.07.11-470x264.jpg\" alt=\"\" width=\"470\" height=\"264\" class=\"size-large wp-image-164609\" srcset=\"https:\/\/www.andreas-edler.de\/blog\/wp-content\/uploads\/2018\/12\/2018-12-21-15.07.11-470x264.jpg 470w, https:\/\/www.andreas-edler.de\/blog\/wp-content\/uploads\/2018\/12\/2018-12-21-15.07.11-250x141.jpg 250w, https:\/\/www.andreas-edler.de\/blog\/wp-content\/uploads\/2018\/12\/2018-12-21-15.07.11-768x432.jpg 768w, https:\/\/www.andreas-edler.de\/blog\/wp-content\/uploads\/2018\/12\/2018-12-21-15.07.11-100x56.jpg 100w, https:\/\/www.andreas-edler.de\/blog\/wp-content\/uploads\/2018\/12\/2018-12-21-15.07.11-150x84.jpg 150w, https:\/\/www.andreas-edler.de\/blog\/wp-content\/uploads\/2018\/12\/2018-12-21-15.07.11-200x113.jpg 200w, https:\/\/www.andreas-edler.de\/blog\/wp-content\/uploads\/2018\/12\/2018-12-21-15.07.11-300x169.jpg 300w, https:\/\/www.andreas-edler.de\/blog\/wp-content\/uploads\/2018\/12\/2018-12-21-15.07.11-450x253.jpg 450w, https:\/\/www.andreas-edler.de\/blog\/wp-content\/uploads\/2018\/12\/2018-12-21-15.07.11-600x338.jpg 600w, https:\/\/www.andreas-edler.de\/blog\/wp-content\/uploads\/2018\/12\/2018-12-21-15.07.11-900x506.jpg 900w, https:\/\/www.andreas-edler.de\/blog\/wp-content\/uploads\/2018\/12\/2018-12-21-15.07.11.jpg 1280w\" sizes=\"auto, (max-width: 470px) 100vw, 470px\" \/><\/a><figcaption id=\"caption-attachment-164609\" class=\"wp-caption-text\">Ist OK so.<\/figcaption><\/figure><\/p>\n<p>Sieht ein bisschen so aus, als w\u00e4re es geplant gewesen. Jedenfalls kippt es nicht um und wackelt nicht im Wind. :-) <figure id=\"attachment_164610\" aria-describedby=\"caption-attachment-164610\" style=\"width: 470px\" class=\"wp-caption aligncenter\"><a href=\"http:\/\/www.andreas-edler.de\/blog\/wp-content\/uploads\/2018\/12\/2018-12-21-17.34.35.jpg\"><img loading=\"lazy\" decoding=\"async\" src=\"http:\/\/www.andreas-edler.de\/blog\/wp-content\/uploads\/2018\/12\/2018-12-21-17.34.35-470x244.jpg\" alt=\"\" width=\"470\" height=\"244\" class=\"size-large wp-image-164610\" srcset=\"https:\/\/www.andreas-edler.de\/blog\/wp-content\/uploads\/2018\/12\/2018-12-21-17.34.35-470x244.jpg 470w, https:\/\/www.andreas-edler.de\/blog\/wp-content\/uploads\/2018\/12\/2018-12-21-17.34.35-250x130.jpg 250w, https:\/\/www.andreas-edler.de\/blog\/wp-content\/uploads\/2018\/12\/2018-12-21-17.34.35-768x398.jpg 768w, https:\/\/www.andreas-edler.de\/blog\/wp-content\/uploads\/2018\/12\/2018-12-21-17.34.35-100x52.jpg 100w, https:\/\/www.andreas-edler.de\/blog\/wp-content\/uploads\/2018\/12\/2018-12-21-17.34.35-150x78.jpg 150w, https:\/\/www.andreas-edler.de\/blog\/wp-content\/uploads\/2018\/12\/2018-12-21-17.34.35-200x104.jpg 200w, https:\/\/www.andreas-edler.de\/blog\/wp-content\/uploads\/2018\/12\/2018-12-21-17.34.35-300x156.jpg 300w, https:\/\/www.andreas-edler.de\/blog\/wp-content\/uploads\/2018\/12\/2018-12-21-17.34.35-450x233.jpg 450w, https:\/\/www.andreas-edler.de\/blog\/wp-content\/uploads\/2018\/12\/2018-12-21-17.34.35-600x311.jpg 600w, https:\/\/www.andreas-edler.de\/blog\/wp-content\/uploads\/2018\/12\/2018-12-21-17.34.35-900x467.jpg 900w, https:\/\/www.andreas-edler.de\/blog\/wp-content\/uploads\/2018\/12\/2018-12-21-17.34.35.jpg 1280w\" sizes=\"auto, (max-width: 470px) 100vw, 470px\" \/><\/a><figcaption id=\"caption-attachment-164610\" class=\"wp-caption-text\">Die n\u00f6rdliche Seite hat auch noch Glas bekommen.<\/figcaption><\/figure><\/p>\n<p>Eigentlich war geplant, die andere Seite offen zu lassen, aber weil ich zuerst ein Fenster geholt hatte, welches zur &#8222;falschen&#8220; Seite aufging und dann noch ein zweites besorgt habe, wurde das \u00fcberz\u00e4hlige jetzt doch noch eingesetzt. Da fehlen jetzt nur noch Nut- und Federbretter, um das ordentlich zu verkleiden. Und unten drunter kommt dann auch noch ein kleine \u00d6ffnung f\u00fcr den Rasenm\u00e4her. Strom wird auch erst im Fr\u00fchjahr gelegt.<\/p>\n<p><a name=\"boxlift\"><\/a><figure id=\"attachment_164613\" aria-describedby=\"caption-attachment-164613\" style=\"width: 470px\" class=\"wp-caption aligncenter\"><a href=\"http:\/\/www.andreas-edler.de\/blog\/wp-content\/uploads\/2018\/12\/2018-12-22-11.09.40.jpg\"><img loading=\"lazy\" decoding=\"async\" src=\"http:\/\/www.andreas-edler.de\/blog\/wp-content\/uploads\/2018\/12\/2018-12-22-11.09.40-470x288.jpg\" alt=\"\" width=\"470\" height=\"288\" class=\"size-large wp-image-164613\" srcset=\"https:\/\/www.andreas-edler.de\/blog\/wp-content\/uploads\/2018\/12\/2018-12-22-11.09.40-470x288.jpg 470w, https:\/\/www.andreas-edler.de\/blog\/wp-content\/uploads\/2018\/12\/2018-12-22-11.09.40-250x153.jpg 250w, https:\/\/www.andreas-edler.de\/blog\/wp-content\/uploads\/2018\/12\/2018-12-22-11.09.40-768x471.jpg 768w, https:\/\/www.andreas-edler.de\/blog\/wp-content\/uploads\/2018\/12\/2018-12-22-11.09.40-100x61.jpg 100w, https:\/\/www.andreas-edler.de\/blog\/wp-content\/uploads\/2018\/12\/2018-12-22-11.09.40-150x92.jpg 150w, https:\/\/www.andreas-edler.de\/blog\/wp-content\/uploads\/2018\/12\/2018-12-22-11.09.40-200x123.jpg 200w, https:\/\/www.andreas-edler.de\/blog\/wp-content\/uploads\/2018\/12\/2018-12-22-11.09.40-300x184.jpg 300w, https:\/\/www.andreas-edler.de\/blog\/wp-content\/uploads\/2018\/12\/2018-12-22-11.09.40-450x276.jpg 450w, https:\/\/www.andreas-edler.de\/blog\/wp-content\/uploads\/2018\/12\/2018-12-22-11.09.40-600x368.jpg 600w, https:\/\/www.andreas-edler.de\/blog\/wp-content\/uploads\/2018\/12\/2018-12-22-11.09.40-900x552.jpg 900w, https:\/\/www.andreas-edler.de\/blog\/wp-content\/uploads\/2018\/12\/2018-12-22-11.09.40.jpg 1280w\" sizes=\"auto, (max-width: 470px) 100vw, 470px\" \/><\/a><figcaption id=\"caption-attachment-164613\" class=\"wp-caption-text\">Die Seile sind gespannt, der Dachtr\u00e4ger noch nicht gel\u00f6st.<\/figcaption><\/figure><\/p>\n<p>Heute morgen haben wir dann den eigentlich ein bisschen zu kleinen Boxlift von Thule im Carport montiert und den Yeti halbwegs mittig darunter positioniert. Die mitgelieferten Seile sind ausreichend lang, um das Airtop zu umschlie\u00dfen. Dann habe ich die Grundtr\u00e4ger gel\u00f6st und mutig mit der Kurbel gedreht. Langsam hebt sich das Zelt von der Reeling und ich konnte den Yeti bequem umparken. War schon ein bisschen spannend! Alex hatte aber deutlich mehr Muffensausen als ich ;-) <figure id=\"attachment_164614\" aria-describedby=\"caption-attachment-164614\" style=\"width: 470px\" class=\"wp-caption aligncenter\"><a href=\"http:\/\/www.andreas-edler.de\/blog\/wp-content\/uploads\/2018\/12\/2018-12-22-11.21.28.jpg\"><img loading=\"lazy\" decoding=\"async\" src=\"http:\/\/www.andreas-edler.de\/blog\/wp-content\/uploads\/2018\/12\/2018-12-22-11.21.28-470x233.jpg\" alt=\"\" width=\"470\" height=\"233\" class=\"size-large wp-image-164614\" srcset=\"https:\/\/www.andreas-edler.de\/blog\/wp-content\/uploads\/2018\/12\/2018-12-22-11.21.28-470x233.jpg 470w, https:\/\/www.andreas-edler.de\/blog\/wp-content\/uploads\/2018\/12\/2018-12-22-11.21.28-250x124.jpg 250w, https:\/\/www.andreas-edler.de\/blog\/wp-content\/uploads\/2018\/12\/2018-12-22-11.21.28-768x381.jpg 768w, https:\/\/www.andreas-edler.de\/blog\/wp-content\/uploads\/2018\/12\/2018-12-22-11.21.28-100x50.jpg 100w, https:\/\/www.andreas-edler.de\/blog\/wp-content\/uploads\/2018\/12\/2018-12-22-11.21.28-150x74.jpg 150w, https:\/\/www.andreas-edler.de\/blog\/wp-content\/uploads\/2018\/12\/2018-12-22-11.21.28-200x99.jpg 200w, https:\/\/www.andreas-edler.de\/blog\/wp-content\/uploads\/2018\/12\/2018-12-22-11.21.28-300x149.jpg 300w, https:\/\/www.andreas-edler.de\/blog\/wp-content\/uploads\/2018\/12\/2018-12-22-11.21.28-450x223.jpg 450w, https:\/\/www.andreas-edler.de\/blog\/wp-content\/uploads\/2018\/12\/2018-12-22-11.21.28-600x298.jpg 600w, https:\/\/www.andreas-edler.de\/blog\/wp-content\/uploads\/2018\/12\/2018-12-22-11.21.28-900x446.jpg 900w, https:\/\/www.andreas-edler.de\/blog\/wp-content\/uploads\/2018\/12\/2018-12-22-11.21.28.jpg 1280w\" sizes=\"auto, (max-width: 470px) 100vw, 470px\" \/><\/a><figcaption id=\"caption-attachment-164614\" class=\"wp-caption-text\">Aufgebockt und trocken gerubbelt.<\/figcaption><\/figure><\/p>\n<p>Wir haben dann das Zelt zu dritt aus den Seilen gehoben und erstmal auf zwei B\u00f6cke gepackt, um den Regen abzuwischen. Mit trockener Oberfl\u00e4che tr\u00e4gt sich das Zelt sicher leichter. Die einzige Schwierigkeit bestand daran, dass unsere Schiebet\u00fcr im Carport zum Garten hin deutlich schmaler ist, als das Geh\u00e4use vom Zelt und wir es daher hochkant da durch bugsieren mussten. Aber nachdem ich beiden Mittr\u00e4gern mehrfach erkl\u00e4rt habe, dass es sich bei den beiden nur um je 15 Kilogramm handelt, hat das dann auch erfreulich reibungslos geklappt! <\/p>\n<p style=\"text-align:center;font-size: smaller;\"><img decoding=\"async\" src=\"http:\/\/www.andreas-edler.de\/grafik\/blog_2012\/20120721_carport.jpg\" width=\"470\" border=\"0\" alt=\"\" title=\"\"><\/p>\n<p>Danach war es nur noch einmal durch den Garten zu tragen und auf die vorbereitete Plattform zu schieben. Easy-Peasy. Und dann haben wir alle gegrinst. <figure id=\"attachment_164615\" aria-describedby=\"caption-attachment-164615\" style=\"width: 470px\" class=\"wp-caption aligncenter\"><a href=\"http:\/\/www.andreas-edler.de\/blog\/wp-content\/uploads\/2018\/12\/2018-12-22-11.31.54.jpg\"><img loading=\"lazy\" decoding=\"async\" src=\"http:\/\/www.andreas-edler.de\/blog\/wp-content\/uploads\/2018\/12\/2018-12-22-11.31.54-470x324.jpg\" alt=\"\" width=\"470\" height=\"324\" class=\"size-large wp-image-164615\" srcset=\"https:\/\/www.andreas-edler.de\/blog\/wp-content\/uploads\/2018\/12\/2018-12-22-11.31.54-470x324.jpg 470w, https:\/\/www.andreas-edler.de\/blog\/wp-content\/uploads\/2018\/12\/2018-12-22-11.31.54-250x172.jpg 250w, https:\/\/www.andreas-edler.de\/blog\/wp-content\/uploads\/2018\/12\/2018-12-22-11.31.54-768x529.jpg 768w, https:\/\/www.andreas-edler.de\/blog\/wp-content\/uploads\/2018\/12\/2018-12-22-11.31.54-100x69.jpg 100w, https:\/\/www.andreas-edler.de\/blog\/wp-content\/uploads\/2018\/12\/2018-12-22-11.31.54-150x103.jpg 150w, https:\/\/www.andreas-edler.de\/blog\/wp-content\/uploads\/2018\/12\/2018-12-22-11.31.54-200x138.jpg 200w, https:\/\/www.andreas-edler.de\/blog\/wp-content\/uploads\/2018\/12\/2018-12-22-11.31.54-300x207.jpg 300w, https:\/\/www.andreas-edler.de\/blog\/wp-content\/uploads\/2018\/12\/2018-12-22-11.31.54-450x310.jpg 450w, https:\/\/www.andreas-edler.de\/blog\/wp-content\/uploads\/2018\/12\/2018-12-22-11.31.54-600x413.jpg 600w, https:\/\/www.andreas-edler.de\/blog\/wp-content\/uploads\/2018\/12\/2018-12-22-11.31.54-900x620.jpg 900w, https:\/\/www.andreas-edler.de\/blog\/wp-content\/uploads\/2018\/12\/2018-12-22-11.31.54.jpg 1280w\" sizes=\"auto, (max-width: 470px) 100vw, 470px\" \/><\/a><figcaption id=\"caption-attachment-164615\" class=\"wp-caption-text\">Endlich. Das Ding steht trocken!<\/figcaption><\/figure><\/p>\n<p>Tim hat Nachwuchs 2.0 geholt, der als erster in den H\u00f6hle kriechen durfte. Wir r\u00e4umen jetzt noch ein bisschen auf und dann ist Weihnachten! Bis zum n\u00e4chsten Jahr wollte ich eigentlich nichts mehr basteln. Und heute nachmittag lege ich mich vielleicht ein bisschen zum Lesen nach drau\u00dfen! :-)<\/p>\n","protected":false},"excerpt":{"rendered":"<p>Vor einem Monat haben wir endlich unser Dachzelt aus Italien geliefert bekommen. Seitdem kutschiere ich die nicht gerade kleine Dachbox auf dem Yeti durch die Gegend. Merkt man so gut wie gar nicht, au\u00dfer dass es auf der Autobahn ein &hellip;<\/p>\n<p class=\"read-more\"> <a class=\"more-link\" href=\"https:\/\/www.andreas-edler.de\/blog\/2018\/12\/wohin-mit-dem-dachzelt\/\"> <span class=\"screen-reader-text\">Wohin mit dem Dachzelt?<\/span> Weiterlesen &raquo;<\/a><\/p>\n","protected":false},"author":1,"featured_media":0,"comment_status":"open","ping_status":"open","sticky":false,"template":"","format":"standard","meta":{"ngg_post_thumbnail":0,"activitypub_content_warning":"","activitypub_content_visibility":"","activitypub_max_image_attachments":2,"activitypub_interaction_policy_quote":"anyone","activitypub_status":"","footnotes":""},"categories":[22],"tags":[386,166,385,31,105,26,64,387,209],"class_list":["post-164594","post","type-post","status-publish","format-standard","hentry","category-basteln","tag-airtop","tag-carport","tag-dachzelt","tag-garten","tag-holz","tag-holzterrasse","tag-konsum","tag-sitzecke","tag-skoda-yeti"],"share_on_mastodon":{"url":"","error":""},"_links":{"self":[{"href":"https:\/\/www.andreas-edler.de\/blog\/wp-json\/wp\/v2\/posts\/164594","targetHints":{"allow":["GET"]}}],"collection":[{"href":"https:\/\/www.andreas-edler.de\/blog\/wp-json\/wp\/v2\/posts"}],"about":[{"href":"https:\/\/www.andreas-edler.de\/blog\/wp-json\/wp\/v2\/types\/post"}],"author":[{"embeddable":true,"href":"https:\/\/www.andreas-edler.de\/blog\/wp-json\/wp\/v2\/users\/1"}],"replies":[{"embeddable":true,"href":"https:\/\/www.andreas-edler.de\/blog\/wp-json\/wp\/v2\/comments?post=164594"}],"version-history":[{"count":0,"href":"https:\/\/www.andreas-edler.de\/blog\/wp-json\/wp\/v2\/posts\/164594\/revisions"}],"wp:attachment":[{"href":"https:\/\/www.andreas-edler.de\/blog\/wp-json\/wp\/v2\/media?parent=164594"}],"wp:term":[{"taxonomy":"category","embeddable":true,"href":"https:\/\/www.andreas-edler.de\/blog\/wp-json\/wp\/v2\/categories?post=164594"},{"taxonomy":"post_tag","embeddable":true,"href":"https:\/\/www.andreas-edler.de\/blog\/wp-json\/wp\/v2\/tags?post=164594"}],"curies":[{"name":"wp","href":"https:\/\/api.w.org\/{rel}","templated":true}]}}