{"id":164568,"date":"2018-12-12T21:22:01","date_gmt":"2018-12-12T20:22:01","guid":{"rendered":"http:\/\/www.andreas-edler.de\/blog\/?p=164568"},"modified":"2018-12-12T21:27:32","modified_gmt":"2018-12-12T20:27:32","slug":"von-wegen-klimafreundlich-nicht-mal-freundlich-kriegen-wir-im-verkehr-hin","status":"publish","type":"post","link":"https:\/\/www.andreas-edler.de\/blog\/2018\/12\/von-wegen-klimafreundlich-nicht-mal-freundlich-kriegen-wir-im-verkehr-hin\/","title":{"rendered":"Von wegen klimafreundlich, nicht mal freundlich kriegen wir im Verkehr hin!"},"content":{"rendered":"<p>Ein Schulkind auf einem Zebrastreifen anfahren &#8230; dazu geh\u00f6rt schon was :-( Eben im Rat haben noch fast alle Fraktionen davon geredet, dass wir unbedingt die klimafreundlichen Mobilit\u00e4t f\u00f6rdern m\u00fcssen. Nun, man h\u00e4tte schon lange damit an der eigenen Nase beginnen k\u00f6nnen. Aber wie fast immer war mein Fahrrad das einzige vor der T\u00fcr. Und wir bekommen in Bad Oeynhausen nicht mal freundliche Mobilit\u00e4t hin &#8211; wie soll das dann mit dem klimafreundlich klappen?<br \/>\n<cite>POL-MI 04.12.2018: <b><a href=\"https:\/\/www.presseportal.de\/blaulicht\/pm\/43553\/4133949\">Schulkind auf Zebrastreifen angefahren<\/a><\/b><br \/>\n&#8230; Zu einer leichten Kollision zwischen einem Auto und einem Schulkind kam es am Donnerstagmorgen auf der Weserstra\u00dfe. Hierbei erlitt eine 11-J\u00e4hrige leichte Verletzungen, die vor Ort im Rettungswagen behandelt wurden &#8230; Obwohl die 57-j\u00e4hrige Frau aus Bad Oeynhausen ihr Fahrzeug noch stoppte, kam es zu einer leichten Ber\u00fchrung mit dem M\u00e4dchen &#8230;<\/cite> <!--more--><\/p>\n<p>War ja nur ein leichtes Touchieren und hey: die Autofahrerin hat doch sogar noch gestoppt! Mehr kann man echt nicht verlangen. Wenn es dann noch zu einer Ber\u00fchrung kommt, ist das echt h\u00f6here Gewalt. Da muss die Polizei wirklich nicht darauf hinweisen, dass man an Zebrastreifen GEF\u00c4LLIGST AUFPASSEN soll und nicht Schulkinder von der Stra\u00dfe rammt!<\/p>\n","protected":false},"excerpt":{"rendered":"<p>Ein Schulkind auf einem Zebrastreifen anfahren &#8230; dazu geh\u00f6rt schon was :-( Eben im Rat haben noch fast alle Fraktionen davon geredet, dass wir unbedingt die klimafreundlichen Mobilit\u00e4t f\u00f6rdern m\u00fcssen. Nun, man h\u00e4tte schon lange damit an der eigenen Nase &hellip;<\/p>\n<p class=\"read-more\"> <a class=\"more-link\" href=\"https:\/\/www.andreas-edler.de\/blog\/2018\/12\/von-wegen-klimafreundlich-nicht-mal-freundlich-kriegen-wir-im-verkehr-hin\/\"> <span class=\"screen-reader-text\">Von wegen klimafreundlich, nicht mal freundlich kriegen wir im Verkehr hin!<\/span> Weiterlesen &raquo;<\/a><\/p>\n","protected":false},"author":1,"featured_media":0,"comment_status":"open","ping_status":"open","sticky":false,"template":"","format":"standard","meta":{"ngg_post_thumbnail":0,"activitypub_content_warning":"","activitypub_content_visibility":"","activitypub_max_image_attachments":2,"activitypub_interaction_policy_quote":"anyone","activitypub_status":"","footnotes":""},"categories":[14,45,13],"tags":[168,34,127,59,71],"class_list":["post-164568","post","type-post","status-publish","format-standard","hentry","category-bad-oeynhausen","category-politik","category-verkehr","tag-klimafreundliche-mobilitaet","tag-kommunikation","tag-polizei","tag-presse","tag-regeln"],"share_on_mastodon":{"url":"","error":""},"_links":{"self":[{"href":"https:\/\/www.andreas-edler.de\/blog\/wp-json\/wp\/v2\/posts\/164568","targetHints":{"allow":["GET"]}}],"collection":[{"href":"https:\/\/www.andreas-edler.de\/blog\/wp-json\/wp\/v2\/posts"}],"about":[{"href":"https:\/\/www.andreas-edler.de\/blog\/wp-json\/wp\/v2\/types\/post"}],"author":[{"embeddable":true,"href":"https:\/\/www.andreas-edler.de\/blog\/wp-json\/wp\/v2\/users\/1"}],"replies":[{"embeddable":true,"href":"https:\/\/www.andreas-edler.de\/blog\/wp-json\/wp\/v2\/comments?post=164568"}],"version-history":[{"count":0,"href":"https:\/\/www.andreas-edler.de\/blog\/wp-json\/wp\/v2\/posts\/164568\/revisions"}],"wp:attachment":[{"href":"https:\/\/www.andreas-edler.de\/blog\/wp-json\/wp\/v2\/media?parent=164568"}],"wp:term":[{"taxonomy":"category","embeddable":true,"href":"https:\/\/www.andreas-edler.de\/blog\/wp-json\/wp\/v2\/categories?post=164568"},{"taxonomy":"post_tag","embeddable":true,"href":"https:\/\/www.andreas-edler.de\/blog\/wp-json\/wp\/v2\/tags?post=164568"}],"curies":[{"name":"wp","href":"https:\/\/api.w.org\/{rel}","templated":true}]}}