{"id":164565,"date":"2018-12-12T20:59:24","date_gmt":"2018-12-12T19:59:24","guid":{"rendered":"http:\/\/www.andreas-edler.de\/blog\/?p=164565"},"modified":"2018-12-12T21:07:42","modified_gmt":"2018-12-12T20:07:42","slug":"die-polizei-kann-auch-anders-berichten","status":"publish","type":"post","link":"https:\/\/www.andreas-edler.de\/blog\/2018\/12\/die-polizei-kann-auch-anders-berichten\/","title":{"rendered":"Die Polizei kann auch anders berichten!"},"content":{"rendered":"<p>Da muss ich auch mal loben. Ob es an dem <a href=\"http:\/\/www.andreas-edler.de\/blog\/2018\/12\/kontrollen-in-der-fahrradstrasse-im-leingarten\/\">Gespr\u00e4ch neulich mit der Polizei vor Ort<\/a> liegt bezweifle ich, aber trotzdem sind mir heute zwei Meldungen der \u00f6rtlichen Polizei aufgefallen.<br \/>\n<cite>POL-MI vom 05.12.2018:<b><a href=\"https:\/\/www.presseportal.de\/blaulicht\/pm\/43553\/4134833\">Autofahrerin schneidet Fahrradfahrer den Weg ab<\/a><\/b><br \/>\n&#8230; bog die Fahrerin eines wei\u00dfen VW Golf von der Osnabr\u00fccker Stra\u00dfe nach links in die Kaiserstra\u00dfe ab und schnitt dabei den Weg eines aus der Innenstadt kommenden Fahrradfahrers. Nur durch eine Vollbremsung konnte er einen Zusammensto\u00df mit dem Wagen verhindern. Dabei st\u00fcrzte er und verletzte sich &#8230;<\/cite> <!--more--><\/p>\n<p>Zwar verletzte sich der Radfahrer immer noch selbst, aber er wurde schon mal aktiv geschnitten und das auch noch von der Fahrerin eines Fahrzeuges und nicht von dem Auto selbst. Das liest sich doch viel besser als &#8222;\u00dcbersehen&#8220; und &#8222;von Auto touchiert&#8220;. Geht doch.<\/p>\n<p>Und das war kein Einzelfall :-o<br \/>\n<cite>POL-MI vom 11.12.2019: <b><a href=\"https:\/\/www.presseportal.de\/blaulicht\/pm\/43553\/4140423\">Radfahrer (42) am Morgen von Auto erfasst<\/a><\/b><br \/>\n&#8230; Beim Einfahren in einen Kreisverkehr an der General-Bishop-Stra\u00dfe hat am fr\u00fchen Dienstagmorgen ein 48-j\u00e4hriger Mann aus Diepenau mit seinem Pkw einen 42-j\u00e4hrigen Radfahrer erfasst und zu Boden geschleudert &#8230;<\/cite><\/p>\n<p>Auch hier wird vorbildlich der Autofahrer als aktiver Beteiligter genannt! Keine Formulierung durch welche dem Radfahrer in irgendweiner Form der aktive Teil des Geschehens zugeordnet wurde. Wenn man m\u00f6chte, dann kann man offensichtlich auch. Weiter so.<\/p>\n<p>Leider \u00e4ndert es inhaltlich nichts. Wie fast immer bei solchen Unf\u00e4llen passen die Fahrer der motorisierten Fahrzeuge beim Ab- oder Einbiegen nicht auf und m\u00e4hen langsamere Verkehrsteilnehmer um. <\/p>\n","protected":false},"excerpt":{"rendered":"<p>Da muss ich auch mal loben. Ob es an dem Gespr\u00e4ch neulich mit der Polizei vor Ort liegt bezweifle ich, aber trotzdem sind mir heute zwei Meldungen der \u00f6rtlichen Polizei aufgefallen. POL-MI vom 05.12.2018:Autofahrerin schneidet Fahrradfahrer den Weg ab &#8230; &hellip;<\/p>\n<p class=\"read-more\"> <a class=\"more-link\" href=\"https:\/\/www.andreas-edler.de\/blog\/2018\/12\/die-polizei-kann-auch-anders-berichten\/\"> <span class=\"screen-reader-text\">Die Polizei kann auch anders berichten!<\/span> Weiterlesen &raquo;<\/a><\/p>\n","protected":false},"author":1,"featured_media":0,"comment_status":"open","ping_status":"open","sticky":false,"template":"","format":"standard","meta":{"ngg_post_thumbnail":0,"activitypub_content_warning":"","activitypub_content_visibility":"","activitypub_max_image_attachments":2,"activitypub_interaction_policy_quote":"anyone","activitypub_status":"","footnotes":""},"categories":[15,13],"tags":[34,127,59,71],"class_list":["post-164565","post","type-post","status-publish","format-standard","hentry","category-fahrrad","category-verkehr","tag-kommunikation","tag-polizei","tag-presse","tag-regeln"],"share_on_mastodon":{"url":"","error":""},"_links":{"self":[{"href":"https:\/\/www.andreas-edler.de\/blog\/wp-json\/wp\/v2\/posts\/164565","targetHints":{"allow":["GET"]}}],"collection":[{"href":"https:\/\/www.andreas-edler.de\/blog\/wp-json\/wp\/v2\/posts"}],"about":[{"href":"https:\/\/www.andreas-edler.de\/blog\/wp-json\/wp\/v2\/types\/post"}],"author":[{"embeddable":true,"href":"https:\/\/www.andreas-edler.de\/blog\/wp-json\/wp\/v2\/users\/1"}],"replies":[{"embeddable":true,"href":"https:\/\/www.andreas-edler.de\/blog\/wp-json\/wp\/v2\/comments?post=164565"}],"version-history":[{"count":0,"href":"https:\/\/www.andreas-edler.de\/blog\/wp-json\/wp\/v2\/posts\/164565\/revisions"}],"wp:attachment":[{"href":"https:\/\/www.andreas-edler.de\/blog\/wp-json\/wp\/v2\/media?parent=164565"}],"wp:term":[{"taxonomy":"category","embeddable":true,"href":"https:\/\/www.andreas-edler.de\/blog\/wp-json\/wp\/v2\/categories?post=164565"},{"taxonomy":"post_tag","embeddable":true,"href":"https:\/\/www.andreas-edler.de\/blog\/wp-json\/wp\/v2\/tags?post=164565"}],"curies":[{"name":"wp","href":"https:\/\/api.w.org\/{rel}","templated":true}]}}