{"id":164509,"date":"2018-11-25T19:57:34","date_gmt":"2018-11-25T18:57:34","guid":{"rendered":"http:\/\/www.andreas-edler.de\/blog\/?p=164509"},"modified":"2018-11-25T19:57:34","modified_gmt":"2018-11-25T18:57:34","slug":"die-neue-am-arm-instinct","status":"publish","type":"post","link":"https:\/\/www.andreas-edler.de\/blog\/2018\/11\/die-neue-am-arm-instinct\/","title":{"rendered":"Die neue am Arm: Instinct"},"content":{"rendered":"<p>Seit vielen Jahren nutze ich Ger\u00e4te von Garmin. Angefangen mit dem Geko 301 f\u00fcr die Trackaufzeichnung und Geschwindigkeitsanzeige am Fahrrad, \u00fcber verschiedene N\u00fcvis f\u00fcr die Navigation im Auto und dann mit der Vivoactive I bzw. sp\u00e4ter der Vivoactive HR als Uhr und Fitnesstracker. Der Edge 520 werkelt neuerdings am Lenker vom Fahrrad und beim Rest der Familie ist die Vivoactive 3 als Uhr am Arm. <figure id=\"attachment_164510\" aria-describedby=\"caption-attachment-164510\" style=\"width: 470px\" class=\"wp-caption aligncenter\"><a href=\"http:\/\/www.andreas-edler.de\/blog\/wp-content\/uploads\/2018\/11\/20181125_garmin_instinct.jpg\"><img loading=\"lazy\" decoding=\"async\" src=\"http:\/\/www.andreas-edler.de\/blog\/wp-content\/uploads\/2018\/11\/20181125_garmin_instinct-470x303.jpg\" alt=\"\" width=\"470\" height=\"303\" class=\"size-large wp-image-164510\" srcset=\"https:\/\/www.andreas-edler.de\/blog\/wp-content\/uploads\/2018\/11\/20181125_garmin_instinct-470x303.jpg 470w, https:\/\/www.andreas-edler.de\/blog\/wp-content\/uploads\/2018\/11\/20181125_garmin_instinct-250x161.jpg 250w, https:\/\/www.andreas-edler.de\/blog\/wp-content\/uploads\/2018\/11\/20181125_garmin_instinct-768x496.jpg 768w, https:\/\/www.andreas-edler.de\/blog\/wp-content\/uploads\/2018\/11\/20181125_garmin_instinct-100x65.jpg 100w, https:\/\/www.andreas-edler.de\/blog\/wp-content\/uploads\/2018\/11\/20181125_garmin_instinct-150x97.jpg 150w, https:\/\/www.andreas-edler.de\/blog\/wp-content\/uploads\/2018\/11\/20181125_garmin_instinct-200x129.jpg 200w, https:\/\/www.andreas-edler.de\/blog\/wp-content\/uploads\/2018\/11\/20181125_garmin_instinct-300x194.jpg 300w, https:\/\/www.andreas-edler.de\/blog\/wp-content\/uploads\/2018\/11\/20181125_garmin_instinct-450x290.jpg 450w, https:\/\/www.andreas-edler.de\/blog\/wp-content\/uploads\/2018\/11\/20181125_garmin_instinct-600x387.jpg 600w, https:\/\/www.andreas-edler.de\/blog\/wp-content\/uploads\/2018\/11\/20181125_garmin_instinct-900x581.jpg 900w, https:\/\/www.andreas-edler.de\/blog\/wp-content\/uploads\/2018\/11\/20181125_garmin_instinct.jpg 1280w\" sizes=\"auto, (max-width: 470px) 100vw, 470px\" \/><\/a><figcaption id=\"caption-attachment-164510\" class=\"wp-caption-text\">Garmin Instinct in hellgrau (nicht wei\u00df!)<\/figcaption><\/figure> <!--more--><\/p>\n<p>Die Vivoactive HR war nie eine ausgemachte Sch\u00f6nheit, funktionierte aber super. Ein bisschen neidisch war ich aber auf das Nachfolgemodell bei der Frau und Nachwuchs 1.0 &#8230; so dass ich ganz unruhig wurde, als ich die Ank\u00fcndigung f\u00fcr die neue Instinct gesehen habe. Die Fenix Modelle sind mir n\u00e4mlich doch ein bisschen zu teuer, die Instinct aber gerade noch so im Rahmen. Kann alles was die Vivoactives auch k\u00f6nnen, zus\u00e4tzlich aber auch noch Navigation in der Art wie der Geko 301 es gemacht hat. Wegpunkt einspeichern und mit einem Kompasspfeil zum Ziel f\u00fchren lassen. Das hat immer prima geklappt. Zudem ist sie wieder nur in schwarz\/weiss. Das bunte Display der Vivoactives hatte ich auch immer nur mit sw-Themes ausgestattet. Das kann ich besser ablesen.<\/p>\n<p>Nach nun ein paar Wochen Nutzung bin ich sehr angetan von dem Gadget. Smartphone-Benachrichtigungen werden prima angezeigt. Im Gegensatz zu den Vivoactive kann die Uhr sogar Piepsen, um auf einen Termin aufmerksam zu machen und nicht nur vibrieren. Die verschiedenen Widgets sind einfach zu verstehen und was ich total super finde: kein Touchscreen! Alles wird \u00fcber f\u00fcnf an den Seiten angebrachten, leider sehr leichtg\u00e4ngigen Tasten bedient. Leider, weil ich neulich beim Baums\u00e4gen st\u00e4ndig irgendwelche Aktivit\u00e4ten aufgezeichnet habe. Trotzdem mag ich bei sowas Hardwaretasten lieber, als auf dem Display rum zu tatschen. Der Edge 520 wird auch \u00fcber Tasten bedient.<\/p>\n<p>Der Akku scheint recht lange zu halten &#8230; wenn man den Herzfrequenzsensor ausschaltet. Mit der Pulsmessung saugt die Uhr die Batterie in wenigen Tagen komplett leer. Das ist zwar ein nettes Gimmick, aber das konnten die Vivoactives besser. <\/p>\n<p>Trotzdem bin ich sehr zufrieden mit der Uhr. Wer sich f\u00fcr einen Fitnesstracker mit Navigationsfunktionen interessiert sollte sich die Instinct mal ansehen!<\/p>\n","protected":false},"excerpt":{"rendered":"<p>Seit vielen Jahren nutze ich Ger\u00e4te von Garmin. Angefangen mit dem Geko 301 f\u00fcr die Trackaufzeichnung und Geschwindigkeitsanzeige am Fahrrad, \u00fcber verschiedene N\u00fcvis f\u00fcr die Navigation im Auto und dann mit der Vivoactive I bzw. sp\u00e4ter der Vivoactive HR als &hellip;<\/p>\n<p class=\"read-more\"> <a class=\"more-link\" href=\"https:\/\/www.andreas-edler.de\/blog\/2018\/11\/die-neue-am-arm-instinct\/\"> <span class=\"screen-reader-text\">Die neue am Arm: Instinct<\/span> Weiterlesen &raquo;<\/a><\/p>\n","protected":false},"author":1,"featured_media":0,"comment_status":"open","ping_status":"open","sticky":false,"template":"","format":"standard","meta":{"ngg_post_thumbnail":0,"activitypub_content_warning":"","activitypub_content_visibility":"","activitypub_max_image_attachments":2,"activitypub_interaction_policy_quote":"anyone","activitypub_status":"","footnotes":""},"categories":[1],"tags":[297,190,49,64,30,28],"class_list":["post-164509","post","type-post","status-publish","format-standard","hentry","category-allgemein","tag-garmin","tag-gimmick","tag-hardware","tag-konsum","tag-spielen","tag-test"],"share_on_mastodon":{"url":"","error":""},"_links":{"self":[{"href":"https:\/\/www.andreas-edler.de\/blog\/wp-json\/wp\/v2\/posts\/164509","targetHints":{"allow":["GET"]}}],"collection":[{"href":"https:\/\/www.andreas-edler.de\/blog\/wp-json\/wp\/v2\/posts"}],"about":[{"href":"https:\/\/www.andreas-edler.de\/blog\/wp-json\/wp\/v2\/types\/post"}],"author":[{"embeddable":true,"href":"https:\/\/www.andreas-edler.de\/blog\/wp-json\/wp\/v2\/users\/1"}],"replies":[{"embeddable":true,"href":"https:\/\/www.andreas-edler.de\/blog\/wp-json\/wp\/v2\/comments?post=164509"}],"version-history":[{"count":0,"href":"https:\/\/www.andreas-edler.de\/blog\/wp-json\/wp\/v2\/posts\/164509\/revisions"}],"wp:attachment":[{"href":"https:\/\/www.andreas-edler.de\/blog\/wp-json\/wp\/v2\/media?parent=164509"}],"wp:term":[{"taxonomy":"category","embeddable":true,"href":"https:\/\/www.andreas-edler.de\/blog\/wp-json\/wp\/v2\/categories?post=164509"},{"taxonomy":"post_tag","embeddable":true,"href":"https:\/\/www.andreas-edler.de\/blog\/wp-json\/wp\/v2\/tags?post=164509"}],"curies":[{"name":"wp","href":"https:\/\/api.w.org\/{rel}","templated":true}]}}