{"id":164482,"date":"2018-11-24T15:48:02","date_gmt":"2018-11-24T14:48:02","guid":{"rendered":"http:\/\/www.andreas-edler.de\/blog\/?p=164482"},"modified":"2018-11-24T15:48:02","modified_gmt":"2018-11-24T14:48:02","slug":"autohome-airtop-range-360","status":"publish","type":"post","link":"https:\/\/www.andreas-edler.de\/blog\/2018\/11\/autohome-airtop-range-360\/","title":{"rendered":"Autohome Airtop Range 360"},"content":{"rendered":"<p><figure id=\"attachment_164483\" aria-describedby=\"caption-attachment-164483\" style=\"width: 250px\" class=\"wp-caption alignright\"><a href=\"http:\/\/www.andreas-edler.de\/blog\/wp-content\/uploads\/2018\/11\/2018-11-20-09.59.17.jpg\"><img loading=\"lazy\" decoding=\"async\" src=\"http:\/\/www.andreas-edler.de\/blog\/wp-content\/uploads\/2018\/11\/2018-11-20-09.59.17-250x162.jpg\" alt=\"\" width=\"250\" height=\"162\" class=\"size-medium wp-image-164483\" srcset=\"https:\/\/www.andreas-edler.de\/blog\/wp-content\/uploads\/2018\/11\/2018-11-20-09.59.17-250x162.jpg 250w, https:\/\/www.andreas-edler.de\/blog\/wp-content\/uploads\/2018\/11\/2018-11-20-09.59.17-768x496.jpg 768w, https:\/\/www.andreas-edler.de\/blog\/wp-content\/uploads\/2018\/11\/2018-11-20-09.59.17-470x304.jpg 470w, https:\/\/www.andreas-edler.de\/blog\/wp-content\/uploads\/2018\/11\/2018-11-20-09.59.17-100x65.jpg 100w, https:\/\/www.andreas-edler.de\/blog\/wp-content\/uploads\/2018\/11\/2018-11-20-09.59.17-150x97.jpg 150w, https:\/\/www.andreas-edler.de\/blog\/wp-content\/uploads\/2018\/11\/2018-11-20-09.59.17-200x129.jpg 200w, https:\/\/www.andreas-edler.de\/blog\/wp-content\/uploads\/2018\/11\/2018-11-20-09.59.17-300x194.jpg 300w, https:\/\/www.andreas-edler.de\/blog\/wp-content\/uploads\/2018\/11\/2018-11-20-09.59.17-450x291.jpg 450w, https:\/\/www.andreas-edler.de\/blog\/wp-content\/uploads\/2018\/11\/2018-11-20-09.59.17-600x388.jpg 600w, https:\/\/www.andreas-edler.de\/blog\/wp-content\/uploads\/2018\/11\/2018-11-20-09.59.17-900x581.jpg 900w, https:\/\/www.andreas-edler.de\/blog\/wp-content\/uploads\/2018\/11\/2018-11-20-09.59.17.jpg 1280w\" sizes=\"auto, (max-width: 250px) 100vw, 250px\" \/><\/a><figcaption id=\"caption-attachment-164483\" class=\"wp-caption-text\">Ein P\u00e4ckchen aus Italien<\/figcaption><\/figure> Ende August war ich mit der Frau <a href=\"https:\/\/www.andreas-edler.de\/blog\/2018\/08\/vorfreude-ist-die-schoenste-freude\/\">auf dem Caravan-Salon in D\u00fcsseldorf<\/a>. Und neben vielem Gucken und F\u00fc\u00dfe platt laufen, haben wir dort auch sehr kurz entschlossen konsumiert. Und seitdem sitzen wir beide ziemlich ungeduldig auf dem Sofa und warten auf das bestellte P\u00e4ckchen. Avisiert war Anfang Oktober, das klappte nicht und sollte dann Ende Oktober werden &#8211; aber auch dann gab es aufgrund von leichten Kommunikationsdifferenzen eine weitere Verz\u00f6gerung. Weitere 3 Wochen warten &#8211; aber daf\u00fcr noch ein schickes Gimmick f\u00fcr umme oben drauf. Und am 20.11. war es dann soweit. <a href=\"https:\/\/twitter.com\/filmfacts\/status\/1064805518672363520\">Die Spedition rief an!<\/a> :-) <!--more--><br \/>\n<figure id=\"attachment_164484\" aria-describedby=\"caption-attachment-164484\" style=\"width: 470px\" class=\"wp-caption aligncenter\"><a href=\"http:\/\/www.andreas-edler.de\/blog\/wp-content\/uploads\/2018\/11\/2018-11-20-10.14.55.jpg\"><img loading=\"lazy\" decoding=\"async\" src=\"http:\/\/www.andreas-edler.de\/blog\/wp-content\/uploads\/2018\/11\/2018-11-20-10.14.55-470x243.jpg\" alt=\"\" width=\"470\" height=\"243\" class=\"size-large wp-image-164484\" srcset=\"https:\/\/www.andreas-edler.de\/blog\/wp-content\/uploads\/2018\/11\/2018-11-20-10.14.55-470x243.jpg 470w, https:\/\/www.andreas-edler.de\/blog\/wp-content\/uploads\/2018\/11\/2018-11-20-10.14.55-250x129.jpg 250w, https:\/\/www.andreas-edler.de\/blog\/wp-content\/uploads\/2018\/11\/2018-11-20-10.14.55-768x397.jpg 768w, https:\/\/www.andreas-edler.de\/blog\/wp-content\/uploads\/2018\/11\/2018-11-20-10.14.55-100x52.jpg 100w, https:\/\/www.andreas-edler.de\/blog\/wp-content\/uploads\/2018\/11\/2018-11-20-10.14.55-150x78.jpg 150w, https:\/\/www.andreas-edler.de\/blog\/wp-content\/uploads\/2018\/11\/2018-11-20-10.14.55-200x103.jpg 200w, https:\/\/www.andreas-edler.de\/blog\/wp-content\/uploads\/2018\/11\/2018-11-20-10.14.55-300x155.jpg 300w, https:\/\/www.andreas-edler.de\/blog\/wp-content\/uploads\/2018\/11\/2018-11-20-10.14.55-450x233.jpg 450w, https:\/\/www.andreas-edler.de\/blog\/wp-content\/uploads\/2018\/11\/2018-11-20-10.14.55-600x310.jpg 600w, https:\/\/www.andreas-edler.de\/blog\/wp-content\/uploads\/2018\/11\/2018-11-20-10.14.55-900x465.jpg 900w, https:\/\/www.andreas-edler.de\/blog\/wp-content\/uploads\/2018\/11\/2018-11-20-10.14.55.jpg 1280w\" sizes=\"auto, (max-width: 470px) 100vw, 470px\" \/><\/a><figcaption id=\"caption-attachment-164484\" class=\"wp-caption-text\">Uff, das sieht doch ziemlich gro\u00df aus!<\/figcaption><\/figure><br \/>\nEs waren dann doch drei Pakete, die vom Lastwagen per Hebeb\u00fchne abgeladen wurden. Zwei kleine mit einer Leiter, Meshgewebe und zwei Wings und der ganz gro\u00dfe Karton mit einem Zelt innen drin. Ich bin aus dem B\u00fcro extra nach Hause, um zu schauen, was da kommt. Ausgepackt haben wir es auch gleich und einmal probeliegen war noch in der Zeit. Danach erstmal wieder zur Arbeit.<\/p>\n<p>Seit Ende August hatte ich schon neue Dachtr\u00e4ger besorgt, da die originalen von Skoda ein wenig kurz sind. Nach der Arbeit war ich erst noch auf einer Sitzung und als ich dann um kurz vor 21 Uhr erst zu Hause war, hatte ich auch gar nicht mehr sooo gro\u00dfe Lust, das Trumm noch auch den Yeti zu heben. Haben wir zu dritt dann aber doch noch gemacht und auch alle fett gegrinst.<br \/>\n<figure id=\"attachment_164486\" aria-describedby=\"caption-attachment-164486\" style=\"width: 470px\" class=\"wp-caption aligncenter\"><a href=\"http:\/\/www.andreas-edler.de\/blog\/wp-content\/uploads\/2018\/11\/20181124_airtop_auf_yeti_vor_wald_l.jpg\"><img loading=\"lazy\" decoding=\"async\" src=\"http:\/\/www.andreas-edler.de\/blog\/wp-content\/uploads\/2018\/11\/20181124_airtop_auf_yeti_vor_wald_l-470x299.jpg\" alt=\"\" width=\"470\" height=\"299\" class=\"size-large wp-image-164486\" srcset=\"https:\/\/www.andreas-edler.de\/blog\/wp-content\/uploads\/2018\/11\/20181124_airtop_auf_yeti_vor_wald_l-470x299.jpg 470w, https:\/\/www.andreas-edler.de\/blog\/wp-content\/uploads\/2018\/11\/20181124_airtop_auf_yeti_vor_wald_l-250x159.jpg 250w, https:\/\/www.andreas-edler.de\/blog\/wp-content\/uploads\/2018\/11\/20181124_airtop_auf_yeti_vor_wald_l-768x488.jpg 768w, https:\/\/www.andreas-edler.de\/blog\/wp-content\/uploads\/2018\/11\/20181124_airtop_auf_yeti_vor_wald_l-100x64.jpg 100w, https:\/\/www.andreas-edler.de\/blog\/wp-content\/uploads\/2018\/11\/20181124_airtop_auf_yeti_vor_wald_l-150x95.jpg 150w, https:\/\/www.andreas-edler.de\/blog\/wp-content\/uploads\/2018\/11\/20181124_airtop_auf_yeti_vor_wald_l-200x127.jpg 200w, https:\/\/www.andreas-edler.de\/blog\/wp-content\/uploads\/2018\/11\/20181124_airtop_auf_yeti_vor_wald_l-300x191.jpg 300w, https:\/\/www.andreas-edler.de\/blog\/wp-content\/uploads\/2018\/11\/20181124_airtop_auf_yeti_vor_wald_l-450x286.jpg 450w, https:\/\/www.andreas-edler.de\/blog\/wp-content\/uploads\/2018\/11\/20181124_airtop_auf_yeti_vor_wald_l-600x382.jpg 600w, https:\/\/www.andreas-edler.de\/blog\/wp-content\/uploads\/2018\/11\/20181124_airtop_auf_yeti_vor_wald_l-900x572.jpg 900w, https:\/\/www.andreas-edler.de\/blog\/wp-content\/uploads\/2018\/11\/20181124_airtop_auf_yeti_vor_wald_l.jpg 1280w\" sizes=\"auto, (max-width: 470px) 100vw, 470px\" \/><\/a><figcaption id=\"caption-attachment-164486\" class=\"wp-caption-text\">Airtop Range 360 aus Skoda Yeti<\/figcaption><\/figure><br \/>\nEinmal kurz probeliegen und dann wieder ins Haus. Es ist nicht so richtig Campingwetter Ende November. Ich habe auch immer noch nicht drin \u00fcbernachtet. Aber das Meshgewebe schon verlegt. Das ist so ein elastisches Gitter, welches zwischen den Boden und die Matratze gelegt wird, damit sich dort kein Kondenswasser bildet bzw. sammelt und die Matratze nass wird. Ich war da auf der Messe noch skeptisch, aber das ist erstaunlicherweise recht tragf\u00e4hig. Und die Wirkung wird allerorten als sehr gut beschrieben.<br \/>\n<figure id=\"attachment_164487\" aria-describedby=\"caption-attachment-164487\" style=\"width: 470px\" class=\"wp-caption aligncenter\"><a href=\"http:\/\/www.andreas-edler.de\/blog\/wp-content\/uploads\/2018\/11\/20181124_airtop_auf_yeti_vor_wald_lv.jpg\"><img loading=\"lazy\" decoding=\"async\" src=\"http:\/\/www.andreas-edler.de\/blog\/wp-content\/uploads\/2018\/11\/20181124_airtop_auf_yeti_vor_wald_lv-470x239.jpg\" alt=\"\" width=\"470\" height=\"239\" class=\"size-large wp-image-164487\" srcset=\"https:\/\/www.andreas-edler.de\/blog\/wp-content\/uploads\/2018\/11\/20181124_airtop_auf_yeti_vor_wald_lv-470x239.jpg 470w, https:\/\/www.andreas-edler.de\/blog\/wp-content\/uploads\/2018\/11\/20181124_airtop_auf_yeti_vor_wald_lv-250x127.jpg 250w, https:\/\/www.andreas-edler.de\/blog\/wp-content\/uploads\/2018\/11\/20181124_airtop_auf_yeti_vor_wald_lv-768x391.jpg 768w, https:\/\/www.andreas-edler.de\/blog\/wp-content\/uploads\/2018\/11\/20181124_airtop_auf_yeti_vor_wald_lv-100x51.jpg 100w, https:\/\/www.andreas-edler.de\/blog\/wp-content\/uploads\/2018\/11\/20181124_airtop_auf_yeti_vor_wald_lv-150x76.jpg 150w, https:\/\/www.andreas-edler.de\/blog\/wp-content\/uploads\/2018\/11\/20181124_airtop_auf_yeti_vor_wald_lv-200x102.jpg 200w, https:\/\/www.andreas-edler.de\/blog\/wp-content\/uploads\/2018\/11\/20181124_airtop_auf_yeti_vor_wald_lv-300x153.jpg 300w, https:\/\/www.andreas-edler.de\/blog\/wp-content\/uploads\/2018\/11\/20181124_airtop_auf_yeti_vor_wald_lv-450x229.jpg 450w, https:\/\/www.andreas-edler.de\/blog\/wp-content\/uploads\/2018\/11\/20181124_airtop_auf_yeti_vor_wald_lv-600x305.jpg 600w, https:\/\/www.andreas-edler.de\/blog\/wp-content\/uploads\/2018\/11\/20181124_airtop_auf_yeti_vor_wald_lv-900x458.jpg 900w, https:\/\/www.andreas-edler.de\/blog\/wp-content\/uploads\/2018\/11\/20181124_airtop_auf_yeti_vor_wald_lv.jpg 1280w\" sizes=\"auto, (max-width: 470px) 100vw, 470px\" \/><\/a><figcaption id=\"caption-attachment-164487\" class=\"wp-caption-text\">So schr\u00e4g kann man bestimmt nicht gut schlafen<\/figcaption><\/figure><br \/>\nHeute durften meine Mutter und Schwester das gute St\u00fcck begucken ;-) Fanden es auch ganz schick. Zu Hause wollte ich eigentlich noch einen Lift im Carport montieren, um das Ding bei Nichtgebrauch dort hochgezogen zu lagern, aber der Plan kann nicht in die Tat umgesetzt werden, das ist alles irgendwie zu flach. Mal sehen, was ich da im Fr\u00fchjahr bastel!<\/p>\n","protected":false},"excerpt":{"rendered":"<p>Ende August war ich mit der Frau auf dem Caravan-Salon in D\u00fcsseldorf. Und neben vielem Gucken und F\u00fc\u00dfe platt laufen, haben wir dort auch sehr kurz entschlossen konsumiert. Und seitdem sitzen wir beide ziemlich ungeduldig auf dem Sofa und warten &hellip;<\/p>\n<p class=\"read-more\"> <a class=\"more-link\" href=\"https:\/\/www.andreas-edler.de\/blog\/2018\/11\/autohome-airtop-range-360\/\"> <span class=\"screen-reader-text\">Autohome Airtop Range 360<\/span> Weiterlesen &raquo;<\/a><\/p>\n","protected":false},"author":1,"featured_media":0,"comment_status":"open","ping_status":"open","sticky":false,"template":"","format":"standard","meta":{"ngg_post_thumbnail":0,"activitypub_content_warning":"","activitypub_content_visibility":"","activitypub_max_image_attachments":2,"activitypub_interaction_policy_quote":"anyone","activitypub_status":"","footnotes":""},"categories":[22,1],"tags":[37,254,51,190,64,209,30,253],"class_list":["post-164482","post","type-post","status-publish","format-standard","hentry","category-basteln","category-allgemein","tag-auto","tag-camping","tag-geld","tag-gimmick","tag-konsum","tag-skoda-yeti","tag-spielen","tag-wohnwagen"],"share_on_mastodon":{"url":"","error":""},"_links":{"self":[{"href":"https:\/\/www.andreas-edler.de\/blog\/wp-json\/wp\/v2\/posts\/164482","targetHints":{"allow":["GET"]}}],"collection":[{"href":"https:\/\/www.andreas-edler.de\/blog\/wp-json\/wp\/v2\/posts"}],"about":[{"href":"https:\/\/www.andreas-edler.de\/blog\/wp-json\/wp\/v2\/types\/post"}],"author":[{"embeddable":true,"href":"https:\/\/www.andreas-edler.de\/blog\/wp-json\/wp\/v2\/users\/1"}],"replies":[{"embeddable":true,"href":"https:\/\/www.andreas-edler.de\/blog\/wp-json\/wp\/v2\/comments?post=164482"}],"version-history":[{"count":0,"href":"https:\/\/www.andreas-edler.de\/blog\/wp-json\/wp\/v2\/posts\/164482\/revisions"}],"wp:attachment":[{"href":"https:\/\/www.andreas-edler.de\/blog\/wp-json\/wp\/v2\/media?parent=164482"}],"wp:term":[{"taxonomy":"category","embeddable":true,"href":"https:\/\/www.andreas-edler.de\/blog\/wp-json\/wp\/v2\/categories?post=164482"},{"taxonomy":"post_tag","embeddable":true,"href":"https:\/\/www.andreas-edler.de\/blog\/wp-json\/wp\/v2\/tags?post=164482"}],"curies":[{"name":"wp","href":"https:\/\/api.w.org\/{rel}","templated":true}]}}