{"id":164436,"date":"2018-11-09T09:33:42","date_gmt":"2018-11-09T08:33:42","guid":{"rendered":"http:\/\/www.andreas-edler.de\/blog\/?p=164436"},"modified":"2018-11-09T09:33:42","modified_gmt":"2018-11-09T08:33:42","slug":"freigaben-der-fahrradstrassen-fuer-den-motorisierten-verkehr","status":"publish","type":"post","link":"https:\/\/www.andreas-edler.de\/blog\/2018\/11\/freigaben-der-fahrradstrassen-fuer-den-motorisierten-verkehr\/","title":{"rendered":"Freigaben der Fahrradstra\u00dfen f\u00fcr den motorisierten Verkehr"},"content":{"rendered":"<p><figure id=\"attachment_163379\" aria-describedby=\"caption-attachment-163379\" style=\"width: 250px\" class=\"wp-caption alignright\"><a href=\"http:\/\/www.andreas-edler.de\/blog\/wp-content\/uploads\/2018\/05\/20180513_in_der_ahe_1.jpg\"><img loading=\"lazy\" decoding=\"async\" src=\"http:\/\/www.andreas-edler.de\/blog\/wp-content\/uploads\/2018\/05\/20180513_in_der_ahe_1-250x140.jpg\" alt=\"\" width=\"250\" height=\"140\" class=\"size-medium wp-image-163379\" srcset=\"https:\/\/www.andreas-edler.de\/blog\/wp-content\/uploads\/2018\/05\/20180513_in_der_ahe_1-250x140.jpg 250w, https:\/\/www.andreas-edler.de\/blog\/wp-content\/uploads\/2018\/05\/20180513_in_der_ahe_1-768x430.jpg 768w, https:\/\/www.andreas-edler.de\/blog\/wp-content\/uploads\/2018\/05\/20180513_in_der_ahe_1-470x263.jpg 470w, https:\/\/www.andreas-edler.de\/blog\/wp-content\/uploads\/2018\/05\/20180513_in_der_ahe_1-100x56.jpg 100w, https:\/\/www.andreas-edler.de\/blog\/wp-content\/uploads\/2018\/05\/20180513_in_der_ahe_1-150x84.jpg 150w, https:\/\/www.andreas-edler.de\/blog\/wp-content\/uploads\/2018\/05\/20180513_in_der_ahe_1-200x112.jpg 200w, https:\/\/www.andreas-edler.de\/blog\/wp-content\/uploads\/2018\/05\/20180513_in_der_ahe_1-300x168.jpg 300w, https:\/\/www.andreas-edler.de\/blog\/wp-content\/uploads\/2018\/05\/20180513_in_der_ahe_1-450x252.jpg 450w, https:\/\/www.andreas-edler.de\/blog\/wp-content\/uploads\/2018\/05\/20180513_in_der_ahe_1-600x336.jpg 600w, https:\/\/www.andreas-edler.de\/blog\/wp-content\/uploads\/2018\/05\/20180513_in_der_ahe_1-900x503.jpg 900w, https:\/\/www.andreas-edler.de\/blog\/wp-content\/uploads\/2018\/05\/20180513_in_der_ahe_1.jpg 1280w\" sizes=\"auto, (max-width: 250px) 100vw, 250px\" \/><\/a><figcaption id=\"caption-attachment-163379\" class=\"wp-caption-text\">Beginn der Fahrradstra\u00dfe &#8222;In der Ahe&#8220; aus Osten kommend.<\/figcaption><\/figure>Die Verwaltung teilte w\u00e4hrend und am Rand <a href=\"http:\/\/www.sitzungsdienst-bad-oeynhausen.de\/bi\/to010.asp?SILFDNR=3417\">der letzten Ratssitzung<\/a> ihre Sicht zun den Regelungen in Fahrradstra\u00dfen mit. Da ich die Ansicht &#8218;&#8220;Anlieger frei&#8220; nicht mehr erlaubt&#8216; und grunds\u00e4tzliche Ausschilderung als &#8222;KFZ und Motorr\u00e4der frei&#8220; so nirgends best\u00e4tigt finden konnte und auf den \u00fcblichen Kan\u00e4len dazu auch niemand etwas wusste, habe ich das <a href=\"https:\/\/www.bmvi.de\/\">Bundesministerium f\u00fcr Verkehr und digitale Infrastruktur<\/a> sowie unsere Verkehrspolitischen Sprecher dazu angeschrieben und um Erl\u00e4uterung gebeten. Inzwischen ist es auch bei den juristischen Beratern des ADFC angelangt. <!--more--><\/p>\n<p><cite>Sehr geehrte Damen und Herren,<br \/>\n<br \/>\nin der gestrigen Sitzung des Rates der Stadt Bad Oeynhausen erkl\u00e4rte die Verwaltung zur Situation der bestehenden Fahrradstra\u00dfen (augeschildert mit Zeichen 244.1) in der Kommune, dass diese zuk\u00fcnftig nicht mehr mit dem Zusatz &#8222;Anlieger frei&#8220; (Zusatzzeichen 1020-30) erg\u00e4nzt werden d\u00fcrften. Hintergrund ist eine Beschwerde einiger B\u00fcrger, welche keine Anlieger einer solchen Stra\u00dfe sind, diese aber befahren m\u00f6chten.<br \/>\n<br \/>\nIm Zuge der Evaluierung hat die Stadtverwaltung sich mit dem Land ins Benehmen gesetzt und von dort die Aussage erhalten, dass die bisherige Ausschilderung &#8222;Fahrradstra\u00dfe &#8211; Anlieger frei&#8220; nicht zul\u00e4ssig sei und durch &#8222;Fahrradstra\u00dfe &#8211; KFZ und Motorr\u00e4der frei&#8220; (Zusatzzeichen 1024-10 und Zusatzzeichen 1022-12) ersetzt werden m\u00fcsse. Dies sei eine \u00fcbergeordnete Vorgabe und w\u00fcrde nun mindestens kreisweit umgesetzt. (Siehe dazu auch die angeh\u00e4ngte kurze Pressemeldung der Lokalpresse von heute).<br \/>\n<br \/>\nIch habe dazu keine Regelungen finden k\u00f6nnen und bin immer davon ausgegangen, dass das Zeichen &#8222;Fahrradstra\u00dfe&#8220; in Verbindung mit &#8222;Anlieger frei&#8220; bedeutet, dass hier Fahrradfahrer gem\u00e4\u00df der Regelungen einer Fahrradstra\u00dfe fahren d\u00fcrfen und alle anderen Verkehrsarten gem\u00e4\u00df der Regelung &#8222;Anlieger frei&#8220; ebenfalls dort einfahren d\u00fcrfen. Die Verwaltung erkl\u00e4rt nun, dass bei &#8222;Anlieger frei&#8220; auch Radfahrende nur mit einem Anliegen dort einfahren d\u00fcrfte und andere Verkehrsarten gar nicht. Das erscheint mir nicht schl\u00fcssig und &#8211; wie gesagt &#8211; ich finde dazu auch nichts. Im \u00fcrbrigen w\u00e4re es ein gro\u00dfer R\u00fcckschritt f\u00fcr die Radfahrenden in Fahrradstra\u00dfen.<br \/>\n<br \/>\nK\u00f6nnen Sie mir hier ein zitierf\u00e4hige Stellungnahme &#8211; gerne schriftlich &#8211; f\u00fcr unsere Verwaltung zukommen lassen und die Situation hinsichtlich Fahrradstra\u00dfen und m\u00f6glicher Zusatzzeichen erl\u00e4utern?<br \/>\n<br \/>\nVielen Dank im voraus.<br \/>\n<br \/>\nMit freundlichen Gr\u00fc\u00dfen<br \/>\n<br \/>\nAndreas Edler<\/cite><\/p>\n","protected":false},"excerpt":{"rendered":"<p>Die Verwaltung teilte w\u00e4hrend und am Rand der letzten Ratssitzung ihre Sicht zun den Regelungen in Fahrradstra\u00dfen mit. Da ich die Ansicht &#8218;&#8220;Anlieger frei&#8220; nicht mehr erlaubt&#8216; und grunds\u00e4tzliche Ausschilderung als &#8222;KFZ und Motorr\u00e4der frei&#8220; so nirgends best\u00e4tigt finden konnte &hellip;<\/p>\n<p class=\"read-more\"> <a class=\"more-link\" href=\"https:\/\/www.andreas-edler.de\/blog\/2018\/11\/freigaben-der-fahrradstrassen-fuer-den-motorisierten-verkehr\/\"> <span class=\"screen-reader-text\">Freigaben der Fahrradstra\u00dfen f\u00fcr den motorisierten Verkehr<\/span> Weiterlesen &raquo;<\/a><\/p>\n","protected":false},"author":1,"featured_media":0,"comment_status":"open","ping_status":"open","sticky":false,"template":"","format":"standard","meta":{"ngg_post_thumbnail":0,"activitypub_content_warning":"","activitypub_content_visibility":"","activitypub_max_image_attachments":2,"activitypub_interaction_policy_quote":"anyone","activitypub_status":"","footnotes":""},"categories":[14,15,45,13],"tags":[109,110,271,352,251,77,72],"class_list":["post-164436","post","type-post","status-publish","format-standard","hentry","category-bad-oeynhausen","category-fahrrad","category-politik","category-verkehr","tag-adfc","tag-fahrradfreundliche-stadt","tag-fahrradstrasse","tag-gruene","tag-infrastruktur","tag-stadtrat","tag-verwaltung"],"share_on_mastodon":{"url":"","error":""},"_links":{"self":[{"href":"https:\/\/www.andreas-edler.de\/blog\/wp-json\/wp\/v2\/posts\/164436","targetHints":{"allow":["GET"]}}],"collection":[{"href":"https:\/\/www.andreas-edler.de\/blog\/wp-json\/wp\/v2\/posts"}],"about":[{"href":"https:\/\/www.andreas-edler.de\/blog\/wp-json\/wp\/v2\/types\/post"}],"author":[{"embeddable":true,"href":"https:\/\/www.andreas-edler.de\/blog\/wp-json\/wp\/v2\/users\/1"}],"replies":[{"embeddable":true,"href":"https:\/\/www.andreas-edler.de\/blog\/wp-json\/wp\/v2\/comments?post=164436"}],"version-history":[{"count":0,"href":"https:\/\/www.andreas-edler.de\/blog\/wp-json\/wp\/v2\/posts\/164436\/revisions"}],"wp:attachment":[{"href":"https:\/\/www.andreas-edler.de\/blog\/wp-json\/wp\/v2\/media?parent=164436"}],"wp:term":[{"taxonomy":"category","embeddable":true,"href":"https:\/\/www.andreas-edler.de\/blog\/wp-json\/wp\/v2\/categories?post=164436"},{"taxonomy":"post_tag","embeddable":true,"href":"https:\/\/www.andreas-edler.de\/blog\/wp-json\/wp\/v2\/tags?post=164436"}],"curies":[{"name":"wp","href":"https:\/\/api.w.org\/{rel}","templated":true}]}}