{"id":164405,"date":"2018-11-05T14:09:37","date_gmt":"2018-11-05T13:09:37","guid":{"rendered":"http:\/\/www.andreas-edler.de\/blog\/?p=164405"},"modified":"2018-11-05T14:48:51","modified_gmt":"2018-11-05T13:48:51","slug":"uebersehen-vorfahrt-nehmen-krankenhaus","status":"publish","type":"post","link":"https:\/\/www.andreas-edler.de\/blog\/2018\/11\/uebersehen-vorfahrt-nehmen-krankenhaus\/","title":{"rendered":"&#8222;\u00dcbersehen&#8220;, Vorfahrt nehmen, Krankenhaus"},"content":{"rendered":"<div class=\"bild\" style=\"font-size: smaller;\"><img decoding=\"async\" src=\"http:\/\/www.andreas-edler.de\/grafik\/logo_rad.png\" alt=\"Logo: Fahrrad\" title=\"Logo: Fahrrad\" width=\"250\" border=\"0\"><\/div>\n<p> Heute ist ein ganz normaler Tag.<\/p>\n<p>Morgens auf dem Weg zur Arbeit steht an der Fu\u00dfg\u00e4ngerquerung direkt oberhalb des D\u00f6rgen ein LKW eines lokalen Logistikpartners vor der Ampel in Richtung S\u00fcden im Stau. Die dort reichlich wartenden Schulkinder haben Gr\u00fcn angefordert und nachdem die Ampel auf orange umgesprungen ist, f\u00e4hrt der Logistiker sch\u00f6n langsam \u00fcber die Ampel und blockiert die Querung &#8211; nicht zur G\u00e4nze, weil er ja langsam voran rollte. Aber daf\u00fcr stand er dann quer vor der Einm\u00fcndung D\u00f6rgen\/Schwarzer Weg. Held der Arbeit. <!--more--><\/p>\n<p>An der Einm\u00fcndung der Buschwiese zieht ein Fahrer mit Schulkind auf dem Beifahrersitz aus S\u00fcden kommen direkt zwischen den im Stau stehenden Fahrzeugen vor mir her, um \u00fcber den Radweg hinweg in die Buschwiese einzubiegen. Musste heftig an den Bremshebeln ziehen.<\/p>\n<p>Nachdem ich an der Bl\u00f6baum-Kreuzung brav bei rot gewartet habe und dann bei gr\u00fcn in die Pedale trat, raste ein Fahrer einer Mercedes A-Klasse ca. einen Meter vor meinem Vorderrad die Werster Stra\u00dfe entlang. Der ist bei Dunkelrot durchgerauscht &#8211; Arschloch.<\/p>\n<p>Sowohl an der Stra\u00dfe Zum Friedhof und Am Muldedamm stand jeweils ein PKW quer auf dem Radweg, dessen Fahrer\/in versuchte auf die Eidinghausener zu gelangen. Eine Dame setzte zur\u00fcck, bei einem PKW musste ich anhalten. Danach bin ich doch wirklich ungef\u00e4hrdet bis zum B\u00fcro gelangt.<\/p>\n<p><figure id=\"attachment_164410\" aria-describedby=\"caption-attachment-164410\" style=\"width: 205px\" class=\"wp-caption alignright\"><a href=\"http:\/\/www.andreas-edler.de\/blog\/wp-content\/uploads\/2018\/11\/20181105_laediertes_knie.jpg\"><img loading=\"lazy\" decoding=\"async\" src=\"http:\/\/www.andreas-edler.de\/blog\/wp-content\/uploads\/2018\/11\/20181105_laediertes_knie-205x250.jpg\" alt=\"\" width=\"205\" height=\"250\" class=\"size-medium wp-image-164410\" srcset=\"https:\/\/www.andreas-edler.de\/blog\/wp-content\/uploads\/2018\/11\/20181105_laediertes_knie-205x250.jpg 205w, https:\/\/www.andreas-edler.de\/blog\/wp-content\/uploads\/2018\/11\/20181105_laediertes_knie-768x937.jpg 768w, https:\/\/www.andreas-edler.de\/blog\/wp-content\/uploads\/2018\/11\/20181105_laediertes_knie-385x470.jpg 385w, https:\/\/www.andreas-edler.de\/blog\/wp-content\/uploads\/2018\/11\/20181105_laediertes_knie-100x122.jpg 100w, https:\/\/www.andreas-edler.de\/blog\/wp-content\/uploads\/2018\/11\/20181105_laediertes_knie-150x183.jpg 150w, https:\/\/www.andreas-edler.de\/blog\/wp-content\/uploads\/2018\/11\/20181105_laediertes_knie-200x244.jpg 200w, https:\/\/www.andreas-edler.de\/blog\/wp-content\/uploads\/2018\/11\/20181105_laediertes_knie-300x366.jpg 300w, https:\/\/www.andreas-edler.de\/blog\/wp-content\/uploads\/2018\/11\/20181105_laediertes_knie-450x549.jpg 450w, https:\/\/www.andreas-edler.de\/blog\/wp-content\/uploads\/2018\/11\/20181105_laediertes_knie-600x732.jpg 600w, https:\/\/www.andreas-edler.de\/blog\/wp-content\/uploads\/2018\/11\/20181105_laediertes_knie-900x1098.jpg 900w, https:\/\/www.andreas-edler.de\/blog\/wp-content\/uploads\/2018\/11\/20181105_laediertes_knie.jpg 1049w\" sizes=\"auto, (max-width: 205px) 100vw, 205px\" \/><\/a><figcaption id=\"caption-attachment-164410\" class=\"wp-caption-text\">Gl\u00fccklicherweise nur geprellt und aufgesch\u00fcrft.<\/figcaption><\/figure> Dort habe ich mich dann &#8211; wie \u00fcblich ;-) &#8211; ausgelassen, wie unentspannt und ignorant die Autofahrer\/innen doch sind. Die Kollegen h\u00f6ren wahrscheinlich kaum noch zu. Zehn Minuten sp\u00e4ter habe ich <a href=\"https:\/\/www.xanna.de\">die Ehefrau<\/a> am Telefon. Ich solle ihren Kollegen sagen, dass sie sp\u00e4ter kommt. Ein Autofahrer hat ihr an der Jet-Tankstelle auf dem aus Sicherheitsgr\u00fcnden mit Zeichen 241 ausgeschilderten Radweg die Vorfahrt genommen. Ist &#8211; leider auch wie \u00fcblich &#8211; von Norden kommend <a href=\"https:\/\/twitter.com\/XannaAlex\/status\/1059427750778470400\">ohne aufzupassen einfach \u00fcber den Radweg<\/a> auf das Tankstellengel\u00e4nde gefahren. Alex konnte zwar noch bremsen und die Kollision vermeiden, ist dabei aber gest\u00fcrzt!<\/p>\n<p>Polizei war da und hat den Unfall aufgenommen, dann mit dem Krankenwagen ins Krankenhaus zum R\u00f6ntgen. Da sie inzwischen genauso angespitzt ist wie ich, hat sie auf die Frage des Polizisten nach ihrem Helm geantwortet &#8222;Nein, ich hatte keinen Helm vorm Kinn.&#8220;! Insgesamt noch mal Gl\u00fcck gehabt. Das Knie sieht aus wie ein Handball, das Kinn ist aufgesch\u00fcrft und die Hand an der Seite etwas aufgerissen. Nach der Verarztung im Krankenhaus durfte ich sie dann abholen. Bin mit dem Rad nach Hause, um den Yeti zu holen und habe auf dem Weg ihr Rad eingesammelt. Bis auf die abgebrochene Klingel und den verbeulten und nun reichlich klapprigen Korb scheint es OK.<\/p>\n<p><figure id=\"attachment_164412\" aria-describedby=\"caption-attachment-164412\" style=\"width: 250px\" class=\"wp-caption alignright\"><a href=\"http:\/\/www.andreas-edler.de\/blog\/wp-content\/uploads\/2018\/11\/20181105_kinn_angeschlagen.jpg\"><img loading=\"lazy\" decoding=\"async\" src=\"http:\/\/www.andreas-edler.de\/blog\/wp-content\/uploads\/2018\/11\/20181105_kinn_angeschlagen-250x108.jpg\" alt=\"\" width=\"250\" height=\"108\" class=\"size-medium wp-image-164412\" srcset=\"https:\/\/www.andreas-edler.de\/blog\/wp-content\/uploads\/2018\/11\/20181105_kinn_angeschlagen-250x108.jpg 250w, https:\/\/www.andreas-edler.de\/blog\/wp-content\/uploads\/2018\/11\/20181105_kinn_angeschlagen-768x333.jpg 768w, https:\/\/www.andreas-edler.de\/blog\/wp-content\/uploads\/2018\/11\/20181105_kinn_angeschlagen-470x204.jpg 470w, https:\/\/www.andreas-edler.de\/blog\/wp-content\/uploads\/2018\/11\/20181105_kinn_angeschlagen-100x43.jpg 100w, https:\/\/www.andreas-edler.de\/blog\/wp-content\/uploads\/2018\/11\/20181105_kinn_angeschlagen-150x65.jpg 150w, https:\/\/www.andreas-edler.de\/blog\/wp-content\/uploads\/2018\/11\/20181105_kinn_angeschlagen-200x87.jpg 200w, https:\/\/www.andreas-edler.de\/blog\/wp-content\/uploads\/2018\/11\/20181105_kinn_angeschlagen-300x130.jpg 300w, https:\/\/www.andreas-edler.de\/blog\/wp-content\/uploads\/2018\/11\/20181105_kinn_angeschlagen-450x195.jpg 450w, https:\/\/www.andreas-edler.de\/blog\/wp-content\/uploads\/2018\/11\/20181105_kinn_angeschlagen-600x260.jpg 600w, https:\/\/www.andreas-edler.de\/blog\/wp-content\/uploads\/2018\/11\/20181105_kinn_angeschlagen-900x390.jpg 900w, https:\/\/www.andreas-edler.de\/blog\/wp-content\/uploads\/2018\/11\/20181105_kinn_angeschlagen.jpg 1280w\" sizes=\"auto, (max-width: 250px) 100vw, 250px\" \/><\/a><figcaption id=\"caption-attachment-164412\" class=\"wp-caption-text\">Angeschlagenes Kinn &#8230; verf\u00e4rbt sich inzwischen sch\u00f6n nach lila.<\/figcaption><\/figure> Mit dem Wagen bin ich dann los auf den D\u00f6rgen. An der Einm\u00fcndung Flachsbleiche wartete eine Dame, weil die Flachsbleiche mit Vorfahrt achten ausgeschildert ist. In dem Augenblick als ich laut Tacho mit Tempo-30 die Einm\u00fcndung passiere, gibt die Frau Gas und f\u00e4hrt fast in mich rein. Hupend bin ich mit der rechten Spur auf den Randstreifen ausgewichen. Die Frau ist auf meine Zeichen hin sogar angehalten und hat sich meine Tirade angeh\u00f6rt, weil ich inzwischen echt den Helm aufhatte. Was ein beschissener Tag! Sie h\u00e4tte mich gar nicht gesehen &#8230; weil sie einen steifen Hals hatte und nicht gut nach rechts gucken konnte! K\u00e4me gerade vom Arzt. Sag&#8216; mal, hackt&#8217;s bei den Leuten? Dann soll sie halt nicht Auto fahren! Die 1,5 Kilometer bis zum \u00c4rztehaus schien sie k\u00f6rperlich schaffen zu k\u00f6nnen. Noch dazu bei dem geilen Wetter!<\/p>\n<p>Alex war die Wielandstra\u00dfe bis zu den Pollern runter gehumpelt und ist staksig in den Wagen eingestiegen. Das dicke Knie ist durch die Hose deutlich zu erkennen. Super :-\/ Ihr Unfallgegner hatte sich inzwischen auch schon nach dem Befinden erkundigt und meinte &#8222;Ich habe Sie gar nicht gesehen!&#8220; &#8211; ob Alex hinter einem Laternenpfahl stand? An dieser Stelle bitte einen Facepalm einf\u00fcgen! Weder passt das Fahrrad hinter einen Laternenpfahl, noch (bei aller Liebe!) Alex. Mal ganz angesehen davon, dass dort gar kein Pfahl steht.<br \/>\n<figure id=\"attachment_164415\" aria-describedby=\"caption-attachment-164415\" style=\"width: 470px\" class=\"wp-caption aligncenter\"><a href=\"http:\/\/www.andreas-edler.de\/blog\/wp-content\/uploads\/2018\/11\/20181105_einfahrt_zur_jet.jpg\"><img loading=\"lazy\" decoding=\"async\" src=\"http:\/\/www.andreas-edler.de\/blog\/wp-content\/uploads\/2018\/11\/20181105_einfahrt_zur_jet-470x198.jpg\" alt=\"\" width=\"470\" height=\"198\" class=\"size-large wp-image-164415\" srcset=\"https:\/\/www.andreas-edler.de\/blog\/wp-content\/uploads\/2018\/11\/20181105_einfahrt_zur_jet-470x198.jpg 470w, https:\/\/www.andreas-edler.de\/blog\/wp-content\/uploads\/2018\/11\/20181105_einfahrt_zur_jet-250x105.jpg 250w, https:\/\/www.andreas-edler.de\/blog\/wp-content\/uploads\/2018\/11\/20181105_einfahrt_zur_jet-768x324.jpg 768w, https:\/\/www.andreas-edler.de\/blog\/wp-content\/uploads\/2018\/11\/20181105_einfahrt_zur_jet-100x42.jpg 100w, https:\/\/www.andreas-edler.de\/blog\/wp-content\/uploads\/2018\/11\/20181105_einfahrt_zur_jet-150x63.jpg 150w, https:\/\/www.andreas-edler.de\/blog\/wp-content\/uploads\/2018\/11\/20181105_einfahrt_zur_jet-200x84.jpg 200w, https:\/\/www.andreas-edler.de\/blog\/wp-content\/uploads\/2018\/11\/20181105_einfahrt_zur_jet-300x127.jpg 300w, https:\/\/www.andreas-edler.de\/blog\/wp-content\/uploads\/2018\/11\/20181105_einfahrt_zur_jet-450x190.jpg 450w, https:\/\/www.andreas-edler.de\/blog\/wp-content\/uploads\/2018\/11\/20181105_einfahrt_zur_jet-600x253.jpg 600w, https:\/\/www.andreas-edler.de\/blog\/wp-content\/uploads\/2018\/11\/20181105_einfahrt_zur_jet-900x380.jpg 900w, https:\/\/www.andreas-edler.de\/blog\/wp-content\/uploads\/2018\/11\/20181105_einfahrt_zur_jet.jpg 1280w\" sizes=\"auto, (max-width: 470px) 100vw, 470px\" \/><\/a><figcaption id=\"caption-attachment-164415\" class=\"wp-caption-text\">Einfahrt zur Jet-Tabkstelle &#8211; Ort des Unfalls<\/figcaption><\/figure><br \/>\nZu Hause bin ich dann wieder auf das Bergamont gewechselt, um ins B\u00fcro zu gelangen. Das hat fast reibungslos geklappt, bis ich von der Kaiserstra\u00dfe nach rechts in die Dr. Neuh\u00e4u\u00dfer Stra\u00dfe einbiegen wollte. Da hat mich doch wirklich im Abbiegevorgang eine Caddyfahrerin \u00fcberholen wollen, um ebenfalls rechts abzubiegen! War ganz erstaunt, dass ich pl\u00f6tzlich neben ihrem Beifahrerfenster &#8222;Achtung&#8220; schrie und stand dann perplex quer auf Kreuzung. Ein paar 50 Meter weiter hielt ich an und fragte sie, was das solle. Sie w\u00fcrde sich hier nicht auskennen! Achso! Dann darf man nat\u00fcrlich fahren wie man will. Einfach nicht wissen was man tut. Es w\u00e4re ohne Absicht gewesen! Ob sie denn fremdgesteuert unterwegs sei, habe ich dann gefragt. Schien sie aber alles zu \u00fcberfordern und die junge Dame hatte auch schon recht rote Wangen. Ich bin dann kopfsch\u00fcttelnd zu meinem Parkplatz gefahren.<\/p>\n<p>Ein ganz normaler Tag halt.<\/p>\n","protected":false},"excerpt":{"rendered":"<p>Heute ist ein ganz normaler Tag. Morgens auf dem Weg zur Arbeit steht an der Fu\u00dfg\u00e4ngerquerung direkt oberhalb des D\u00f6rgen ein LKW eines lokalen Logistikpartners vor der Ampel in Richtung S\u00fcden im Stau. Die dort reichlich wartenden Schulkinder haben Gr\u00fcn &hellip;<\/p>\n<p class=\"read-more\"> <a class=\"more-link\" href=\"https:\/\/www.andreas-edler.de\/blog\/2018\/11\/uebersehen-vorfahrt-nehmen-krankenhaus\/\"> <span class=\"screen-reader-text\">&#8222;\u00dcbersehen&#8220;, Vorfahrt nehmen, Krankenhaus<\/span> Weiterlesen &raquo;<\/a><\/p>\n","protected":false},"author":1,"featured_media":0,"comment_status":"open","ping_status":"open","sticky":false,"template":"","format":"standard","meta":{"ngg_post_thumbnail":0,"activitypub_content_warning":"","activitypub_content_visibility":"","activitypub_max_image_attachments":2,"activitypub_interaction_policy_quote":"anyone","activitypub_status":"","footnotes":""},"categories":[14,15,18,13],"tags":[109,262,110,344,251,127,71,76],"class_list":["post-164405","post","type-post","status-publish","format-standard","hentry","category-bad-oeynhausen","category-fahrrad","category-fraglich","category-verkehr","tag-adfc","tag-eidinghausener-strasse","tag-fahrradfreundliche-stadt","tag-im-leingarten","tag-infrastruktur","tag-polizei","tag-regeln","tag-sicherheit"],"share_on_mastodon":{"url":"","error":""},"_links":{"self":[{"href":"https:\/\/www.andreas-edler.de\/blog\/wp-json\/wp\/v2\/posts\/164405","targetHints":{"allow":["GET"]}}],"collection":[{"href":"https:\/\/www.andreas-edler.de\/blog\/wp-json\/wp\/v2\/posts"}],"about":[{"href":"https:\/\/www.andreas-edler.de\/blog\/wp-json\/wp\/v2\/types\/post"}],"author":[{"embeddable":true,"href":"https:\/\/www.andreas-edler.de\/blog\/wp-json\/wp\/v2\/users\/1"}],"replies":[{"embeddable":true,"href":"https:\/\/www.andreas-edler.de\/blog\/wp-json\/wp\/v2\/comments?post=164405"}],"version-history":[{"count":0,"href":"https:\/\/www.andreas-edler.de\/blog\/wp-json\/wp\/v2\/posts\/164405\/revisions"}],"wp:attachment":[{"href":"https:\/\/www.andreas-edler.de\/blog\/wp-json\/wp\/v2\/media?parent=164405"}],"wp:term":[{"taxonomy":"category","embeddable":true,"href":"https:\/\/www.andreas-edler.de\/blog\/wp-json\/wp\/v2\/categories?post=164405"},{"taxonomy":"post_tag","embeddable":true,"href":"https:\/\/www.andreas-edler.de\/blog\/wp-json\/wp\/v2\/tags?post=164405"}],"curies":[{"name":"wp","href":"https:\/\/api.w.org\/{rel}","templated":true}]}}