{"id":164283,"date":"2018-10-12T19:31:34","date_gmt":"2018-10-12T17:31:34","guid":{"rendered":"http:\/\/www.andreas-edler.de\/blog\/?p=164283"},"modified":"2018-10-12T19:33:18","modified_gmt":"2018-10-12T17:33:18","slug":"eriba-nova-545-mit-enduro-em203","status":"publish","type":"post","link":"https:\/\/www.andreas-edler.de\/blog\/2018\/10\/eriba-nova-545-mit-enduro-em203\/","title":{"rendered":"Eriba Nova 545 mit Enduro EM203"},"content":{"rendered":"<p>Nachdem ich die <a href=\"http:\/\/www.andreas-edler.de\/blog\/2018\/09\/schaudt-lt-100-led-panel-zur-elektrosteuerung-im-wohnwagen\/\">Elektrik vor Wochen schon aktualisiert<\/a> habe, wurde auch gleich ein Termin beim n\u00e4chsten Caravan-H\u00e4ndler gemacht, um eine Rangierhilfe montieren zu lassen. H\u00e4tte ich wom\u00f6glich auch alleine hinbekommen, aber unter dem Wagen rumkrabbeln ist so bequem nun doch nicht. Vorgestern habe ich den H\u00e4nger dann endlich nach Bad Salzuflen gezogen und konnte ihn heute schon wieder abholen.<br \/>\n<figure id=\"attachment_164284\" aria-describedby=\"caption-attachment-164284\" style=\"width: 470px\" class=\"wp-caption aligncenter\"><a href=\"http:\/\/www.andreas-edler.de\/blog\/wp-content\/uploads\/2018\/10\/20181012_enduro_m203.jpg\"><img loading=\"lazy\" decoding=\"async\" src=\"http:\/\/www.andreas-edler.de\/blog\/wp-content\/uploads\/2018\/10\/20181012_enduro_m203-470x241.jpg\" alt=\"\" width=\"470\" height=\"241\" class=\"size-large wp-image-164284\" srcset=\"https:\/\/www.andreas-edler.de\/blog\/wp-content\/uploads\/2018\/10\/20181012_enduro_m203-470x241.jpg 470w, https:\/\/www.andreas-edler.de\/blog\/wp-content\/uploads\/2018\/10\/20181012_enduro_m203-250x128.jpg 250w, https:\/\/www.andreas-edler.de\/blog\/wp-content\/uploads\/2018\/10\/20181012_enduro_m203-768x394.jpg 768w, https:\/\/www.andreas-edler.de\/blog\/wp-content\/uploads\/2018\/10\/20181012_enduro_m203-100x51.jpg 100w, https:\/\/www.andreas-edler.de\/blog\/wp-content\/uploads\/2018\/10\/20181012_enduro_m203-150x77.jpg 150w, https:\/\/www.andreas-edler.de\/blog\/wp-content\/uploads\/2018\/10\/20181012_enduro_m203-200x103.jpg 200w, https:\/\/www.andreas-edler.de\/blog\/wp-content\/uploads\/2018\/10\/20181012_enduro_m203-300x154.jpg 300w, https:\/\/www.andreas-edler.de\/blog\/wp-content\/uploads\/2018\/10\/20181012_enduro_m203-450x231.jpg 450w, https:\/\/www.andreas-edler.de\/blog\/wp-content\/uploads\/2018\/10\/20181012_enduro_m203-600x308.jpg 600w, https:\/\/www.andreas-edler.de\/blog\/wp-content\/uploads\/2018\/10\/20181012_enduro_m203-900x462.jpg 900w, https:\/\/www.andreas-edler.de\/blog\/wp-content\/uploads\/2018\/10\/20181012_enduro_m203.jpg 1280w\" sizes=\"auto, (max-width: 470px) 100vw, 470px\" \/><\/a><figcaption id=\"caption-attachment-164284\" class=\"wp-caption-text\">Enduro EM203 montiert<\/figcaption><\/figure> <!--more--><\/p>\n<p>Auf dem Caravan-Salon hatten wir uns etliche Modelle angesehen und uns f\u00fcr ein Enduro entschieden. Da schien mir Preis gegen Leistung mit dem besten Verh\u00e4ltnis zu sein. Ein vollautomatische Ger\u00e4t muss es nicht sein, ich kann die Andruckwalzen auch noch ganz gut von Hand dran kurbeln. Wenn mir das nicht mehr gelingt, fahre ich auch nicht mehr mit einem Wohnwagen in den Urlaub.<br \/>\n<figure id=\"attachment_164285\" aria-describedby=\"caption-attachment-164285\" style=\"width: 470px\" class=\"wp-caption aligncenter\"><a href=\"http:\/\/www.andreas-edler.de\/blog\/wp-content\/uploads\/2018\/10\/20181012_enduro_m203_steuerung.jpg\"><img loading=\"lazy\" decoding=\"async\" src=\"http:\/\/www.andreas-edler.de\/blog\/wp-content\/uploads\/2018\/10\/20181012_enduro_m203_steuerung-470x300.jpg\" alt=\"\" width=\"470\" height=\"300\" class=\"size-large wp-image-164285\" srcset=\"https:\/\/www.andreas-edler.de\/blog\/wp-content\/uploads\/2018\/10\/20181012_enduro_m203_steuerung-470x300.jpg 470w, https:\/\/www.andreas-edler.de\/blog\/wp-content\/uploads\/2018\/10\/20181012_enduro_m203_steuerung-250x159.jpg 250w, https:\/\/www.andreas-edler.de\/blog\/wp-content\/uploads\/2018\/10\/20181012_enduro_m203_steuerung-768x490.jpg 768w, https:\/\/www.andreas-edler.de\/blog\/wp-content\/uploads\/2018\/10\/20181012_enduro_m203_steuerung-100x64.jpg 100w, https:\/\/www.andreas-edler.de\/blog\/wp-content\/uploads\/2018\/10\/20181012_enduro_m203_steuerung-150x96.jpg 150w, https:\/\/www.andreas-edler.de\/blog\/wp-content\/uploads\/2018\/10\/20181012_enduro_m203_steuerung-200x128.jpg 200w, https:\/\/www.andreas-edler.de\/blog\/wp-content\/uploads\/2018\/10\/20181012_enduro_m203_steuerung-300x191.jpg 300w, https:\/\/www.andreas-edler.de\/blog\/wp-content\/uploads\/2018\/10\/20181012_enduro_m203_steuerung-450x287.jpg 450w, https:\/\/www.andreas-edler.de\/blog\/wp-content\/uploads\/2018\/10\/20181012_enduro_m203_steuerung-600x383.jpg 600w, https:\/\/www.andreas-edler.de\/blog\/wp-content\/uploads\/2018\/10\/20181012_enduro_m203_steuerung-900x574.jpg 900w, https:\/\/www.andreas-edler.de\/blog\/wp-content\/uploads\/2018\/10\/20181012_enduro_m203_steuerung.jpg 1280w\" sizes=\"auto, (max-width: 470px) 100vw, 470px\" \/><\/a><figcaption id=\"caption-attachment-164285\" class=\"wp-caption-text\">Steuerung passt dahin, wo ich sie gerne h\u00e4tte.<\/figcaption><\/figure><\/p>\n<p>Ist nicht das allerneueste Modell, unterscheidet sich aber wohl nur durch die fehlende Plastikverkleidung. Daf\u00fcr war der Preis inkl. Montage und Garantier f\u00fcr mich OK. W\u00e4re sicher g\u00fcnstiger m\u00f6glich gewesen, aber die Abwicklung war echt reibungslos und angenehm. Alles OK. Bei der Abholung eben, habe ich w\u00e4hrend der Einweisung schon gegrinst. Konnte den Wagen auf Anhieb genau \u00fcber dem Kugelkopf platzieren. Das f\u00e4hrt sich wirklicht gut. Gef\u00e4llt mir sehr viel besser, als die stufenlos regelbare Geschwindigkeit bei Truma. Und auch zu Hause auf dem Hof habe ich gegrinst wie ein Honigkuchenpferd.<\/p>\n<p>Operation erfolgreich abgeschlossen &#8211; der n\u00e4chste Urlaub kann kommen! :-)<\/p>\n<p><iframe loading=\"lazy\" width=\"560\" height=\"315\" src=\"https:\/\/www.youtube-nocookie.com\/embed\/jZC9gIWUv-g\" frameborder=\"0\" allow=\"autoplay; encrypted-media\" allowfullscreen><\/iframe><\/p>\n","protected":false},"excerpt":{"rendered":"<p>Nachdem ich die Elektrik vor Wochen schon aktualisiert habe, wurde auch gleich ein Termin beim n\u00e4chsten Caravan-H\u00e4ndler gemacht, um eine Rangierhilfe montieren zu lassen. H\u00e4tte ich wom\u00f6glich auch alleine hinbekommen, aber unter dem Wagen rumkrabbeln ist so bequem nun doch &hellip;<\/p>\n<p class=\"read-more\"> <a class=\"more-link\" href=\"https:\/\/www.andreas-edler.de\/blog\/2018\/10\/eriba-nova-545-mit-enduro-em203\/\"> <span class=\"screen-reader-text\">Eriba Nova 545 mit Enduro EM203<\/span> Weiterlesen &raquo;<\/a><\/p>\n","protected":false},"author":1,"featured_media":0,"comment_status":"open","ping_status":"open","sticky":false,"template":"","format":"standard","meta":{"ngg_post_thumbnail":0,"activitypub_content_warning":"","activitypub_content_visibility":"","activitypub_max_image_attachments":2,"activitypub_interaction_policy_quote":"anyone","activitypub_status":"","footnotes":""},"categories":[22],"tags":[255,49,64,33,30,46,253],"class_list":["post-164283","post","type-post","status-publish","format-standard","hentry","category-basteln","tag-eriba-nova","tag-hardware","tag-konsum","tag-service","tag-spielen","tag-technik","tag-wohnwagen"],"share_on_mastodon":{"url":"","error":""},"_links":{"self":[{"href":"https:\/\/www.andreas-edler.de\/blog\/wp-json\/wp\/v2\/posts\/164283","targetHints":{"allow":["GET"]}}],"collection":[{"href":"https:\/\/www.andreas-edler.de\/blog\/wp-json\/wp\/v2\/posts"}],"about":[{"href":"https:\/\/www.andreas-edler.de\/blog\/wp-json\/wp\/v2\/types\/post"}],"author":[{"embeddable":true,"href":"https:\/\/www.andreas-edler.de\/blog\/wp-json\/wp\/v2\/users\/1"}],"replies":[{"embeddable":true,"href":"https:\/\/www.andreas-edler.de\/blog\/wp-json\/wp\/v2\/comments?post=164283"}],"version-history":[{"count":0,"href":"https:\/\/www.andreas-edler.de\/blog\/wp-json\/wp\/v2\/posts\/164283\/revisions"}],"wp:attachment":[{"href":"https:\/\/www.andreas-edler.de\/blog\/wp-json\/wp\/v2\/media?parent=164283"}],"wp:term":[{"taxonomy":"category","embeddable":true,"href":"https:\/\/www.andreas-edler.de\/blog\/wp-json\/wp\/v2\/categories?post=164283"},{"taxonomy":"post_tag","embeddable":true,"href":"https:\/\/www.andreas-edler.de\/blog\/wp-json\/wp\/v2\/tags?post=164283"}],"curies":[{"name":"wp","href":"https:\/\/api.w.org\/{rel}","templated":true}]}}