{"id":164215,"date":"2018-09-12T17:59:14","date_gmt":"2018-09-12T15:59:14","guid":{"rendered":"http:\/\/www.andreas-edler.de\/blog\/?p=164215"},"modified":"2018-09-12T19:39:25","modified_gmt":"2018-09-12T17:39:25","slug":"gefaehrdung-in-fahrradstrasse","status":"publish","type":"post","link":"https:\/\/www.andreas-edler.de\/blog\/2018\/09\/gefaehrdung-in-fahrradstrasse\/","title":{"rendered":"Gef\u00e4hrdung in Fahrradstra\u00dfe"},"content":{"rendered":"<p>Auf dem Heimweg bin ich heute durch die Fahrradstra\u00dfe Im Leingarten gefahren. Es hat leicht genieselt und die Stra\u00dfe war fast frei. Als ich gerade ein rechts parkendes KFZ passiert habe, \u00fcberholte mich ein Mercedes-Fahrer mit ausbauf\u00e4higem Abstand.<br \/>\n<figure id=\"attachment_164216\" aria-describedby=\"caption-attachment-164216\" style=\"width: 470px\" class=\"wp-caption aligncenter\"><a href=\"http:\/\/www.andreas-edler.de\/blog\/wp-content\/uploads\/2018\/09\/20180912_mercedes_ueberholt_sehr_knapp.png\"><img loading=\"lazy\" decoding=\"async\" src=\"http:\/\/www.andreas-edler.de\/blog\/wp-content\/uploads\/2018\/09\/20180912_mercedes_ueberholt_sehr_knapp-470x264.png\" alt=\"\" width=\"470\" height=\"264\" class=\"size-large wp-image-164216\" srcset=\"https:\/\/www.andreas-edler.de\/blog\/wp-content\/uploads\/2018\/09\/20180912_mercedes_ueberholt_sehr_knapp-470x264.png 470w, https:\/\/www.andreas-edler.de\/blog\/wp-content\/uploads\/2018\/09\/20180912_mercedes_ueberholt_sehr_knapp-250x141.png 250w, https:\/\/www.andreas-edler.de\/blog\/wp-content\/uploads\/2018\/09\/20180912_mercedes_ueberholt_sehr_knapp-768x432.png 768w, https:\/\/www.andreas-edler.de\/blog\/wp-content\/uploads\/2018\/09\/20180912_mercedes_ueberholt_sehr_knapp-100x56.png 100w, https:\/\/www.andreas-edler.de\/blog\/wp-content\/uploads\/2018\/09\/20180912_mercedes_ueberholt_sehr_knapp-150x84.png 150w, https:\/\/www.andreas-edler.de\/blog\/wp-content\/uploads\/2018\/09\/20180912_mercedes_ueberholt_sehr_knapp-200x113.png 200w, https:\/\/www.andreas-edler.de\/blog\/wp-content\/uploads\/2018\/09\/20180912_mercedes_ueberholt_sehr_knapp-300x169.png 300w, https:\/\/www.andreas-edler.de\/blog\/wp-content\/uploads\/2018\/09\/20180912_mercedes_ueberholt_sehr_knapp-450x253.png 450w, https:\/\/www.andreas-edler.de\/blog\/wp-content\/uploads\/2018\/09\/20180912_mercedes_ueberholt_sehr_knapp-600x338.png 600w, https:\/\/www.andreas-edler.de\/blog\/wp-content\/uploads\/2018\/09\/20180912_mercedes_ueberholt_sehr_knapp-900x506.png 900w, https:\/\/www.andreas-edler.de\/blog\/wp-content\/uploads\/2018\/09\/20180912_mercedes_ueberholt_sehr_knapp.png 1280w\" sizes=\"auto, (max-width: 470px) 100vw, 470px\" \/><\/a><figcaption id=\"caption-attachment-164216\" class=\"wp-caption-text\">\u00dcberholabstand ist ausbauf\u00e4hig<\/figcaption><\/figure> <!--more--><br \/>\n<cite>Lieber Fahrer des KFZ, der sie an der Einm\u00fcndung in die Eidinghausener Stra\u00dfe nicht zu einem Gespr\u00e4ch bereit waren, sie sind ein egoistischer, r\u00fccksichtsloser, uninformierter und ignoranter Verkehrsteilnehmer. Kurz: sie sind gef\u00e4hrlich.<\/cite><\/p>\n<p>Augenscheinlich ist der Fahrer des KFZ von der Stra\u00dfe In der Wiehwisch in den Leingarten eingebogen. Jedenfalls habe ich beim Umsehen ein solch dunkles Fahrzeug vor bzw. an der Einm\u00fcndung Ottensweg gesehen. Nachdem ich nach dem halsbrecherischen \u00dcberholvorgang versuchte ihm an der Einm\u00fcndung zur Eidinghausener Stra\u00dfe (ja, der \u00dcberholvorgang war nat\u00fcrlich sinnlos) zu erkl\u00e4ren, dass er in einer Fahrradstra\u00dfe nichts zu suchen hat, ist er grinsend rechts auf die Eidinghausener abgebogen. Dann in die Werrestra\u00dfe und dort dann wieder auf die Stra\u00dfe Auf den vier St\u00fccken. Schneller konnte ich mit dem Fahrrad nicht fahren und folglich auch die Weiterfahrt nicht sehen.<\/p>\n<p>Die Fahrradstra\u00dfe wurde also wahrscheinlich als Umgehung des Verkehrs an der Bl\u00f6baum-Kreuzung genutzt, um danach weiter durch sehr schmale Nebenstra\u00dfen inkl. Tempo-30-Zonen zu fahren. Ich schreibe nicht, dass der Herr gerast ist, weil ich das nicht nachhalten kann. Allerdings habe ich den Abbiegevorgang zu Auf den vier St\u00fccken nur aus der Ferne sehen k\u00f6nnen und bei der Einm\u00fcndung Werrestra\u00dfe war ich noch ein Fahrzeug hinter dem KFZ. Das Tempo mag sich jeder ausmalen. Und ich kann auf dem Rad schon halbwegs fix unterwegs sein.<\/p>\n<p>So verhalten sich die Menschen hier. Nicht alle und manche sind auch einsichtig. Vor ein paar Tagen habe ich einer ehemaligen Arbeitskollegin erkl\u00e4rt, sie d\u00fcrfe ihr Kind nicht durch die Fahrradstra\u00dfe zum Kindergarten bringen. Die Erwiderung, dass die Polizei ihr das so erkl\u00e4rt habe, lie\u00df ich nicht gelten und sie ist dann leicht murrend (&#8222;Dann fahre ich eben einen Umweg.&#8220;) rechts abgebogen. Das fand ich sehr gut, vielen Dank daf\u00fcr! Aber die meisten, die man auf sowas anspricht, p\u00f6beln rum.<\/p>\n<p>Und wenn wir an einer anderen Stelle in Bad Oeynhausen jetzt auch noch \u00fcberlegen, <a href=\"http:\/\/www.andreas-edler.de\/blog\/2018\/09\/buergermeister-laesst-fahrradstrasse-pruefen\/\">dass man &#8222;erweiterte Anlieger&#8220; schafft, damit diese auch noch eine Fahrradstra\u00dfe als Durchfahrt nutzen k\u00f6nnen<\/a>, dann ist das kontraproduktiv f\u00fcr die Akzeptanz so einer Stra\u00dfe. Die bringt dann n\u00e4mlich genau gar nichts mehr! Autofahrende wollen keinen Zentimeter ihrer Verkehrsfl\u00e4che abgeben. Leider schafft man Radverkehrsinfrastruktur nicht, indem man dreimal die Hacken zusammen schl\u00e4gt und einen Wunsch \u00e4u\u00dfert. Fl\u00e4che f\u00e4llt nicht vom Himmel und l\u00e4sst sich dort auch nicht aufh\u00e4ngen. Man muss mit der vorhandenen Fl\u00e4che, die leider schon fast komplett dem motorisierten Individualverkehr gewidmet ist, auskommen. Und das geht wirklich nur, wenn dort etwas abgeknapst wird. Seit 90 Jahren wird es genau andersherum gemacht &#8211; das ist schwierig zu drehen. Wei\u00df ich.<\/p>\n<p>Das Ergebnis sieht man oben im Bild. Und wenn man da nicht gegenh\u00e4lt, sondern auch noch versucht die eh schon v\u00f6llig laschen Regeln noch weiter aufzuweichen bzw. nicht kontrolliert &#8230; nun, wie soll sich dann etwas zum Positiven f\u00fcr den Radverkehr \u00e4ndern? Das ist frustrierend.<\/p>\n","protected":false},"excerpt":{"rendered":"<p>Auf dem Heimweg bin ich heute durch die Fahrradstra\u00dfe Im Leingarten gefahren. Es hat leicht genieselt und die Stra\u00dfe war fast frei. Als ich gerade ein rechts parkendes KFZ passiert habe, \u00fcberholte mich ein Mercedes-Fahrer mit ausbauf\u00e4higem Abstand.<\/p>\n","protected":false},"author":1,"featured_media":0,"comment_status":"open","ping_status":"open","sticky":false,"template":"","format":"standard","meta":{"ngg_post_thumbnail":0,"activitypub_content_warning":"","activitypub_content_visibility":"","activitypub_max_image_attachments":2,"activitypub_interaction_policy_quote":"anyone","activitypub_status":"","footnotes":""},"categories":[14,15,18,13],"tags":[63,110,271,365,344,251,207,71,76],"class_list":["post-164215","post","type-post","status-publish","format-standard","hentry","category-bad-oeynhausen","category-fahrrad","category-fraglich","category-verkehr","tag-benehmen","tag-fahrradfreundliche-stadt","tag-fahrradstrasse","tag-hueffer-strasse","tag-im-leingarten","tag-infrastruktur","tag-radweg","tag-regeln","tag-sicherheit"],"share_on_mastodon":{"url":"","error":""},"_links":{"self":[{"href":"https:\/\/www.andreas-edler.de\/blog\/wp-json\/wp\/v2\/posts\/164215","targetHints":{"allow":["GET"]}}],"collection":[{"href":"https:\/\/www.andreas-edler.de\/blog\/wp-json\/wp\/v2\/posts"}],"about":[{"href":"https:\/\/www.andreas-edler.de\/blog\/wp-json\/wp\/v2\/types\/post"}],"author":[{"embeddable":true,"href":"https:\/\/www.andreas-edler.de\/blog\/wp-json\/wp\/v2\/users\/1"}],"replies":[{"embeddable":true,"href":"https:\/\/www.andreas-edler.de\/blog\/wp-json\/wp\/v2\/comments?post=164215"}],"version-history":[{"count":0,"href":"https:\/\/www.andreas-edler.de\/blog\/wp-json\/wp\/v2\/posts\/164215\/revisions"}],"wp:attachment":[{"href":"https:\/\/www.andreas-edler.de\/blog\/wp-json\/wp\/v2\/media?parent=164215"}],"wp:term":[{"taxonomy":"category","embeddable":true,"href":"https:\/\/www.andreas-edler.de\/blog\/wp-json\/wp\/v2\/categories?post=164215"},{"taxonomy":"post_tag","embeddable":true,"href":"https:\/\/www.andreas-edler.de\/blog\/wp-json\/wp\/v2\/tags?post=164215"}],"curies":[{"name":"wp","href":"https:\/\/api.w.org\/{rel}","templated":true}]}}