{"id":164189,"date":"2018-09-07T19:00:28","date_gmt":"2018-09-07T17:00:28","guid":{"rendered":"http:\/\/www.andreas-edler.de\/blog\/?p=164189"},"modified":"2018-09-07T19:00:28","modified_gmt":"2018-09-07T17:00:28","slug":"eine-stunde-feierabendrunde","status":"publish","type":"post","link":"https:\/\/www.andreas-edler.de\/blog\/2018\/09\/eine-stunde-feierabendrunde\/","title":{"rendered":"Eine Stunde Feierabendrunde"},"content":{"rendered":"<p><figure id=\"attachment_164191\" aria-describedby=\"caption-attachment-164191\" style=\"width: 188px\" class=\"wp-caption alignright\"><a href=\"http:\/\/www.andreas-edler.de\/blog\/wp-content\/uploads\/2018\/09\/2018-09-07-17.35.18.jpg\"><img loading=\"lazy\" decoding=\"async\" src=\"http:\/\/www.andreas-edler.de\/blog\/wp-content\/uploads\/2018\/09\/2018-09-07-17.35.18-188x250.jpg\" alt=\"\" width=\"188\" height=\"250\" class=\"size-medium wp-image-164191\" srcset=\"https:\/\/www.andreas-edler.de\/blog\/wp-content\/uploads\/2018\/09\/2018-09-07-17.35.18-188x250.jpg 188w, https:\/\/www.andreas-edler.de\/blog\/wp-content\/uploads\/2018\/09\/2018-09-07-17.35.18-768x1024.jpg 768w, https:\/\/www.andreas-edler.de\/blog\/wp-content\/uploads\/2018\/09\/2018-09-07-17.35.18-353x470.jpg 353w, https:\/\/www.andreas-edler.de\/blog\/wp-content\/uploads\/2018\/09\/2018-09-07-17.35.18-100x133.jpg 100w, https:\/\/www.andreas-edler.de\/blog\/wp-content\/uploads\/2018\/09\/2018-09-07-17.35.18-150x200.jpg 150w, https:\/\/www.andreas-edler.de\/blog\/wp-content\/uploads\/2018\/09\/2018-09-07-17.35.18-200x267.jpg 200w, https:\/\/www.andreas-edler.de\/blog\/wp-content\/uploads\/2018\/09\/2018-09-07-17.35.18-300x400.jpg 300w, https:\/\/www.andreas-edler.de\/blog\/wp-content\/uploads\/2018\/09\/2018-09-07-17.35.18-450x600.jpg 450w, https:\/\/www.andreas-edler.de\/blog\/wp-content\/uploads\/2018\/09\/2018-09-07-17.35.18-600x800.jpg 600w, https:\/\/www.andreas-edler.de\/blog\/wp-content\/uploads\/2018\/09\/2018-09-07-17.35.18-900x1200.jpg 900w, https:\/\/www.andreas-edler.de\/blog\/wp-content\/uploads\/2018\/09\/2018-09-07-17.35.18.jpg 960w\" sizes=\"auto, (max-width: 188px) 100vw, 188px\" \/><\/a><figcaption id=\"caption-attachment-164191\" class=\"wp-caption-text\">Oben am Wilhelm<\/figcaption><\/figure> Heute abend gehe ich mit einer Freundin Essen. Da musste ich nach dem B\u00fcro noch einmal auf&#8217;s Rad &#8211; vor allen Dingen auch, weil die Frau heute nachmittag ebenfalls eine Runde gedreht hat. Also los Richtung Porta und danach hoch zum Wilhelm. Der Wind blies gewaltig von hinten, so dass ich in Dehme auf dem geraden St\u00fcck des Alten Postweg hinter den H\u00e4usern auf knapp \u00fcber 50 Km\/h kam &#8230; mir schwante schon, dass es in Gegenrichtung nicht so fix werden w\u00fcrde. Allerdings habe ich trotz Wind ordentlich getreten und war an der Blue-Bar in einer f\u00fcr mich vorz\u00fcglichen Zeit :-) Da habe ich mich dann zum Wilhelm hoch auch ein bisschen angestrengt. <!--more--><\/p>\n<p>Der Erfolg war, dass ich zwei Minuten schneller oben war als meine bisherige Bestzeit. Geht doch. Kurz in die Runde geschaut und dann wieder zur\u00fcck. Meine Vermutung war richtig, der Gegenwind war fies und ich musste richtig rein treten. F\u00fchlte mich aber sehr gut, kein Seitenstechen, kein schneller Atem, nur die Beine wurden teilweise ein wenig bleiern. Zu Hause angekommen zeigte das Garmin dann nicht ganz eine Stunde und f\u00fcnf Minuten an! Anfang des Jahres habe ich mich gefreut, wenn ich die Portarunde <a href=\"https:\/\/connect.garmin.com\/modern\/activity\/2534333350\/share\/0?lang=de\">ohne Wilhelm in knapp unter einer Stunde absolviert<\/a> habe :-)<\/p>\n<p>Bin zufrieden.<\/p>\n<p><iframe src='https:\/\/connect.garmin.com\/modern\/activity\/embed\/2995647915' title='Porta, Wilhelm und zur\u00fcck' width='465' height='500' frameborder='0'><\/iframe><\/p>\n","protected":false},"excerpt":{"rendered":"<p>Heute abend gehe ich mit einer Freundin Essen. Da musste ich nach dem B\u00fcro noch einmal auf&#8217;s Rad &#8211; vor allen Dingen auch, weil die Frau heute nachmittag ebenfalls eine Runde gedreht hat. Also los Richtung Porta und danach hoch &hellip;<\/p>\n<p class=\"read-more\"> <a class=\"more-link\" href=\"https:\/\/www.andreas-edler.de\/blog\/2018\/09\/eine-stunde-feierabendrunde\/\"> <span class=\"screen-reader-text\">Eine Stunde Feierabendrunde<\/span> Weiterlesen &raquo;<\/a><\/p>\n","protected":false},"author":1,"featured_media":0,"comment_status":"open","ping_status":"open","sticky":false,"template":"","format":"standard","meta":{"ngg_post_thumbnail":0,"activitypub_content_warning":"","activitypub_content_visibility":"","activitypub_max_image_attachments":2,"activitypub_interaction_policy_quote":"anyone","activitypub_status":"","footnotes":""},"categories":[15],"tags":[164,141,7],"class_list":["post-164189","post","type-post","status-publish","format-standard","hentry","category-fahrrad","tag-abnehmen","tag-fitness","tag-gesundheit"],"share_on_mastodon":{"url":"","error":""},"_links":{"self":[{"href":"https:\/\/www.andreas-edler.de\/blog\/wp-json\/wp\/v2\/posts\/164189","targetHints":{"allow":["GET"]}}],"collection":[{"href":"https:\/\/www.andreas-edler.de\/blog\/wp-json\/wp\/v2\/posts"}],"about":[{"href":"https:\/\/www.andreas-edler.de\/blog\/wp-json\/wp\/v2\/types\/post"}],"author":[{"embeddable":true,"href":"https:\/\/www.andreas-edler.de\/blog\/wp-json\/wp\/v2\/users\/1"}],"replies":[{"embeddable":true,"href":"https:\/\/www.andreas-edler.de\/blog\/wp-json\/wp\/v2\/comments?post=164189"}],"version-history":[{"count":0,"href":"https:\/\/www.andreas-edler.de\/blog\/wp-json\/wp\/v2\/posts\/164189\/revisions"}],"wp:attachment":[{"href":"https:\/\/www.andreas-edler.de\/blog\/wp-json\/wp\/v2\/media?parent=164189"}],"wp:term":[{"taxonomy":"category","embeddable":true,"href":"https:\/\/www.andreas-edler.de\/blog\/wp-json\/wp\/v2\/categories?post=164189"},{"taxonomy":"post_tag","embeddable":true,"href":"https:\/\/www.andreas-edler.de\/blog\/wp-json\/wp\/v2\/tags?post=164189"}],"curies":[{"name":"wp","href":"https:\/\/api.w.org\/{rel}","templated":true}]}}