{"id":164107,"date":"2018-08-26T10:56:43","date_gmt":"2018-08-26T08:56:43","guid":{"rendered":"http:\/\/www.andreas-edler.de\/blog\/?p=164107"},"modified":"2018-08-26T10:56:43","modified_gmt":"2018-08-26T08:56:43","slug":"autofahrer-missachtet-vorfahrt-und-verletzt-radfahrer-schwer","status":"publish","type":"post","link":"https:\/\/www.andreas-edler.de\/blog\/2018\/08\/autofahrer-missachtet-vorfahrt-und-verletzt-radfahrer-schwer\/","title":{"rendered":"Autofahrer missachtet Vorfahrt und verletzt Radfahrer schwer"},"content":{"rendered":"<p>So h\u00e4tte die \u00dcberschrift der Polizeipressemeldung lauten k\u00f6nnen, damit die motorisierten Verkehrsteilnehmer vielleicht auch mal mit der Nase drauf gesto\u00dfen werden, dass man als Fahrradfahrer durchaus des\u00f6fteren auch mal als erster los darf und Autofahrer bitte die Augen \u00f6ffnen sollen. Hat die Polizei aber nicht gemacht. <cite>Polizei Minden-L\u00fcbbecke: <b><a href=\"https:\/\/www.presseportal.de\/blaulicht\/pm\/43553\/4043916\">Verkehrsunfall mit Personenschaden am Samstag, 25.08.2018, in Bad Oeynhausen<\/a><\/b><br \/>\n&#8230; Ein Radfahrer wird bei einem Verkehrsunfall in Bad Oeynhausen schwer verletzt. Er war zuvor von einem abbiegenden Mercedes erfasst worden &#8230;<\/cite> <!--more--><\/p>\n<div class=\"bild\" style=\"font-size: smaller;\"><img decoding=\"async\" src=\"http:\/\/www.andreas-edler.de\/grafik\/logo_rad.png\" alt=\"Logo: Fahrrad\" title=\"Logo: Fahrrad\" width=\"250\" border=\"0\"><\/div>\n<p> Immerhin verletzt sich der Radfahrer ausnahmsweise mal nicht selbst, sondern ist in der Meldung der passive Part. Allerdings schreibt die Polizei beim Autofahrenden wieder nur sehr passiv. Das ist wirklich in jeder Meldung so zu beobachten. Bloss nicht den Autofahrenden selbst als aktiven Verursacher darstellen. Das merken die Stift-M\u00e4nner dort wahrscheinlich nicht einmal. Aber alle diejenigen, welche sich mit den Polizeimeldungen zu dem Thema besch\u00e4ftigen, sehen es jedesmal.<\/p>\n<p>Der Autofahrer &#8222;beabsichtigte&#8220; irgendwas, dann &#8222;kam es zu einem Zusammensto\u00df&#8220;, der Radfahrer &#8222;wurde aufgeladen&#8220; &#8230; alles m\u00f6glichst weich. Warum nicht mal deutlich schreiben &#8222;Der Autofahrer rammte den Radfahrer&#8220;, &#8222;Der Autofahrer fuhr den Radfahrer an&#8220;? Warum wird nicht ganz klar geschrieben &#8222;Der Autofahrer nahm dem Radfahrer die Vorfahrt&#8220;? Das ist schlicht und ergreifend der Sachverhalt an der Stelle. Da muss nicht ermittelt werden oder sonst etwas abgewartet werden.<\/p>\n<p>Und ja, der Radfahrer fuhr in die falsche Richtung und das finde ich richtig Schei\u00dfe! Was das f\u00fcr <a href=\"https:\/\/www.andreas-edler.de\/blog\/2018\/08\/angefahrener-radfahrer-auf-der-eidinghausener-strasse\/#vorfahrt\">Auswirkungen auf seine Vorfahrt<\/a> hat, habe ich hier schon des\u00f6fteren geschrieben. Auch, warum das f\u00fcr Autofahrer v\u00f6llig egal zu sein hat.<\/p>\n","protected":false},"excerpt":{"rendered":"<p>So h\u00e4tte die \u00dcberschrift der Polizeipressemeldung lauten k\u00f6nnen, damit die motorisierten Verkehrsteilnehmer vielleicht auch mal mit der Nase drauf gesto\u00dfen werden, dass man als Fahrradfahrer durchaus des\u00f6fteren auch mal als erster los darf und Autofahrer bitte die Augen \u00f6ffnen sollen. &hellip;<\/p>\n<p class=\"read-more\"> <a class=\"more-link\" href=\"https:\/\/www.andreas-edler.de\/blog\/2018\/08\/autofahrer-missachtet-vorfahrt-und-verletzt-radfahrer-schwer\/\"> <span class=\"screen-reader-text\">Autofahrer missachtet Vorfahrt und verletzt Radfahrer schwer<\/span> Weiterlesen &raquo;<\/a><\/p>\n","protected":false},"author":1,"featured_media":0,"comment_status":"open","ping_status":"open","sticky":false,"template":"","format":"standard","meta":{"ngg_post_thumbnail":0,"activitypub_content_warning":"","activitypub_content_visibility":"","activitypub_max_image_attachments":2,"activitypub_interaction_policy_quote":"anyone","activitypub_status":"","footnotes":""},"categories":[14,15,13],"tags":[110,251,34,127,59,71],"class_list":["post-164107","post","type-post","status-publish","format-standard","hentry","category-bad-oeynhausen","category-fahrrad","category-verkehr","tag-fahrradfreundliche-stadt","tag-infrastruktur","tag-kommunikation","tag-polizei","tag-presse","tag-regeln"],"share_on_mastodon":{"url":"","error":""},"_links":{"self":[{"href":"https:\/\/www.andreas-edler.de\/blog\/wp-json\/wp\/v2\/posts\/164107","targetHints":{"allow":["GET"]}}],"collection":[{"href":"https:\/\/www.andreas-edler.de\/blog\/wp-json\/wp\/v2\/posts"}],"about":[{"href":"https:\/\/www.andreas-edler.de\/blog\/wp-json\/wp\/v2\/types\/post"}],"author":[{"embeddable":true,"href":"https:\/\/www.andreas-edler.de\/blog\/wp-json\/wp\/v2\/users\/1"}],"replies":[{"embeddable":true,"href":"https:\/\/www.andreas-edler.de\/blog\/wp-json\/wp\/v2\/comments?post=164107"}],"version-history":[{"count":0,"href":"https:\/\/www.andreas-edler.de\/blog\/wp-json\/wp\/v2\/posts\/164107\/revisions"}],"wp:attachment":[{"href":"https:\/\/www.andreas-edler.de\/blog\/wp-json\/wp\/v2\/media?parent=164107"}],"wp:term":[{"taxonomy":"category","embeddable":true,"href":"https:\/\/www.andreas-edler.de\/blog\/wp-json\/wp\/v2\/categories?post=164107"},{"taxonomy":"post_tag","embeddable":true,"href":"https:\/\/www.andreas-edler.de\/blog\/wp-json\/wp\/v2\/tags?post=164107"}],"curies":[{"name":"wp","href":"https:\/\/api.w.org\/{rel}","templated":true}]}}