{"id":164006,"date":"2018-07-29T23:19:55","date_gmt":"2018-07-29T21:19:55","guid":{"rendered":"http:\/\/www.andreas-edler.de\/blog\/?p=164006"},"modified":"2018-08-12T13:30:55","modified_gmt":"2018-08-12T11:30:55","slug":"urlaubsort-in-ingress-verewigt","status":"publish","type":"post","link":"https:\/\/www.andreas-edler.de\/blog\/2018\/07\/urlaubsort-in-ingress-verewigt\/","title":{"rendered":"Urlaubsort in Ingress verewigt"},"content":{"rendered":"<p><figure id=\"attachment_164007\" aria-describedby=\"caption-attachment-164007\" style=\"width: 208px\" class=\"wp-caption alignright\"><a href=\"http:\/\/www.andreas-edler.de\/blog\/wp-content\/uploads\/2018\/08\/2018-07-29_ingress_profil.png\"><img loading=\"lazy\" decoding=\"async\" src=\"http:\/\/www.andreas-edler.de\/blog\/wp-content\/uploads\/2018\/08\/2018-07-29_ingress_profil-208x250.png\" alt=\"\" width=\"208\" height=\"250\" class=\"size-medium wp-image-164007\" srcset=\"https:\/\/www.andreas-edler.de\/blog\/wp-content\/uploads\/2018\/08\/2018-07-29_ingress_profil-208x250.png 208w, https:\/\/www.andreas-edler.de\/blog\/wp-content\/uploads\/2018\/08\/2018-07-29_ingress_profil-768x923.png 768w, https:\/\/www.andreas-edler.de\/blog\/wp-content\/uploads\/2018\/08\/2018-07-29_ingress_profil-391x470.png 391w, https:\/\/www.andreas-edler.de\/blog\/wp-content\/uploads\/2018\/08\/2018-07-29_ingress_profil-100x120.png 100w, https:\/\/www.andreas-edler.de\/blog\/wp-content\/uploads\/2018\/08\/2018-07-29_ingress_profil-150x180.png 150w, https:\/\/www.andreas-edler.de\/blog\/wp-content\/uploads\/2018\/08\/2018-07-29_ingress_profil-200x240.png 200w, https:\/\/www.andreas-edler.de\/blog\/wp-content\/uploads\/2018\/08\/2018-07-29_ingress_profil-300x360.png 300w, https:\/\/www.andreas-edler.de\/blog\/wp-content\/uploads\/2018\/08\/2018-07-29_ingress_profil-450x541.png 450w, https:\/\/www.andreas-edler.de\/blog\/wp-content\/uploads\/2018\/08\/2018-07-29_ingress_profil-600x721.png 600w, https:\/\/www.andreas-edler.de\/blog\/wp-content\/uploads\/2018\/08\/2018-07-29_ingress_profil-900x1081.png 900w, https:\/\/www.andreas-edler.de\/blog\/wp-content\/uploads\/2018\/08\/2018-07-29_ingress_profil.png 1440w\" sizes=\"auto, (max-width: 208px) 100vw, 208px\" \/><\/a><figcaption id=\"caption-attachment-164007\" class=\"wp-caption-text\">Kleine Missionsreihe in Novigrad<\/figcaption><\/figure> So richtig Bock auf irgendwas hatte ich nicht und habe darum meist im Wohnwagen gelegen, bis ich mich gegen 14 Uhr doch aufgerafft habe und mit dem Rad nach Novigrad gefahren bin. Dort gibt es in Ingress ein 5er-Missions-Mosaik der Stadt. Optisch keine Pracht, aber immerhin hat man dann was im Profil, dass man da war. Danach hatte ich noch eine einzelne Mission f\u00fcr Antenal gefunden, so dass die 6er-Reihe im Profil gef\u00fcllt ist. Die f\u00fcnf Missionen in Porec sind recht einfach, aber die Portale wirklich mies hintereinander angeordnet.<br \/>\n<!--more--><br \/>\nF\u00fcr eine schnelle Hackreihe ist das viel zu durcheinander. Man muss st\u00e4ndig hin und her, eine erkennbare Sinnhaftigkeit in der Anordnung existiert offensichtlich nicht. F\u00fcnfzehn Minuten sollte jede Mission im Schnitt dauern, das klappte aber auch nur, wenn ich doch mit dem Rad fahre und es nicht schiebe. Bl\u00f6d, wenn man keinen Handyhalter am Drittrad hat. Die letzte f\u00fcr heute geplante Einzelmission sollte eineinhalb Stunden dauern. Auch hier waren die dazugeh\u00f6rigen Portale wild gestreut. Aber da ich mit dem Rad unterwegs war, wurden aus drei halben Stunden nur eine und ich habe eine schicke 6er-Reihe, die sogar aussieht, wie gewollt.<\/p>\n<p>[Auszug aus dem Text zum <a href=\"https:\/\/www.andreas-edler.de\/blog\/urlaub\/kroatien-2018\/#ingress\">diesj\u00e4hrigen Kroatienurlaub<\/a>]<\/p>\n","protected":false},"excerpt":{"rendered":"<p>So richtig Bock auf irgendwas hatte ich nicht und habe darum meist im Wohnwagen gelegen, bis ich mich gegen 14 Uhr doch aufgerafft habe und mit dem Rad nach Novigrad gefahren bin. Dort gibt es in Ingress ein 5er-Missions-Mosaik der &hellip;<\/p>\n<p class=\"read-more\"> <a class=\"more-link\" href=\"https:\/\/www.andreas-edler.de\/blog\/2018\/07\/urlaubsort-in-ingress-verewigt\/\"> <span class=\"screen-reader-text\">Urlaubsort in Ingress verewigt<\/span> Weiterlesen &raquo;<\/a><\/p>\n","protected":false},"author":1,"featured_media":0,"comment_status":"open","ping_status":"open","sticky":false,"template":"","format":"standard","meta":{"ngg_post_thumbnail":0,"activitypub_content_warning":"","activitypub_content_visibility":"","activitypub_max_image_attachments":2,"activitypub_interaction_policy_quote":"anyone","activitypub_status":"","footnotes":""},"categories":[1,15],"tags":[17,192,30,5],"class_list":["post-164006","post","type-post","status-publish","format-standard","hentry","category-allgemein","category-fahrrad","tag-auf-der-piste","tag-ingress","tag-spielen","tag-unterwegs"],"share_on_mastodon":{"url":"","error":""},"_links":{"self":[{"href":"https:\/\/www.andreas-edler.de\/blog\/wp-json\/wp\/v2\/posts\/164006","targetHints":{"allow":["GET"]}}],"collection":[{"href":"https:\/\/www.andreas-edler.de\/blog\/wp-json\/wp\/v2\/posts"}],"about":[{"href":"https:\/\/www.andreas-edler.de\/blog\/wp-json\/wp\/v2\/types\/post"}],"author":[{"embeddable":true,"href":"https:\/\/www.andreas-edler.de\/blog\/wp-json\/wp\/v2\/users\/1"}],"replies":[{"embeddable":true,"href":"https:\/\/www.andreas-edler.de\/blog\/wp-json\/wp\/v2\/comments?post=164006"}],"version-history":[{"count":0,"href":"https:\/\/www.andreas-edler.de\/blog\/wp-json\/wp\/v2\/posts\/164006\/revisions"}],"wp:attachment":[{"href":"https:\/\/www.andreas-edler.de\/blog\/wp-json\/wp\/v2\/media?parent=164006"}],"wp:term":[{"taxonomy":"category","embeddable":true,"href":"https:\/\/www.andreas-edler.de\/blog\/wp-json\/wp\/v2\/categories?post=164006"},{"taxonomy":"post_tag","embeddable":true,"href":"https:\/\/www.andreas-edler.de\/blog\/wp-json\/wp\/v2\/tags?post=164006"}],"curies":[{"name":"wp","href":"https:\/\/api.w.org\/{rel}","templated":true}]}}