{"id":163979,"date":"2018-08-06T21:09:01","date_gmt":"2018-08-06T19:09:01","guid":{"rendered":"http:\/\/www.andreas-edler.de\/blog\/?p=163979"},"modified":"2018-08-08T07:54:22","modified_gmt":"2018-08-08T05:54:22","slug":"taxen-auf-radwegen-und-fussgaengerzonen","status":"publish","type":"post","link":"https:\/\/www.andreas-edler.de\/blog\/2018\/08\/taxen-auf-radwegen-und-fussgaengerzonen\/","title":{"rendered":"Taxen auf Radwegen und Fu\u00dfg\u00e4ngerzonen"},"content":{"rendered":"<p>Sehr geehrte Damen und Herren,<\/p>\n<p>heute befuhr ich auf dem Weg aus dem B\u00fcro nach Hause den benutzungspflichtigen Radweg der Eidinghausener Stra\u00dfe in n\u00f6rdlicher Richtung. Bis ca. auf H\u00f6he der Jet-Tankstelle. Dort parkte eines ihrer Fahrzeuge auf dem Radweg, da der Fahrer aussagegem\u00e4\u00df auf eine Kundin wartete. Den Hinweis, dass das nicht erlaubt sei und das Halten auf der Fahrbahn daneben v\u00f6llig legal, wurde mir entgegnet, dies sei ihm bekannt. Er w\u00e4re aber &#8222;gleich weg&#8220;. Nachdem ich noch einmal nachhakte, wurde ich dann auch leicht genervt &#8222;angeraunzt&#8220; &#8230; <!--more--><\/p>\n<p>Egal ob man &#8222;gleich weg ist&#8220;, &#8222;nur kurz h\u00e4lt&#8220; oder &#8222;auf eine Kundin wartet&#8220;, das Halten auf benutzungspflichtigen Radwegen ist nicht erlaubt. Ich bekomme immer wieder zu h\u00f6ren, wenn ich f\u00fcr den Radverkehr in Bad Oeynhausen werbe, &#8222;Aber die Radfahrer, alle bei rot, alle kein Licht, alle ignorieren den Radweg.&#8220;. Nun, ich tue dies nicht. Ich w\u00fcrde gerne auf der Fahrbahn fahren, aber es ist an der Stelle nunmal vorgeschrieben, den Radweg zu benutzen. Und dann parkt dort illegal ein Taxi. Wenn ich mit dem Fahrrad auf der Fahrbahn unterwegs bin, bin ich schon des\u00f6fteren von Taxen bedr\u00e4ngt, angehupt und beschimpft worden. Das soll ich dann bitte auch nicht. Der Taxifahrer darf auf &#8222;meinem Weg&#8220; parken, ich darf aber nicht den &#8222;Weg des Taxi&#8220; benutzen?<\/p>\n<p>Ich m\u00f6chte keine Extraw\u00fcrste f\u00fcr irgendwen, ich m\u00f6chte, dass sich alle an die Regeln halten. Radfahrer, motorisierter Individualverkehr und auch Bef\u00f6rderungsunternehmen. Leider ist so ein Verhalten wie ich es heute erlebt habe, h\u00e4ufig zu beobachten. In der Fu\u00dfg\u00e4ngerzone wird Taxi gefahren &#8211; und damit meine ich nicht nur Kunden die nicht mehr gut zu Fu\u00df sind n\u00e4her an der Haust\u00fcr abzusetzen. Die Herforder Stra\u00dfe wird regelm\u00e4\u00dfig als Durchfahrtstra\u00dfe auch ohne Kunden genutzt, es wird sogar vor dem Citycenter zwischen den Betonabsperrungen durch die Lennestra\u00dfe abgek\u00fcrzt.<\/p>\n<p>Als ich letztlich einen Taxifahrer traf, der augenscheinlich ohne Kunden die Herforder Stra\u00dfe als Abk\u00fcrzung benutzte, wurde ich beleidigt und mir wurde gedroht.<\/p>\n<p>Gleichzeitig werden durch Pressever\u00f6ffentlichungen und Nachfragen im Rat Forderungen an Verwaltung und Politik gestellt, weil die Situation f\u00fcr Taxifahrer so schlecht ist. Was meinen Sie, wie ich angesichts des Erlebten bei solchen Forderungen reagieren sollte?<\/p>\n<p>Ich w\u00fcrde mich sehr freuen, wenn solche Situationen in Zukunft seltener werden bzw. gar nicht mehr stattfinden. Es funktioniert nur, wenn alle sich an die StVO halten.<\/p>\n<p>Mit freundlichen Gr\u00fc\u00dfen<\/p>\n<p>Andreas Edler<\/p>\n<p>[<a name=\"update\">Update<\/a>]<br \/>\nBereits am n\u00e4chsten Nachmittag erreichte mich die Antwort, in welcher mir mitgeteilt wurde, wer dort abgeholt wurde. Nur dass ich dort keine &#8222;alte, schwer behinderte Dame&#8220; einsteigen sehen habe. Au\u00dferdem habe man in der Vergangenheit versucht, auf der Fahrbahn oder der dortigen Einfahrt zu halten. Woran das dann gescheitert ist, wurde mir nicht mitgeteilt. Wohl aber, dass ich <em>&#8222;ohne Gefahr von Leib und Leben und ohne dauerhafte psychische Sp\u00e4tfolgen&#8220;<\/em> auf dem Gehweg an dem falsch parkenden Taxi vorbei fahren k\u00f6nne.<br \/>\n<figure id=\"attachment_163982\" aria-describedby=\"caption-attachment-163982\" style=\"width: 470px\" class=\"wp-caption aligncenter\"><a href=\"http:\/\/www.andreas-edler.de\/blog\/wp-content\/uploads\/2018\/08\/2018-08-06-16.13.36_.jpg\"><img loading=\"lazy\" decoding=\"async\" src=\"http:\/\/www.andreas-edler.de\/blog\/wp-content\/uploads\/2018\/08\/2018-08-06-16.13.36_-470x166.jpg\" alt=\"\" width=\"470\" height=\"166\" class=\"size-large wp-image-163982\" srcset=\"https:\/\/www.andreas-edler.de\/blog\/wp-content\/uploads\/2018\/08\/2018-08-06-16.13.36_-470x166.jpg 470w, https:\/\/www.andreas-edler.de\/blog\/wp-content\/uploads\/2018\/08\/2018-08-06-16.13.36_-250x89.jpg 250w, https:\/\/www.andreas-edler.de\/blog\/wp-content\/uploads\/2018\/08\/2018-08-06-16.13.36_-768x272.jpg 768w, https:\/\/www.andreas-edler.de\/blog\/wp-content\/uploads\/2018\/08\/2018-08-06-16.13.36_-100x35.jpg 100w, https:\/\/www.andreas-edler.de\/blog\/wp-content\/uploads\/2018\/08\/2018-08-06-16.13.36_-150x53.jpg 150w, https:\/\/www.andreas-edler.de\/blog\/wp-content\/uploads\/2018\/08\/2018-08-06-16.13.36_-200x71.jpg 200w, https:\/\/www.andreas-edler.de\/blog\/wp-content\/uploads\/2018\/08\/2018-08-06-16.13.36_-300x106.jpg 300w, https:\/\/www.andreas-edler.de\/blog\/wp-content\/uploads\/2018\/08\/2018-08-06-16.13.36_-450x159.jpg 450w, https:\/\/www.andreas-edler.de\/blog\/wp-content\/uploads\/2018\/08\/2018-08-06-16.13.36_-600x213.jpg 600w, https:\/\/www.andreas-edler.de\/blog\/wp-content\/uploads\/2018\/08\/2018-08-06-16.13.36_-900x319.jpg 900w, https:\/\/www.andreas-edler.de\/blog\/wp-content\/uploads\/2018\/08\/2018-08-06-16.13.36_.jpg 1279w\" sizes=\"auto, (max-width: 470px) 100vw, 470px\" \/><\/a><figcaption id=\"caption-attachment-163982\" class=\"wp-caption-text\">Taxi auf Radweg der Eidinghausener Stra\u00dfe<\/figcaption><\/figure><br \/>\nIch habe mich dann f\u00fcr die Antwort und die mitgelieferte Charakterstudie bedankt. Daraufhin erhielt ich noch eine Antwort, dass Taxiunternehmen regelm\u00e4\u00dfig mit Kranken und Behinderten zu tun h\u00e4tte, weiterhin mit Warnblinklicht im Halteverbot gestanden wird und das nichts mit Regeltreue, sondern Menschlichkeit zu tun hat. Weiterhin wurde ich gebeten, ihn doch bitte &#8222;<em>in Zukunft mit solchen Weltproblemen in Ruhe zu lassen<\/em>&#8222;.<\/p>\n<p>Tja, ich werde das f\u00fcr die Zukunft ber\u00fccksichtigen und wei\u00df, wie ich mich verhalten werde.<\/p>\n","protected":false},"excerpt":{"rendered":"<p>Sehr geehrte Damen und Herren, heute befuhr ich auf dem Weg aus dem B\u00fcro nach Hause den benutzungspflichtigen Radweg der Eidinghausener Stra\u00dfe in n\u00f6rdlicher Richtung. Bis ca. auf H\u00f6he der Jet-Tankstelle. Dort parkte eines ihrer Fahrzeuge auf dem Radweg, da &hellip;<\/p>\n<p class=\"read-more\"> <a class=\"more-link\" href=\"https:\/\/www.andreas-edler.de\/blog\/2018\/08\/taxen-auf-radwegen-und-fussgaengerzonen\/\"> <span class=\"screen-reader-text\">Taxen auf Radwegen und Fu\u00dfg\u00e4ngerzonen<\/span> Weiterlesen &raquo;<\/a><\/p>\n","protected":false},"author":1,"featured_media":0,"comment_status":"open","ping_status":"open","sticky":false,"template":"","format":"standard","meta":{"ngg_post_thumbnail":0,"activitypub_content_warning":"","activitypub_content_visibility":"","activitypub_max_image_attachments":2,"activitypub_interaction_policy_quote":"anyone","activitypub_status":"","footnotes":""},"categories":[14,15,45,13],"tags":[63,110,251,34,108,71,220],"class_list":["post-163979","post","type-post","status-publish","format-standard","hentry","category-bad-oeynhausen","category-fahrrad","category-politik","category-verkehr","tag-benehmen","tag-fahrradfreundliche-stadt","tag-infrastruktur","tag-kommunikation","tag-radwegparker","tag-regeln","tag-taxi"],"share_on_mastodon":{"url":"","error":""},"_links":{"self":[{"href":"https:\/\/www.andreas-edler.de\/blog\/wp-json\/wp\/v2\/posts\/163979","targetHints":{"allow":["GET"]}}],"collection":[{"href":"https:\/\/www.andreas-edler.de\/blog\/wp-json\/wp\/v2\/posts"}],"about":[{"href":"https:\/\/www.andreas-edler.de\/blog\/wp-json\/wp\/v2\/types\/post"}],"author":[{"embeddable":true,"href":"https:\/\/www.andreas-edler.de\/blog\/wp-json\/wp\/v2\/users\/1"}],"replies":[{"embeddable":true,"href":"https:\/\/www.andreas-edler.de\/blog\/wp-json\/wp\/v2\/comments?post=163979"}],"version-history":[{"count":0,"href":"https:\/\/www.andreas-edler.de\/blog\/wp-json\/wp\/v2\/posts\/163979\/revisions"}],"wp:attachment":[{"href":"https:\/\/www.andreas-edler.de\/blog\/wp-json\/wp\/v2\/media?parent=163979"}],"wp:term":[{"taxonomy":"category","embeddable":true,"href":"https:\/\/www.andreas-edler.de\/blog\/wp-json\/wp\/v2\/categories?post=163979"},{"taxonomy":"post_tag","embeddable":true,"href":"https:\/\/www.andreas-edler.de\/blog\/wp-json\/wp\/v2\/tags?post=163979"}],"curies":[{"name":"wp","href":"https:\/\/api.w.org\/{rel}","templated":true}]}}