{"id":163915,"date":"2018-07-28T15:42:49","date_gmt":"2018-07-28T13:42:49","guid":{"rendered":"http:\/\/www.andreas-edler.de\/blog\/?p=163915"},"modified":"2018-07-28T15:42:49","modified_gmt":"2018-07-28T13:42:49","slug":"radfahrerin-uebersehen-2","status":"publish","type":"post","link":"https:\/\/www.andreas-edler.de\/blog\/2018\/07\/radfahrerin-uebersehen-2\/","title":{"rendered":"Radfahrerin \u00fcbersehen"},"content":{"rendered":"<p>Nein, die Radfahrerin wurde nicht \u00fcbersehen. Liebe Poliezi, bitte h\u00f6rt mit den Verharmlosungen auf! Es wurde einfach nicht darauf geachtet! Wie kann man soetwas gro\u00dfes wie einen Menschen auf einem Fahrrad mit einem Kleinkind hinten drauf &#8222;\u00fcbersehen&#8220;, wenn man hinguckt von wo sie kommen? <cite><b><a href=\"https:\/\/www.presseportal.de\/blaulicht\/pm\/43553\/4013873\">Radfahrerin \u00fcbersehen<\/a><\/b><br \/>\n&#8230; Eine 34-j\u00e4hrige Radfahrerin sowie der im Kindersitz sitzende zweieinhalbj\u00e4hrige Sohn erlitten am Donnerstagmorgen bei einem Unfall leichte Verletzungen. Die Espelkamperin befuhr gegen 10 Uhr auf dem Fahrradweg der L\u00fcbbecker Stra\u00dfe in Richtung Beuthener Stra\u00dfe. Als sie die Geschwister-Scholl-Stra\u00dfe passieren wollte, wurde sie von einem Seat erfasst. Dessen Fahrerin (34) wollte auf die L\u00fcbbecker Stra\u00dfe auffahren und hatte die Radfahrerin \u00fcbersehen &#8230;<\/cite> <!--more--> Man muss sich das auch alles auf Google-Maps raussuchen, damit man aus den Ortsangaben der Polizei rekonstruieren kann, was sie nicht schreiben. Die Radfahrerin war offensichtlich auf der rechten Stra\u00dfenseite auf dem Radweg unterwegs, also alles richtig gemacht. Die Autofahrerin hat somit die Vorfahrt missachtet und die Radfahrerin mit dem Kleinkind gerammt. Wenigstens schreibt die Polizei, dass sie erfasst wurde, aber achtet auf die Wortwahl! Es war der Seat selbst, nicht dessen Fahrerin. Die hat damit nichts zu tun. In den vorhergehenden Blogposts hat die Sonne den Fahrer geblendet (er konnte nichts dazu!) oder &#8222;es kam zur Kollision&#8220; (unvermeidlich). Wenn tats\u00e4chlich mal &#8222;erfasst wurde&#8220;, dann bitte so, dass es das Auto war und nicht dessen Fahrer\/in.<\/p>\n<p>Das mag sich alles sehr kleinkariert anh\u00f6ren und mir wurde auch schon von vielen Leuten geschrieben, dass das Quatsch ist und viel zu viel reininterpretiert wird. Aber was w\u00e4re denn dann schlimm daran deutlich zu schreiben, dass die Vorfahrt missachtet wurde? Und dass es nicht zu einer Kollision kam, sondern aktiv gerammt wurde? Asteroiden kollidieren &#8230; <\/p>\n","protected":false},"excerpt":{"rendered":"<p>Nein, die Radfahrerin wurde nicht \u00fcbersehen. Liebe Poliezi, bitte h\u00f6rt mit den Verharmlosungen auf! Es wurde einfach nicht darauf geachtet! Wie kann man soetwas gro\u00dfes wie einen Menschen auf einem Fahrrad mit einem Kleinkind hinten drauf &#8222;\u00fcbersehen&#8220;, wenn man hinguckt &hellip;<\/p>\n<p class=\"read-more\"> <a class=\"more-link\" href=\"https:\/\/www.andreas-edler.de\/blog\/2018\/07\/radfahrerin-uebersehen-2\/\"> <span class=\"screen-reader-text\">Radfahrerin \u00fcbersehen<\/span> Weiterlesen &raquo;<\/a><\/p>\n","protected":false},"author":1,"featured_media":0,"comment_status":"open","ping_status":"open","sticky":false,"template":"","format":"standard","meta":{"ngg_post_thumbnail":0,"activitypub_content_warning":"","activitypub_content_visibility":"","activitypub_max_image_attachments":2,"activitypub_interaction_policy_quote":"anyone","activitypub_status":"","footnotes":""},"categories":[15,13],"tags":[63,34,127,59,71],"class_list":["post-163915","post","type-post","status-publish","format-standard","hentry","category-fahrrad","category-verkehr","tag-benehmen","tag-kommunikation","tag-polizei","tag-presse","tag-regeln"],"share_on_mastodon":{"url":"","error":""},"_links":{"self":[{"href":"https:\/\/www.andreas-edler.de\/blog\/wp-json\/wp\/v2\/posts\/163915","targetHints":{"allow":["GET"]}}],"collection":[{"href":"https:\/\/www.andreas-edler.de\/blog\/wp-json\/wp\/v2\/posts"}],"about":[{"href":"https:\/\/www.andreas-edler.de\/blog\/wp-json\/wp\/v2\/types\/post"}],"author":[{"embeddable":true,"href":"https:\/\/www.andreas-edler.de\/blog\/wp-json\/wp\/v2\/users\/1"}],"replies":[{"embeddable":true,"href":"https:\/\/www.andreas-edler.de\/blog\/wp-json\/wp\/v2\/comments?post=163915"}],"version-history":[{"count":0,"href":"https:\/\/www.andreas-edler.de\/blog\/wp-json\/wp\/v2\/posts\/163915\/revisions"}],"wp:attachment":[{"href":"https:\/\/www.andreas-edler.de\/blog\/wp-json\/wp\/v2\/media?parent=163915"}],"wp:term":[{"taxonomy":"category","embeddable":true,"href":"https:\/\/www.andreas-edler.de\/blog\/wp-json\/wp\/v2\/categories?post=163915"},{"taxonomy":"post_tag","embeddable":true,"href":"https:\/\/www.andreas-edler.de\/blog\/wp-json\/wp\/v2\/tags?post=163915"}],"curies":[{"name":"wp","href":"https:\/\/api.w.org\/{rel}","templated":true}]}}