{"id":163823,"date":"2018-07-15T16:16:37","date_gmt":"2018-07-15T14:16:37","guid":{"rendered":"http:\/\/www.andreas-edler.de\/blog\/?p=163823"},"modified":"2018-07-15T16:16:37","modified_gmt":"2018-07-15T14:16:37","slug":"19-monate-nach-der-zweiten-achillessehnen-op","status":"publish","type":"post","link":"https:\/\/www.andreas-edler.de\/blog\/2018\/07\/19-monate-nach-der-zweiten-achillessehnen-op\/","title":{"rendered":"19 Monate nach der zweiten Achillessehnen-OP"},"content":{"rendered":"<p>Tja, t\u00e4glich Schmerzen habe ich nicht mehr in der Sehne. Insofern war die <a href=\"http:\/\/www.andreas-edler.de\/blog\/2016\/11\/operation-beendet\/\">Operation Ende 2016<\/a> ein Erfolg. So richtig ohne Einschr\u00e4nkungen kann ich mich aber leider doch nicht bewegen. Freitagabend beim Spazieren \u00fcber die Innenstadtfete habe ich nach 5 Stunden doch ziemlich gemerkt, dass da was ist und war heilfroh mich setzen zu k\u00f6nnen. Die weiteste Wanderung nach der OP war knapp 13 Kilometer und das tat zum Schluss ein wenig weh. <!--more--><br \/>\n<figure id=\"attachment_163825\" aria-describedby=\"caption-attachment-163825\" style=\"width: 470px\" class=\"wp-caption aligncenter\"><a href=\"http:\/\/www.andreas-edler.de\/blog\/wp-content\/uploads\/2018\/07\/20180715_linke_wade.jpg\"><img loading=\"lazy\" decoding=\"async\" src=\"http:\/\/www.andreas-edler.de\/blog\/wp-content\/uploads\/2018\/07\/20180715_linke_wade-470x195.jpg\" alt=\"\" width=\"470\" height=\"195\" class=\"size-large wp-image-163825\" srcset=\"https:\/\/www.andreas-edler.de\/blog\/wp-content\/uploads\/2018\/07\/20180715_linke_wade-470x195.jpg 470w, https:\/\/www.andreas-edler.de\/blog\/wp-content\/uploads\/2018\/07\/20180715_linke_wade-250x104.jpg 250w, https:\/\/www.andreas-edler.de\/blog\/wp-content\/uploads\/2018\/07\/20180715_linke_wade-768x319.jpg 768w, https:\/\/www.andreas-edler.de\/blog\/wp-content\/uploads\/2018\/07\/20180715_linke_wade-100x41.jpg 100w, https:\/\/www.andreas-edler.de\/blog\/wp-content\/uploads\/2018\/07\/20180715_linke_wade-150x62.jpg 150w, https:\/\/www.andreas-edler.de\/blog\/wp-content\/uploads\/2018\/07\/20180715_linke_wade-200x83.jpg 200w, https:\/\/www.andreas-edler.de\/blog\/wp-content\/uploads\/2018\/07\/20180715_linke_wade-300x124.jpg 300w, https:\/\/www.andreas-edler.de\/blog\/wp-content\/uploads\/2018\/07\/20180715_linke_wade-450x187.jpg 450w, https:\/\/www.andreas-edler.de\/blog\/wp-content\/uploads\/2018\/07\/20180715_linke_wade-600x249.jpg 600w, https:\/\/www.andreas-edler.de\/blog\/wp-content\/uploads\/2018\/07\/20180715_linke_wade-900x373.jpg 900w, https:\/\/www.andreas-edler.de\/blog\/wp-content\/uploads\/2018\/07\/20180715_linke_wade.jpg 1280w\" sizes=\"auto, (max-width: 470px) 100vw, 470px\" \/><\/a><figcaption id=\"caption-attachment-163825\" class=\"wp-caption-text\">Linke Wade<\/figcaption><\/figure><br \/>\nAuf der Fahrt hoch zur Nordsee hatte ich zum Schluss fiese Schmerzen im rechten Knie, weil ich links kaum trete. Warum kann man am Bild sch\u00f6n erkennen. Da ist fast nichts mehr :-) So ganz stimmt das nicht, ich kann schon auch im Stehen fahren, aber das zieht ziemlich in der Sehne und ich will es echt nicht darauf anlegen.<br \/>\n<figure id=\"attachment_163824\" aria-describedby=\"caption-attachment-163824\" style=\"width: 470px\" class=\"wp-caption aligncenter\"><a href=\"http:\/\/www.andreas-edler.de\/blog\/wp-content\/uploads\/2018\/07\/20180715_rechte_wade.jpg\"><img loading=\"lazy\" decoding=\"async\" src=\"http:\/\/www.andreas-edler.de\/blog\/wp-content\/uploads\/2018\/07\/20180715_rechte_wade-470x207.jpg\" alt=\"\" width=\"470\" height=\"207\" class=\"size-large wp-image-163824\" srcset=\"https:\/\/www.andreas-edler.de\/blog\/wp-content\/uploads\/2018\/07\/20180715_rechte_wade-470x207.jpg 470w, https:\/\/www.andreas-edler.de\/blog\/wp-content\/uploads\/2018\/07\/20180715_rechte_wade-250x110.jpg 250w, https:\/\/www.andreas-edler.de\/blog\/wp-content\/uploads\/2018\/07\/20180715_rechte_wade-768x338.jpg 768w, https:\/\/www.andreas-edler.de\/blog\/wp-content\/uploads\/2018\/07\/20180715_rechte_wade-100x44.jpg 100w, https:\/\/www.andreas-edler.de\/blog\/wp-content\/uploads\/2018\/07\/20180715_rechte_wade-150x66.jpg 150w, https:\/\/www.andreas-edler.de\/blog\/wp-content\/uploads\/2018\/07\/20180715_rechte_wade-200x88.jpg 200w, https:\/\/www.andreas-edler.de\/blog\/wp-content\/uploads\/2018\/07\/20180715_rechte_wade-300x132.jpg 300w, https:\/\/www.andreas-edler.de\/blog\/wp-content\/uploads\/2018\/07\/20180715_rechte_wade-450x198.jpg 450w, https:\/\/www.andreas-edler.de\/blog\/wp-content\/uploads\/2018\/07\/20180715_rechte_wade-600x264.jpg 600w, https:\/\/www.andreas-edler.de\/blog\/wp-content\/uploads\/2018\/07\/20180715_rechte_wade-900x396.jpg 900w, https:\/\/www.andreas-edler.de\/blog\/wp-content\/uploads\/2018\/07\/20180715_rechte_wade.jpg 1280w\" sizes=\"auto, (max-width: 470px) 100vw, 470px\" \/><\/a><figcaption id=\"caption-attachment-163824\" class=\"wp-caption-text\">Rechte Wade<\/figcaption><\/figure><br \/>\nIch kann&#8217;s nicht \u00e4ndern, ist nunmal so. Ich wei\u00df, dass es Menschen mit deutlich gr\u00f6\u00dferen Einschr\u00e4nkungen gibt, da ist das fast gar nichts. Trotzdem ist es bei jedem Schritt ein bl\u00f6des Gef\u00fchl. <\/p>\n","protected":false},"excerpt":{"rendered":"<p>Tja, t\u00e4glich Schmerzen habe ich nicht mehr in der Sehne. Insofern war die Operation Ende 2016 ein Erfolg. So richtig ohne Einschr\u00e4nkungen kann ich mich aber leider doch nicht bewegen. Freitagabend beim Spazieren \u00fcber die Innenstadtfete habe ich nach 5 &hellip;<\/p>\n<p class=\"read-more\"> <a class=\"more-link\" href=\"https:\/\/www.andreas-edler.de\/blog\/2018\/07\/19-monate-nach-der-zweiten-achillessehnen-op\/\"> <span class=\"screen-reader-text\">19 Monate nach der zweiten Achillessehnen-OP<\/span> Weiterlesen &raquo;<\/a><\/p>\n","protected":false},"author":1,"featured_media":0,"comment_status":"open","ping_status":"open","sticky":false,"template":"","format":"standard","meta":{"ngg_post_thumbnail":0,"activitypub_content_warning":"","activitypub_content_visibility":"","activitypub_max_image_attachments":2,"activitypub_interaction_policy_quote":"anyone","activitypub_status":"","footnotes":""},"categories":[1],"tags":[151,7,44],"class_list":["post-163823","post","type-post","status-publish","format-standard","hentry","category-allgemein","tag-achillessehne","tag-gesundheit","tag-laufen"],"share_on_mastodon":{"url":"","error":""},"_links":{"self":[{"href":"https:\/\/www.andreas-edler.de\/blog\/wp-json\/wp\/v2\/posts\/163823","targetHints":{"allow":["GET"]}}],"collection":[{"href":"https:\/\/www.andreas-edler.de\/blog\/wp-json\/wp\/v2\/posts"}],"about":[{"href":"https:\/\/www.andreas-edler.de\/blog\/wp-json\/wp\/v2\/types\/post"}],"author":[{"embeddable":true,"href":"https:\/\/www.andreas-edler.de\/blog\/wp-json\/wp\/v2\/users\/1"}],"replies":[{"embeddable":true,"href":"https:\/\/www.andreas-edler.de\/blog\/wp-json\/wp\/v2\/comments?post=163823"}],"version-history":[{"count":0,"href":"https:\/\/www.andreas-edler.de\/blog\/wp-json\/wp\/v2\/posts\/163823\/revisions"}],"wp:attachment":[{"href":"https:\/\/www.andreas-edler.de\/blog\/wp-json\/wp\/v2\/media?parent=163823"}],"wp:term":[{"taxonomy":"category","embeddable":true,"href":"https:\/\/www.andreas-edler.de\/blog\/wp-json\/wp\/v2\/categories?post=163823"},{"taxonomy":"post_tag","embeddable":true,"href":"https:\/\/www.andreas-edler.de\/blog\/wp-json\/wp\/v2\/tags?post=163823"}],"curies":[{"name":"wp","href":"https:\/\/api.w.org\/{rel}","templated":true}]}}