{"id":163776,"date":"2018-07-06T23:41:31","date_gmt":"2018-07-06T21:41:31","guid":{"rendered":"http:\/\/www.andreas-edler.de\/blog\/?p=163776"},"modified":"2018-07-07T10:14:18","modified_gmt":"2018-07-07T08:14:18","slug":"freitagsrunde-mit-ausrastendem-audi-fahrer","status":"publish","type":"post","link":"https:\/\/www.andreas-edler.de\/blog\/2018\/07\/freitagsrunde-mit-ausrastendem-audi-fahrer\/","title":{"rendered":"Freitagsrunde mit ausrastendem Audi-Fahrer"},"content":{"rendered":"<p><figure id=\"attachment_163777\" aria-describedby=\"caption-attachment-163777\" style=\"width: 250px\" class=\"wp-caption alignright\"><a href=\"http:\/\/www.andreas-edler.de\/blog\/wp-content\/uploads\/2018\/07\/20180706_fruehstueck.jpg\"><img loading=\"lazy\" decoding=\"async\" src=\"http:\/\/www.andreas-edler.de\/blog\/wp-content\/uploads\/2018\/07\/20180706_fruehstueck-250x146.jpg\" alt=\"\" width=\"250\" height=\"146\" class=\"size-medium wp-image-163777\" srcset=\"https:\/\/www.andreas-edler.de\/blog\/wp-content\/uploads\/2018\/07\/20180706_fruehstueck-250x146.jpg 250w, https:\/\/www.andreas-edler.de\/blog\/wp-content\/uploads\/2018\/07\/20180706_fruehstueck-768x448.jpg 768w, https:\/\/www.andreas-edler.de\/blog\/wp-content\/uploads\/2018\/07\/20180706_fruehstueck-470x274.jpg 470w, https:\/\/www.andreas-edler.de\/blog\/wp-content\/uploads\/2018\/07\/20180706_fruehstueck-100x58.jpg 100w, https:\/\/www.andreas-edler.de\/blog\/wp-content\/uploads\/2018\/07\/20180706_fruehstueck-150x87.jpg 150w, https:\/\/www.andreas-edler.de\/blog\/wp-content\/uploads\/2018\/07\/20180706_fruehstueck-200x117.jpg 200w, https:\/\/www.andreas-edler.de\/blog\/wp-content\/uploads\/2018\/07\/20180706_fruehstueck-300x175.jpg 300w, https:\/\/www.andreas-edler.de\/blog\/wp-content\/uploads\/2018\/07\/20180706_fruehstueck-450x262.jpg 450w, https:\/\/www.andreas-edler.de\/blog\/wp-content\/uploads\/2018\/07\/20180706_fruehstueck-600x350.jpg 600w, https:\/\/www.andreas-edler.de\/blog\/wp-content\/uploads\/2018\/07\/20180706_fruehstueck-900x525.jpg 900w, https:\/\/www.andreas-edler.de\/blog\/wp-content\/uploads\/2018\/07\/20180706_fruehstueck.jpg 1280w\" sizes=\"auto, (max-width: 250px) 100vw, 250px\" \/><\/a><figcaption id=\"caption-attachment-163777\" class=\"wp-caption-text\">Fr\u00fchst\u00fcck am Ph\u00f6nixsee<\/figcaption><\/figure> Heute bin ich weit rum gekommen. Bin zur H\u00f6rder Burg in Dortmund gefahren, um mir dort ein wenig was erz\u00e4hlen zu lassen. Die Tour war insgesamt sehr angenemhm! Morgens kein Stau auf der Autobahn und problemlos durchgekommen, so dass ich sogar noch Zeit hatte, um am Ph\u00f6nixsee eine Tasse Kaffee zu trinken und ein leckeres Br\u00f6tchen zu essen. Vom Seminar hatte ich mir wenig versprochen und dann ganz viele kleine Drehschrauben kennengelernt, mit denen ich sehr gut etwas anfangen kann. Und die R\u00fcckfahrt klappte dank der Stauumfahrung des Amundsen im Yeti ebenfalls v\u00f6llig stressfrei. <!--more--><\/p>\n<p>Zu Hause musste ich mich dann aber doch noch mal bewegen. Die Frau war mit beiden Spr\u00f6sslingen in M\u00fcnster, da habe ich mir schnelle die Radklamotten angezogen und bin vor dem 20-Uhr-WM-Spiel noch einmal los. Rauf zur Lohe und wieder zur\u00fcck. <figure id=\"attachment_163779\" aria-describedby=\"caption-attachment-163779\" style=\"width: 1280px\" class=\"wp-caption aligncenter\"><a href=\"http:\/\/www.andreas-edler.de\/blog\/wp-content\/uploads\/2018\/07\/20180706_windrad_lohe.jpg\"><img loading=\"lazy\" decoding=\"async\" src=\"http:\/\/www.andreas-edler.de\/blog\/wp-content\/uploads\/2018\/07\/20180706_windrad_lohe.jpg\" alt=\"\" width=\"1280\" height=\"546\" class=\"size-full wp-image-163779\" srcset=\"https:\/\/www.andreas-edler.de\/blog\/wp-content\/uploads\/2018\/07\/20180706_windrad_lohe.jpg 1280w, https:\/\/www.andreas-edler.de\/blog\/wp-content\/uploads\/2018\/07\/20180706_windrad_lohe-250x107.jpg 250w, https:\/\/www.andreas-edler.de\/blog\/wp-content\/uploads\/2018\/07\/20180706_windrad_lohe-768x328.jpg 768w, https:\/\/www.andreas-edler.de\/blog\/wp-content\/uploads\/2018\/07\/20180706_windrad_lohe-470x200.jpg 470w, https:\/\/www.andreas-edler.de\/blog\/wp-content\/uploads\/2018\/07\/20180706_windrad_lohe-100x43.jpg 100w, https:\/\/www.andreas-edler.de\/blog\/wp-content\/uploads\/2018\/07\/20180706_windrad_lohe-150x64.jpg 150w, https:\/\/www.andreas-edler.de\/blog\/wp-content\/uploads\/2018\/07\/20180706_windrad_lohe-200x85.jpg 200w, https:\/\/www.andreas-edler.de\/blog\/wp-content\/uploads\/2018\/07\/20180706_windrad_lohe-300x128.jpg 300w, https:\/\/www.andreas-edler.de\/blog\/wp-content\/uploads\/2018\/07\/20180706_windrad_lohe-450x192.jpg 450w, https:\/\/www.andreas-edler.de\/blog\/wp-content\/uploads\/2018\/07\/20180706_windrad_lohe-600x256.jpg 600w, https:\/\/www.andreas-edler.de\/blog\/wp-content\/uploads\/2018\/07\/20180706_windrad_lohe-900x384.jpg 900w\" sizes=\"auto, (max-width: 1280px) 100vw, 1280px\" \/><\/a><figcaption id=\"caption-attachment-163779\" class=\"wp-caption-text\">Windrad oben auf der Lohe<\/figcaption><\/figure> Sehr angenehmes Wetter, aber die Autofahrer scheinen mit der Sonne auf dem Dach nicht zurecht zu kommen. Besonders der Klischeeaudifahrer aus Kassel nicht, welcher mit mit seinem wei\u00dfen A6 Avant nach den Serpentinen der Detmolder Stra\u00dfe direkt in der Fu\u00dfg\u00e4ngerquerung \u00fcberholte und ich nur mit etwas Gl\u00fcck nicht gest\u00fcrzt bin. Mein Schreien animierte ihn, die Fahrbahn zu blockieren, um mich zum Anhalten zu zwingen. Dazu hatte ich aber keine Lust und wollte vorschriftsm\u00e4\u00dfig links an ihm vorbei, wobei er dann wieder Gas gab und mir zurief, ich m\u00fcsse halt weiter rechts fahren. Habe ihm dann hinterhergeschrien und gestikuliert, woraufhin er in eine Parkbucht raste und seinen Wagen scheppernd stoppte, die T\u00fcr vor mir aufriss und auf die Stra\u00dfe sprang. Allerdings zu langsam, sowohl der T\u00fcr, als auch ihm konnte ich ausweichen. Einige Autofahrende hinter mir haben das wohl mitbekommen und haben in der Folge alle mit ausreichendem Abstand \u00fcberholt. Nur der Audifahrer ist noch mal extra dicht vorbeigefahren und h\u00e4tte mich fast gerammt. Ich muss mir echt meine Kamera ans Rad schrauben. Ohne sind alle Aktivit\u00e4ten im Nachgang zum Scheitern verurteilt :-\/ <figure id=\"attachment_163780\" aria-describedby=\"caption-attachment-163780\" style=\"width: 1280px\" class=\"wp-caption aligncenter\"><a href=\"http:\/\/www.andreas-edler.de\/blog\/wp-content\/uploads\/2018\/07\/20180607_stau_a2.jpg\"><img loading=\"lazy\" decoding=\"async\" src=\"http:\/\/www.andreas-edler.de\/blog\/wp-content\/uploads\/2018\/07\/20180607_stau_a2.jpg\" alt=\"\" width=\"1280\" height=\"546\" class=\"size-full wp-image-163780\" srcset=\"https:\/\/www.andreas-edler.de\/blog\/wp-content\/uploads\/2018\/07\/20180607_stau_a2.jpg 1280w, https:\/\/www.andreas-edler.de\/blog\/wp-content\/uploads\/2018\/07\/20180607_stau_a2-250x107.jpg 250w, https:\/\/www.andreas-edler.de\/blog\/wp-content\/uploads\/2018\/07\/20180607_stau_a2-768x328.jpg 768w, https:\/\/www.andreas-edler.de\/blog\/wp-content\/uploads\/2018\/07\/20180607_stau_a2-470x200.jpg 470w, https:\/\/www.andreas-edler.de\/blog\/wp-content\/uploads\/2018\/07\/20180607_stau_a2-100x43.jpg 100w, https:\/\/www.andreas-edler.de\/blog\/wp-content\/uploads\/2018\/07\/20180607_stau_a2-150x64.jpg 150w, https:\/\/www.andreas-edler.de\/blog\/wp-content\/uploads\/2018\/07\/20180607_stau_a2-200x85.jpg 200w, https:\/\/www.andreas-edler.de\/blog\/wp-content\/uploads\/2018\/07\/20180607_stau_a2-300x128.jpg 300w, https:\/\/www.andreas-edler.de\/blog\/wp-content\/uploads\/2018\/07\/20180607_stau_a2-450x192.jpg 450w, https:\/\/www.andreas-edler.de\/blog\/wp-content\/uploads\/2018\/07\/20180607_stau_a2-600x256.jpg 600w, https:\/\/www.andreas-edler.de\/blog\/wp-content\/uploads\/2018\/07\/20180607_stau_a2-900x384.jpg 900w\" sizes=\"auto, (max-width: 1280px) 100vw, 1280px\" \/><\/a><figcaption id=\"caption-attachment-163780\" class=\"wp-caption-text\">Stau auf der A2<\/figcaption><\/figure> Da er ja wahrscheinlich noch nach Kassel wollte, w\u00fcnsche ich dem Mann noch viele solcher sch\u00f6nen Staus auf der Autobahn bei sengender Hitze. Doofmann!<\/p>\n<p>Der Rest der Radrunde war aber sehr entspannt. <\/p>\n","protected":false},"excerpt":{"rendered":"<p>Heute bin ich weit rum gekommen. Bin zur H\u00f6rder Burg in Dortmund gefahren, um mir dort ein wenig was erz\u00e4hlen zu lassen. Die Tour war insgesamt sehr angenemhm! Morgens kein Stau auf der Autobahn und problemlos durchgekommen, so dass ich &hellip;<\/p>\n<p class=\"read-more\"> <a class=\"more-link\" href=\"https:\/\/www.andreas-edler.de\/blog\/2018\/07\/freitagsrunde-mit-ausrastendem-audi-fahrer\/\"> <span class=\"screen-reader-text\">Freitagsrunde mit ausrastendem Audi-Fahrer<\/span> Weiterlesen &raquo;<\/a><\/p>\n","protected":false},"author":1,"featured_media":0,"comment_status":"open","ping_status":"open","sticky":false,"template":"","format":"standard","meta":{"ngg_post_thumbnail":0,"activitypub_content_warning":"","activitypub_content_visibility":"","activitypub_max_image_attachments":2,"activitypub_interaction_policy_quote":"anyone","activitypub_status":"","footnotes":""},"categories":[15,13],"tags":[37,63,110,71,76],"class_list":["post-163776","post","type-post","status-publish","format-standard","hentry","category-fahrrad","category-verkehr","tag-auto","tag-benehmen","tag-fahrradfreundliche-stadt","tag-regeln","tag-sicherheit"],"share_on_mastodon":{"url":"","error":""},"_links":{"self":[{"href":"https:\/\/www.andreas-edler.de\/blog\/wp-json\/wp\/v2\/posts\/163776","targetHints":{"allow":["GET"]}}],"collection":[{"href":"https:\/\/www.andreas-edler.de\/blog\/wp-json\/wp\/v2\/posts"}],"about":[{"href":"https:\/\/www.andreas-edler.de\/blog\/wp-json\/wp\/v2\/types\/post"}],"author":[{"embeddable":true,"href":"https:\/\/www.andreas-edler.de\/blog\/wp-json\/wp\/v2\/users\/1"}],"replies":[{"embeddable":true,"href":"https:\/\/www.andreas-edler.de\/blog\/wp-json\/wp\/v2\/comments?post=163776"}],"version-history":[{"count":0,"href":"https:\/\/www.andreas-edler.de\/blog\/wp-json\/wp\/v2\/posts\/163776\/revisions"}],"wp:attachment":[{"href":"https:\/\/www.andreas-edler.de\/blog\/wp-json\/wp\/v2\/media?parent=163776"}],"wp:term":[{"taxonomy":"category","embeddable":true,"href":"https:\/\/www.andreas-edler.de\/blog\/wp-json\/wp\/v2\/categories?post=163776"},{"taxonomy":"post_tag","embeddable":true,"href":"https:\/\/www.andreas-edler.de\/blog\/wp-json\/wp\/v2\/tags?post=163776"}],"curies":[{"name":"wp","href":"https:\/\/api.w.org\/{rel}","templated":true}]}}