{"id":163687,"date":"2018-06-24T15:41:47","date_gmt":"2018-06-24T13:41:47","guid":{"rendered":"http:\/\/www.andreas-edler.de\/blog\/?p=163687"},"modified":"2024-08-18T13:27:56","modified_gmt":"2024-08-18T11:27:56","slug":"eriba-touring-troll-530-oder-doch-nicht","status":"publish","type":"post","link":"https:\/\/www.andreas-edler.de\/blog\/2018\/06\/eriba-touring-troll-530-oder-doch-nicht\/","title":{"rendered":"Eriba Touring Troll 530 &#8211; oder doch nicht?"},"content":{"rendered":"<p><figure id=\"attachment_163688\" aria-describedby=\"caption-attachment-163688\" style=\"width: 250px\" class=\"wp-caption alignright\"><a href=\"http:\/\/www.andreas-edler.de\/blog\/wp-content\/uploads\/2018\/06\/20180624_kuehlungsborn_2012.jpg\"><img loading=\"lazy\" decoding=\"async\" src=\"http:\/\/www.andreas-edler.de\/blog\/wp-content\/uploads\/2018\/06\/20180624_kuehlungsborn_2012-250x147.jpg\" alt=\"\" width=\"250\" height=\"147\" class=\"size-medium wp-image-163688\" srcset=\"https:\/\/www.andreas-edler.de\/blog\/wp-content\/uploads\/2018\/06\/20180624_kuehlungsborn_2012-250x147.jpg 250w, https:\/\/www.andreas-edler.de\/blog\/wp-content\/uploads\/2018\/06\/20180624_kuehlungsborn_2012-768x451.jpg 768w, https:\/\/www.andreas-edler.de\/blog\/wp-content\/uploads\/2018\/06\/20180624_kuehlungsborn_2012-470x276.jpg 470w, https:\/\/www.andreas-edler.de\/blog\/wp-content\/uploads\/2018\/06\/20180624_kuehlungsborn_2012-100x59.jpg 100w, https:\/\/www.andreas-edler.de\/blog\/wp-content\/uploads\/2018\/06\/20180624_kuehlungsborn_2012-150x88.jpg 150w, https:\/\/www.andreas-edler.de\/blog\/wp-content\/uploads\/2018\/06\/20180624_kuehlungsborn_2012-200x117.jpg 200w, https:\/\/www.andreas-edler.de\/blog\/wp-content\/uploads\/2018\/06\/20180624_kuehlungsborn_2012-300x176.jpg 300w, https:\/\/www.andreas-edler.de\/blog\/wp-content\/uploads\/2018\/06\/20180624_kuehlungsborn_2012-450x264.jpg 450w, https:\/\/www.andreas-edler.de\/blog\/wp-content\/uploads\/2018\/06\/20180624_kuehlungsborn_2012-600x352.jpg 600w, https:\/\/www.andreas-edler.de\/blog\/wp-content\/uploads\/2018\/06\/20180624_kuehlungsborn_2012-900x528.jpg 900w, https:\/\/www.andreas-edler.de\/blog\/wp-content\/uploads\/2018\/06\/20180624_kuehlungsborn_2012.jpg 1280w\" sizes=\"auto, (max-width: 250px) 100vw, 250px\" \/><\/a><figcaption id=\"caption-attachment-163688\" class=\"wp-caption-text\">K\u00fchlungsborn 2012<\/figcaption><\/figure> Wir haben seit 22 Jahren einen Eriba Nova 545 in der Familie. Meine Eltern haben sich den Wagen 1996 gekauft und ich habe ihn kurz vor Papas Tod auf dessen Wunsch noch auf mich umgemeldet. Er wollte das damals alles vorher erledigt haben. Schon ein paar Jahre vorher sind wir mit dem Wagen in den Urlaub gefahren. Alleine nach Kroatien, aber auch im Wechsel an die Ostseek\u00fcste. <!--more--><\/p>\n<p>Der Nova darf vollbeladen 1.500 Kg wiegen und der Volvo durfte 1.400 Kg ziehen. Wir haben den Anh\u00e4nger nie \u00fcberladen, aber so richtig super war das trotzdem nie. Der Yeti durfte dann mehr anh\u00e4ngen und auch 100 Km\/h waren kein Problem. Aber sieben Meter ist schon recht gro\u00df. Ich fand und finde die Touring Modelle von Eriba schon immer sehr sch\u00f6n. Und die sind auch deutlich kleiner und leichter.<\/p>\n<p><figure id=\"attachment_163690\" aria-describedby=\"caption-attachment-163690\" style=\"width: 250px\" class=\"wp-caption alignright\"><a href=\"http:\/\/www.andreas-edler.de\/blog\/wp-content\/uploads\/2018\/06\/20180624_sitzecke_troll_535.jpg\"><img loading=\"lazy\" decoding=\"async\" src=\"http:\/\/www.andreas-edler.de\/blog\/wp-content\/uploads\/2018\/06\/20180624_sitzecke_troll_535-250x163.jpg\" alt=\"\" width=\"250\" height=\"163\" class=\"size-medium wp-image-163690\" srcset=\"https:\/\/www.andreas-edler.de\/blog\/wp-content\/uploads\/2018\/06\/20180624_sitzecke_troll_535-250x163.jpg 250w, https:\/\/www.andreas-edler.de\/blog\/wp-content\/uploads\/2018\/06\/20180624_sitzecke_troll_535-768x499.jpg 768w, https:\/\/www.andreas-edler.de\/blog\/wp-content\/uploads\/2018\/06\/20180624_sitzecke_troll_535-470x306.jpg 470w, https:\/\/www.andreas-edler.de\/blog\/wp-content\/uploads\/2018\/06\/20180624_sitzecke_troll_535-100x65.jpg 100w, https:\/\/www.andreas-edler.de\/blog\/wp-content\/uploads\/2018\/06\/20180624_sitzecke_troll_535-150x98.jpg 150w, https:\/\/www.andreas-edler.de\/blog\/wp-content\/uploads\/2018\/06\/20180624_sitzecke_troll_535-200x130.jpg 200w, https:\/\/www.andreas-edler.de\/blog\/wp-content\/uploads\/2018\/06\/20180624_sitzecke_troll_535-300x195.jpg 300w, https:\/\/www.andreas-edler.de\/blog\/wp-content\/uploads\/2018\/06\/20180624_sitzecke_troll_535-450x293.jpg 450w, https:\/\/www.andreas-edler.de\/blog\/wp-content\/uploads\/2018\/06\/20180624_sitzecke_troll_535-600x390.jpg 600w, https:\/\/www.andreas-edler.de\/blog\/wp-content\/uploads\/2018\/06\/20180624_sitzecke_troll_535-900x585.jpg 900w, https:\/\/www.andreas-edler.de\/blog\/wp-content\/uploads\/2018\/06\/20180624_sitzecke_troll_535.jpg 1280w\" sizes=\"auto, (max-width: 250px) 100vw, 250px\" \/><\/a><figcaption id=\"caption-attachment-163690\" class=\"wp-caption-text\">Alex in Sitzecke vom Troll 535 mit Lederausstattung von Palmowski<\/figcaption><\/figure> Seit ein paar Wochen gucke ich nun schon etwas intensiver im Netz nach kleineren Caravans und bleibe immer wieder beim Eriba Toring Troll 530 h\u00e4ngen.<\/p>\n<p>Der 542 ist auch sch\u00f6n, hat aber den kleineren Kleiderschrank und anscheinend auch eine kleinere Sitzecke und der 550 hat zwar eine super Sitzecke in L\u00e4ngsrichtung, dadurch verliert man aber das Gem\u00fctliche bei der schr\u00e4gen Front und der Sitzecke im Bug.<\/p>\n<p><figure id=\"attachment_163698\" aria-describedby=\"caption-attachment-163698\" style=\"width: 250px\" class=\"wp-caption alignright\"><a href=\"http:\/\/www.andreas-edler.de\/blog\/wp-content\/uploads\/2018\/06\/20180624_troll_535.jpg\"><img loading=\"lazy\" decoding=\"async\" src=\"http:\/\/www.andreas-edler.de\/blog\/wp-content\/uploads\/2018\/06\/20180624_troll_535-250x188.jpg\" alt=\"\" width=\"250\" height=\"188\" class=\"size-medium wp-image-163698\" srcset=\"https:\/\/www.andreas-edler.de\/blog\/wp-content\/uploads\/2018\/06\/20180624_troll_535-250x188.jpg 250w, https:\/\/www.andreas-edler.de\/blog\/wp-content\/uploads\/2018\/06\/20180624_troll_535-768x576.jpg 768w, https:\/\/www.andreas-edler.de\/blog\/wp-content\/uploads\/2018\/06\/20180624_troll_535-470x353.jpg 470w, https:\/\/www.andreas-edler.de\/blog\/wp-content\/uploads\/2018\/06\/20180624_troll_535-100x75.jpg 100w, https:\/\/www.andreas-edler.de\/blog\/wp-content\/uploads\/2018\/06\/20180624_troll_535-150x113.jpg 150w, https:\/\/www.andreas-edler.de\/blog\/wp-content\/uploads\/2018\/06\/20180624_troll_535-200x150.jpg 200w, https:\/\/www.andreas-edler.de\/blog\/wp-content\/uploads\/2018\/06\/20180624_troll_535-300x225.jpg 300w, https:\/\/www.andreas-edler.de\/blog\/wp-content\/uploads\/2018\/06\/20180624_troll_535-450x338.jpg 450w, https:\/\/www.andreas-edler.de\/blog\/wp-content\/uploads\/2018\/06\/20180624_troll_535-600x450.jpg 600w, https:\/\/www.andreas-edler.de\/blog\/wp-content\/uploads\/2018\/06\/20180624_troll_535-900x675.jpg 900w, https:\/\/www.andreas-edler.de\/blog\/wp-content\/uploads\/2018\/06\/20180624_troll_535.jpg 1280w\" sizes=\"auto, (max-width: 250px) 100vw, 250px\" \/><\/a><figcaption id=\"caption-attachment-163698\" class=\"wp-caption-text\">Innenraum des Troll 535 durch ein Bugfenster<\/figcaption><\/figure> Heute sind wir dann das erste Mal los, um uns so einen Wagen in Natura anzusehen. Ich hatte Palmowski in Bielefeld angemailt, ob die gew\u00fcnschte Modelle vor Ort seien und am Schautag zu besichtigen seien, aber (vielleicht weil Freitagnachmittag und Samstagvormittag niemand Mails liest) keine Antwort bekommen. Sind wir eben so hingefahren.<\/p>\n<p>Tats\u00e4chlich standen einige 535 auf dem Hof und auch einer innen in der Halle zur Ansicht. Das haben wir weidlich genutzt. Wir waren \u00fcber zwei Stunden dort und haben uns den Troll genau angesehen. Ja, er gef\u00e4llt mir und ich k\u00f6nnte damit in den Urlaub. Aber wir m\u00fcssten uns deutlich einschr\u00e4nken.<br \/>\n<figure id=\"attachment_162230\" aria-describedby=\"caption-attachment-162230\" style=\"width: 470px\" class=\"wp-caption aligncenter\"><a href=\"http:\/\/www.andreas-edler.de\/blog\/wp-content\/uploads\/2017\/08\/2017-07-19-12.14.41.jpg\"><img loading=\"lazy\" decoding=\"async\" src=\"http:\/\/www.andreas-edler.de\/blog\/wp-content\/uploads\/2017\/08\/2017-07-19-12.14.41-470x148.jpg\" alt=\"\" width=\"470\" height=\"148\" class=\"size-large wp-image-162230\" srcset=\"https:\/\/www.andreas-edler.de\/blog\/wp-content\/uploads\/2017\/08\/2017-07-19-12.14.41-470x148.jpg 470w, https:\/\/www.andreas-edler.de\/blog\/wp-content\/uploads\/2017\/08\/2017-07-19-12.14.41-250x79.jpg 250w, https:\/\/www.andreas-edler.de\/blog\/wp-content\/uploads\/2017\/08\/2017-07-19-12.14.41-768x241.jpg 768w, https:\/\/www.andreas-edler.de\/blog\/wp-content\/uploads\/2017\/08\/2017-07-19-12.14.41-100x31.jpg 100w, https:\/\/www.andreas-edler.de\/blog\/wp-content\/uploads\/2017\/08\/2017-07-19-12.14.41-150x47.jpg 150w, https:\/\/www.andreas-edler.de\/blog\/wp-content\/uploads\/2017\/08\/2017-07-19-12.14.41-200x63.jpg 200w, https:\/\/www.andreas-edler.de\/blog\/wp-content\/uploads\/2017\/08\/2017-07-19-12.14.41-300x94.jpg 300w, https:\/\/www.andreas-edler.de\/blog\/wp-content\/uploads\/2017\/08\/2017-07-19-12.14.41-450x141.jpg 450w, https:\/\/www.andreas-edler.de\/blog\/wp-content\/uploads\/2017\/08\/2017-07-19-12.14.41-600x188.jpg 600w, https:\/\/www.andreas-edler.de\/blog\/wp-content\/uploads\/2017\/08\/2017-07-19-12.14.41-900x283.jpg 900w, https:\/\/www.andreas-edler.de\/blog\/wp-content\/uploads\/2017\/08\/2017-07-19-12.14.41.jpg 1280w\" sizes=\"auto, (max-width: 470px) 100vw, 470px\" \/><\/a><figcaption id=\"caption-attachment-162230\" class=\"wp-caption-text\">Kroatien 2017<\/figcaption><\/figure><br \/>\nWo ich jetzt aber gerade in unserem 545 sitze und diesen Text schreibe, merke ich dass man 30 Zentimeter mehr breite und 1,20 Meter mehr L\u00e4nge doch deutlich merkt. Sowohl vom Gef\u00fchl als auch von der tats\u00e4chlichen Bewegungsfreiheit her. Der ausgestellte Troll 535 sah echt gut verarbeitet aus, aber er ist halt deutlich kleiner und hat dadurch auch wesentlich weniger Stauraum. Da hat besonders Alex mehr als einmal die Stirn gerunzelt. Und auch wenn ich die Rundsitzgruppe und den Polsterstoff in unserem Wagen nicht mag, besser reinfl\u00e4zen kann man sich. Ist eben alles gr\u00f6\u00dfer und dadurch bequemer. Bin schon wieder ganz unsicher, ob die Unhandlichkeit die Gem\u00fctlichkeit &#8211; wenn er denn erstmal steht &#8211; aufwiegt.<\/p>\n<p>Wir warten Kroatien 2018 erstmal ab, denke ich.<\/p>\n","protected":false},"excerpt":{"rendered":"<p>Wir haben seit 22 Jahren einen Eriba Nova 545 in der Familie. Meine Eltern haben sich den Wagen 1996 gekauft und ich habe ihn kurz vor Papas Tod auf dessen Wunsch noch auf mich umgemeldet. Er wollte das damals alles &hellip;<\/p>\n<p class=\"read-more\"> <a class=\"more-link\" href=\"https:\/\/www.andreas-edler.de\/blog\/2018\/06\/eriba-touring-troll-530-oder-doch-nicht\/\"> <span class=\"screen-reader-text\">Eriba Touring Troll 530 &#8211; oder doch nicht?<\/span> Weiterlesen &raquo;<\/a><\/p>\n","protected":false},"author":1,"featured_media":0,"comment_status":"open","ping_status":"open","sticky":false,"template":"","format":"standard","meta":{"ngg_post_thumbnail":0,"activitypub_content_warning":"","activitypub_content_visibility":"","activitypub_max_image_attachments":2,"activitypub_interaction_policy_quote":"anyone","activitypub_status":"federated","footnotes":""},"categories":[1],"tags":[255,353,51,64,5,102,253],"class_list":["post-163687","post","type-post","status-publish","format-standard","hentry","category-allgemein","tag-eriba-nova","tag-eriba-touring","tag-geld","tag-konsum","tag-unterwegs","tag-urlaub","tag-wohnwagen"],"share_on_mastodon":{"url":"","error":""},"_links":{"self":[{"href":"https:\/\/www.andreas-edler.de\/blog\/wp-json\/wp\/v2\/posts\/163687","targetHints":{"allow":["GET"]}}],"collection":[{"href":"https:\/\/www.andreas-edler.de\/blog\/wp-json\/wp\/v2\/posts"}],"about":[{"href":"https:\/\/www.andreas-edler.de\/blog\/wp-json\/wp\/v2\/types\/post"}],"author":[{"embeddable":true,"href":"https:\/\/www.andreas-edler.de\/blog\/wp-json\/wp\/v2\/users\/1"}],"replies":[{"embeddable":true,"href":"https:\/\/www.andreas-edler.de\/blog\/wp-json\/wp\/v2\/comments?post=163687"}],"version-history":[{"count":0,"href":"https:\/\/www.andreas-edler.de\/blog\/wp-json\/wp\/v2\/posts\/163687\/revisions"}],"wp:attachment":[{"href":"https:\/\/www.andreas-edler.de\/blog\/wp-json\/wp\/v2\/media?parent=163687"}],"wp:term":[{"taxonomy":"category","embeddable":true,"href":"https:\/\/www.andreas-edler.de\/blog\/wp-json\/wp\/v2\/categories?post=163687"},{"taxonomy":"post_tag","embeddable":true,"href":"https:\/\/www.andreas-edler.de\/blog\/wp-json\/wp\/v2\/tags?post=163687"}],"curies":[{"name":"wp","href":"https:\/\/api.w.org\/{rel}","templated":true}]}}